{"id":22974,"date":"2025-03-21T14:55:15","date_gmt":"2025-03-21T17:55:15","guid":{"rendered":"https:\/\/novosaopaulo.com.br\/n1\/?p=22974"},"modified":"2025-03-21T14:55:16","modified_gmt":"2025-03-21T17:55:16","slug":"relogio-e-monumento-dos-expedicionarios-passam-por-revitalizacao-e-serao-entregue-neste-sabado","status":"publish","type":"post","link":"https:\/\/novosaopaulo.com.br\/n1\/relogio-e-monumento-dos-expedicionarios-passam-por-revitalizacao-e-serao-entregue-neste-sabado\/","title":{"rendered":"Rel\u00f3gio e Monumento dos Expedicion\u00e1rios passam por revitaliza\u00e7\u00e3o e ser\u00e3o entregue neste s\u00e1bado"},"content":{"rendered":"\n<p>Equipamento, considerado um dos mais raros do mundo, recebeu nova pintura, acabamento e um moderno maquin\u00e1rio; arquitetura original ser\u00e1 mantida<\/p>\n\n\n\n<p>O hist\u00f3rico rel\u00f3gio da Pra\u00e7a dos Expedicion\u00e1rios, na regi\u00e3o Central de Po\u00e1, recebeu uma minuciosa restaura\u00e7\u00e3o em toda sua estrutura e ser\u00e1 entregue para a popula\u00e7\u00e3o poaense neste s\u00e1bado (22), \u00e0s 9 horas, abrindo as comemora\u00e7\u00f5es do anivers\u00e1rio de 76 anos da cidade. Ap\u00f3s anos sem funcionamento, o projeto de revitaliza\u00e7\u00e3o incluiu pintura, acabamento e a instala\u00e7\u00e3o de um moderno maquin\u00e1rio interno que facilitar\u00e1 o ajuste e a manuten\u00e7\u00e3o. O Monumento do Expedicion\u00e1rio existente no mesmo local tamb\u00e9m foi revitalizado e os 19 pracinhas da cidade que lutaram na Segunda Guerra Mundial ser\u00e3o homenageados.<\/p>\n\n\n\n<p>O rel\u00f3gio ganhou um novo revestimento e um moderno maquin\u00e1rio eletr\u00f4nico com motor de precis\u00e3o e um controlador por microprocessador. Agora, ele poder\u00e1 ser ajustado por meio de aplicativo, sem a necessidade de acessar a casa de m\u00e1quinas, o que vai favorecer na preserva\u00e7\u00e3o do equipamento.<\/p>\n\n\n\n<p>Al\u00e9m do conserto do rel\u00f3gio, toda a estrutura em sua volta recebeu um trabalho de revitaliza\u00e7\u00e3o. A est\u00e1tua do soldado, conhecida como Monumento dos Expedicion\u00e1rios, localizada pr\u00f3ximo \u00e0 Avenida Padre Anchieta, tamb\u00e9m foi restaurada. \u201cO rel\u00f3gio e o soldado da Pra\u00e7a dos Expedicion\u00e1rios s\u00e3o importantes s\u00edmbolos da hist\u00f3ria de Po\u00e1, que precisa ser sempre preservada e valorizada. A restaura\u00e7\u00e3o de ambos \u00e9 um exemplo de uma gest\u00e3o comprometida em honrar o passado e de investir no futuro. Esse \u00e9 mais um presente de anivers\u00e1rio para a nossa cidade, que ter\u00e1 um de seus principais pontos tur\u00edsticos preservado\u201d, disse o prefeito Saulo Souza.<\/p>\n\n\n\n<p>De acordo com secret\u00e1rio de Cultura e Turismo de Po\u00e1, Paulo Roberto Barbosa, o maquin\u00e1rio antigo do rel\u00f3gio ganhar\u00e1 um espa\u00e7o de destaque e ficar\u00e1 exposto no Teatro Municipal. \u201c\u00c9 muito importante restaurar monumentos hist\u00f3ricos, sempre preservando a mem\u00f3ria e a identidade cultural da cidade\u201d, explicou o chefe da pasta.<\/p>\n\n\n\n<p>Hist\u00f3ria do rel\u00f3gio<\/p>\n\n\n\n<p>Um dos principais pontos tur\u00edsticos de Po\u00e1, o Rel\u00f3gio da Pra\u00e7a foi inaugurado em maio de 1958, sendo utilizado para orientar os usu\u00e1rios da Central do Brasil sobre os hor\u00e1rios dos trens para S\u00e3o Paulo e Mogi das Cruzes. Com projeto de Em\u00edlio Carletti, \u00e9 considerado um dos mais raros do mundo por ter um mostrador de tr\u00eas faces e o uso diferenciado do n\u00famero 4 em algarismo romano. No lugar do usual &#8220;IV&#8221;, o equipamento apresenta &#8220;IIII&#8221;.<\/p>\n\n\n\n<p>O mecanismo foi produzido pela \u201cRel\u00f3gios Michelini\u201d, uma empresa familiar da capital paulista que funcionou entre os anos de 1908 e 1969 e era especialista em rel\u00f3gios para torres de igrejas, esta\u00e7\u00f5es de trem, pr\u00e9dios e pra\u00e7as p\u00fablicas. Al\u00e9m de Po\u00e1, a Michelini foi respons\u00e1vel por importantes instala\u00e7\u00f5es na cidade de S\u00e3o Paulo, como a da Esta\u00e7\u00e3o da Luz (1951), o do pr\u00e9dio do antigo Mappin (1933) e o da Rua S\u00e3o Bento com a Avenida S\u00e3o Jo\u00e3o (1935).<\/p>\n\n\n\n<p>Foto: Nivaldo Alves<\/p>\n","protected":false},"excerpt":{"rendered":"<p>Equipamento, considerado um dos mais raros do mundo, recebeu nova pintura, acabamento e um moderno&#8230;<\/p>\n","protected":false},"author":1,"featured_media":22975,"comment_status":"open","ping_status":"open","sticky":false,"template":"","format":"standard","meta":{"footnotes":""},"categories":[8],"tags":[],"featured_image_urls":{"full":["https:\/\/novosaopaulo.com.br\/n1\/wp-content\/uploads\/2025\/03\/WhatsApp-Image-2025-03-21-at-14.10.57.jpeg",895,1599,false],"thumbnail":["https:\/\/novosaopaulo.com.br\/n1\/wp-content\/uploads\/2025\/03\/WhatsApp-Image-2025-03-21-at-14.10.57-150x150.jpeg",150,150,true],"medium":["https:\/\/novosaopaulo.com.br\/n1\/wp-content\/uploads\/2025\/03\/WhatsApp-Image-2025-03-21-at-14.10.57-168x300.jpeg",168,300,true],"medium_large":["https:\/\/novosaopaulo.com.br\/n1\/wp-content\/uploads\/2025\/03\/WhatsApp-Image-2025-03-21-at-14.10.57-768x1372.jpeg",640,1143,true],"large":["https:\/\/novosaopaulo.com.br\/n1\/wp-content\/uploads\/2025\/03\/WhatsApp-Image-2025-03-21-at-14.10.57-573x1024.jpeg",573,1024,true],"1536x1536":["https:\/\/novosaopaulo.com.br\/n1\/wp-content\/uploads\/2025\/03\/WhatsApp-Image-2025-03-21-at-14.10.57-860x1536.jpeg",860,1536,true],"2048x2048":["https:\/\/novosaopaulo.com.br\/n1\/wp-content\/uploads\/2025\/03\/WhatsApp-Image-2025-03-21-at-14.10.57.jpeg",895,1599,false],"newsever-slider-full":["https:\/\/novosaopaulo.com.br\/n1\/wp-content\/uploads\/2025\/03\/WhatsApp-Image-2025-03-21-at-14.10.57-895x845.jpeg",895,845,true],"newsever-featured":["https:\/\/novosaopaulo.com.br\/n1\/wp-content\/uploads\/2025\/03\/WhatsApp-Image-2025-03-21-at-14.10.57.jpeg",895,1599,false],"newsever-medium":["https:\/\/novosaopaulo.com.br\/n1\/wp-content\/uploads\/2025\/03\/WhatsApp-Image-2025-03-21-at-14.10.57-720x475.jpeg",720,475,true]},"author_info":{"display_name":"Reda\u00e7\u00e3o","author_link":"https:\/\/novosaopaulo.com.br\/n1\/author\/g5poa\/"},"category_info":"<a href=\"https:\/\/novosaopaulo.com.br\/n1\/category\/poa\/\" rel=\"category tag\">Po\u00e1<\/a>","tag_info":"Po\u00e1","comment_count":"0","_links":{"self":[{"href":"https:\/\/novosaopaulo.com.br\/n1\/wp-json\/wp\/v2\/posts\/22974"}],"collection":[{"href":"https:\/\/novosaopaulo.com.br\/n1\/wp-json\/wp\/v2\/posts"}],"about":[{"href":"https:\/\/novosaopaulo.com.br\/n1\/wp-json\/wp\/v2\/types\/post"}],"author":[{"embeddable":true,"href":"https:\/\/novosaopaulo.com.br\/n1\/wp-json\/wp\/v2\/users\/1"}],"replies":[{"embeddable":true,"href":"https:\/\/novosaopaulo.com.br\/n1\/wp-json\/wp\/v2\/comments?post=22974"}],"version-history":[{"count":1,"href":"https:\/\/novosaopaulo.com.br\/n1\/wp-json\/wp\/v2\/posts\/22974\/revisions"}],"predecessor-version":[{"id":22976,"href":"https:\/\/novosaopaulo.com.br\/n1\/wp-json\/wp\/v2\/posts\/22974\/revisions\/22976"}],"wp:featuredmedia":[{"embeddable":true,"href":"https:\/\/novosaopaulo.com.br\/n1\/wp-json\/wp\/v2\/media\/22975"}],"wp:attachment":[{"href":"https:\/\/novosaopaulo.com.br\/n1\/wp-json\/wp\/v2\/media?parent=22974"}],"wp:term":[{"taxonomy":"category","embeddable":true,"href":"https:\/\/novosaopaulo.com.br\/n1\/wp-json\/wp\/v2\/categories?post=22974"},{"taxonomy":"post_tag","embeddable":true,"href":"https:\/\/novosaopaulo.com.br\/n1\/wp-json\/wp\/v2\/tags?post=22974"}],"curies":[{"name":"wp","href":"https:\/\/api.w.org\/{rel}","templated":true}]}}