{"id":22966,"date":"2025-03-20T20:37:06","date_gmt":"2025-03-20T23:37:06","guid":{"rendered":"https:\/\/novosaopaulo.com.br\/n1\/?p=22966"},"modified":"2025-03-20T20:37:06","modified_gmt":"2025-03-20T23:37:06","slug":"tem-ocorrido-a-infeliz-bidenizacao-do-meu-querido-lula","status":"publish","type":"post","link":"https:\/\/novosaopaulo.com.br\/n1\/tem-ocorrido-a-infeliz-bidenizacao-do-meu-querido-lula\/","title":{"rendered":"Tem ocorrido a infeliz BIDENiza\u00e7\u00e3o do Meu Querido LULA"},"content":{"rendered":"\n<p>Ser\u00e1 Gilberto Kassab GOMM \u2022 GOMA o futuro Ministro da Casa Civil em 2027 independentemente do Pr\u00f3ximo Presidente do Brasil?<\/p>\n\n\n\n<p>Po\u00e1, 27 de janeiro de 2025 por RODRIGO BARBOSA VER\u00cdSSIMO<\/p>\n\n\n\n<pre class=\"wp-block-code\"><code>O torpe &amp; desprez\u00edvel \u2018Messias\u2019 Brasileiro, Jair Bolsonaro, costuma dizer que o que ocorre nos EUA, tamb\u00e9m acontece no Brasil.\n\nDiante disso, pode-se afirmar o mesmo com o t\u00edtulo deste artigo.\n\nN\u00e3o foi por falta de aviso, pois em 14\/dez\/2021, postei \u00e0 \u00e9poca que eu tinha blog dentro do Google que a TERCEIRA VIA DEVE GANHAR A ELEI\u00c7\u00c3O... EM 2026!\n\nAlguns trechos: \n\nJair Bolsonaro \u00e9 carta fora do baralho. Estar\u00e1 fora do Poder em 2023.\nLula, se eleito, tentar\u00e1 fazer mais do mesmo que fizera entre 2003-2010, s\u00f3 que o Brasil e o Mundo s\u00e3o outros.\n\nTomo como base esta afirma\u00e7\u00e3o sobre Lula o que Joe Biden tem feito nos EUA. Biden tem um governo err\u00e1tico na Casa Branca, o que para mim \u00e9 triste, pois olha no retrovisor uma America que n\u00e3o existe mais ao projet\u00e1-la no futuro.\n\nTemo que o Lula no Planalto caia no mesmo erro sobre o Brasil.\n\nN\u00e3o basta irrigar de dinheiro a economia. Dilma fez o mesmo.\n\nBiden est\u00e1 caindo no mesmo erro e at\u00e9 nos EUA a infla\u00e7\u00e3o assusta, menos do que aqui, entretanto o rem\u00e9dio norte-americano pode fragilizar mais o Brasil para diminuir a infla\u00e7\u00e3o no lado de l\u00e1 da Am\u00e9rica, que \u00e9 subir os juros, a \u2018Selic Yankee\u2019 e o Banco Central dos EUA recomprar os t\u00edtulos da galopante d\u00edvida dos EUA, o que trar\u00e1 mais d\u00f3lares para aquele Pa\u00eds em detrimento do resto do mundo.\n\nComo o Brasil est\u00e1 com o d\u00f3lar nas alturas, se os EUA fizerem isto, o d\u00f3lar aqui ficar\u00e1 mais estratosf\u00e9rico e a infla\u00e7\u00e3o brasileira ganhar\u00e1 mais combust\u00edvel.\n\nE isto, aqui, \u00e9 culpa apenas do Bolsonaro-Guedes.\n\nAssim, uma das caracter\u00edsticas trazidas pela extrema-direita a pol\u00edtica mundial, que \u00e9 o saudosismo, trabalhar\u00e1 a favor do Lula em 2022.\n\n(...)\n\nDesta feita, s\u00f3 resta a 3\u00aa Via esperar 2026. N\u00e3o \u00e9 de todo ruim permitirem Lula no Planalto em 2023. \n\nMesmo que Lula esteja forte em 2026, ficar\u00e1 mais f\u00e1cil a 3\u00aa Via mostrar ao eleitorado os erros, que sempre tem, dos governistas em outubro de 2026.\n\nErros que a pr\u00f3pria conjuntura brasileira e mundial atual, em grande desalinho fruto da COVID-19, v\u00e3o mostrando. A saber:\n\n1 \u2013 A alta infla\u00e7\u00e3o em n\u00edvel mundial deve permanecer por um longo tempo;\n\n2 \u2013 No Brasil, a produtividade \u00e9 baixa, o que impede subir na canetada sal\u00e1rio, principalmente com a estratosf\u00e9rica d\u00edvida interna Brasileira;\n\n3 \u2013 A Selic deve permanecer alta p\u00f3s 2022;\n\n4 \u2013 A desindustrializa\u00e7\u00e3o brasileira segue alta, infelizmente;\n\n5 \u2013 A fuga de c\u00e9rebros brasileiros rumo a estrangeiro, segue cada vez mais alta;\n\nQuando escrevi que n\u00e3o basta irrigar dinheiro na economia tamb\u00e9m \u00e9 pelo fato de muita gente ter revisto atualmente seus gastos perante a vida como um todo.\n\nNos EUA, muitos pedem demiss\u00e3o de seus empregos e com a digitaliza\u00e7\u00e3o de tudo, vivem com menos dinheiro, o que faz ter menos dinheiro circulando na economia com a qual conhecermos. Da\u00ed Biden olhar no retrovisor e Lula pode cair no mesmo erro.\n\n(...)<\/code><\/pre>\n\n\n\n<p>Caso Lula ven\u00e7a o ano que vem, mesmo com Alckmin de Vice, vai querer fazer um Governo \u00e0 esquerda, bem oposto ao desastre Jair Bolsonaro. O problema \u00e9 o tamanho deste oposto tentando reviver um passado de pelo menos dez anos atr\u00e1s.<\/p>\n\n\n\n<p>Muitos que votam Lula agora querem isto para ontem, o que ser\u00e1 imposs\u00edvel a m\u00e9dio prazo, at\u00e9 pela conjuntura internacional. At\u00e9 a China, tabua de salva\u00e7\u00e3o econ\u00f4mica do Lula, n\u00e3o \u00e9 mais a mesma.<\/p>\n\n\n\n<p>O saudoso Mario Covas, um dos fundadores do PSDB j\u00e1 dizia em 1989 que o Brasil precisava de um Choque de Capitalismo.<\/p>\n\n\n\n<p>Para mim, \u00e9 gritante esta urg\u00eancia!<\/p>\n\n\n\n<p>E se Lula fizer isto, desagradar\u00e1 muitos que votar\u00e3o Nele o ano que vem e pensar\u00e3o: Era melhor ter votado no Jo\u00e3o Doria\u2026<\/p>\n\n\n\n<p>Que o Lula ou\u00e7a bastante o Alckmin no Poder e que Lula use o poder de persuas\u00e3o para convencer na campanha em 2022 que o rem\u00e9dio \u00e9 amargu\u00edssimo e que a bonan\u00e7a petista de outrora s\u00f3 em 2027\u2026<\/p>\n\n\n\n<pre class=\"wp-block-code\"><code>A integra deste artigo meu de 2021 est\u00e1 em https:\/\/www.linkedin.com\/pulse\/terceira-via-deve-ganhar-elei%C3%A7%C3%A3o-em-2026-rodrigo-barbosa-ver%C3%ADssimo-5jevf\/?trackingId=6eC1BpF1IMGeMVjSUxyEVw%3D%3D\n\nPosto tudo isso, parece que estamos vivendo um deja-vu deste lado do Atl\u00e2ntico com muito \u2018Pau\u2019Bra$il no No$$o Bol$o e Lombo...!\n\nLula se \u2018sincericida\u2019 ao dizer a todos que o Povo Brasileiro hoje \u00e9 totalmente diferente dos que havia nos anos 1980; assim como que a galopante infla\u00e7\u00e3o atual \u00e9 culpa da alta demanda e baixa oferta.\n\nLula est\u00e1 corret\u00edssimo no paragrafo anterior, MAS, quem \u00e9 o Presidente do Brasi agora? (...)\n\nSe Ele fala, mas n\u00e3o faz medidas concretas para elucidar estes problemas, Lula tem sido mortalmente \u2018sincericida\u2019 e sair pela \u2018porta-dos-fundos\u2019 na Hist\u00f3ria do Brasil como dizem na America, Presidente Pato-Manco, que \u2013 dentre outras coisas \u2013 s\u00f3 est\u00e1 de enfeite no Planalto. &#91;Eu, RBV, estou chorando de esguicho (parafraseando o Genio da Ra\u00e7a Humana Nelson Rodrigues) ao escrever este paragrafo aqui... Bua! Bua! Bua!\n\nMais uma vez, Lula &amp; Cia. \u2013 como Lula \u00e9 P... Mal Assessorado, perd\u00e3o ao escrever P..., mas esta \u00e9 a melhor defini\u00e7\u00e3o \u2013 s\u00e3o pegos com o C* na m\u00e3o com os dedos enlameados de M... reinante no 3\u00ba Andar do Planalto \u2013 pe\u00e7o perd\u00e3o novamente ao escrever C* e M*, por\u00e9m e$t\u00e1 \u00e9 a(o) REAL \u2013 Lula apenas governa na base do improviso, e malfeito. <\/code><\/pre>\n\n\n\n<p>Exemplos das atuais semanas deste desgoverno: a pol\u00eamica do PIX; lista pela metade dos aprovados no Sisu; contorcionismo mental para abaixar a infla\u00e7\u00e3o\u2026 [Eu, RBV, estou chorando agora com nariz de palha\u00e7o, enraivecido)<\/p>\n\n\n\n<pre class=\"wp-block-code\"><code>Estou \u00e0 vontade para vociferar frente ao Lula Presidente porque votei 7 vezes Nele: 1998, 2002 (2), 2006 (2) e 2022 (2) e s\u00f3 n\u00e3o votei tamb\u00e9m em 1994 por que completei 16 anos seis semanas depois da elei\u00e7\u00e3o em 1994.\n\nE desde 2021 Lula afirmava que ouviria Todos e Que N\u00e3o Sabe de Tudo, assim como que N\u00e3o Concorreria em 2026 a Reelei\u00e7\u00e3o.\n\nPois bem, Lula tem tido amnesia do par\u00e1grafo anterior...\n\nE cada dia mais O BRASIL EST\u00c1 ENDIREITANDO RUMO A CENTRALIZA\u00c7\u00c3O <\/code><\/pre>\n\n\n\n<p>Comprovadamente o Brasil est\u00e1 endireitando, que desembocar\u00e1 em uma centraliza\u00e7\u00e3o de tudo que h\u00e1 neste Pa\u00eds.<\/p>\n\n\n\n<pre class=\"wp-block-code\"><code>Se isso ser\u00e1 bom ou ruim para todos os Brasileiros, s\u00f3 o tempo dir\u00e1.\n\n(...)\n\nO Bolsonarismo mostra-se forte e resiliente. O Lulismo \u2013 por outro lado \u2013 claudicante e sem argumentos criveis frente a esta for\u00e7a opositora.\n\nAgora, qual Bolsonarismo pode retornar a 2026 ao Poder Executivo Federal \u00e9 a grande quest\u00e3o.\n\n(...)\n\nJ\u00e1 o Legislativo, que hoje \u00e9 Bolsonarista gra\u00e7as ao Centr\u00e3o e no futuro poss\u00edvel governo, ser\u00e1 mais do que nunca fisiol\u00f3gico (...)\n\nA Sociedade Brasileira como um todo est\u00e1 mais individualista e privatista que nos dois mandatos de Lula entre 2003-2010 e \u00e9 isto que d\u00e1 g\u00e1s ao Bolsonarismo.\n\nO conservadorismo do Brasileiro a n\u00e3o liberaliza\u00e7\u00e3o da maconha e da legaliza\u00e7\u00e3o do aborto, al\u00e9m de opor a m\u00e3o do Estado a regulamentar humanamente o insano empreendedorismo s\u00e3o caracter\u00edsticas em deixar tudo como est\u00e1.\n\nLula em 2026 vai ter que fazer um contorcionismo verbal para se eleger e afirmar \u2013 mesmo a contra vontade \u2013 que aceita este conservadorismo para se reeleger. O problema \u00e9 combinar com o PT &amp; PSOL...\n\nA Sociedade Individualista requer solu\u00e7\u00f5es individuais e estes entusiastas detestam o Estado nas Suas Vidas. Falta combinar com o atual Governo Federal...\n\nEscrevi em 28\/03\/24 tudo isto acima em https:\/\/www.linkedin.com\/pulse\/o-brasil-est%25C3%25A1-endireitando-rumo-centraliza%25C3%25A7%25C3%25A3o-barbosa-ver%25C3%25ADssimo-uw82f\/?trackingId=pZLQH6UhRbuTS2EnORrTHA%3D%3D\n\nSe pegarmos o resultado das Elei\u00e7\u00f5es 2024...!\n\nO lado bom de tudo isso que tem ocorrido no Brasil nos atuais dias \u00e9 que em 2027, independentemente de quem ser\u00e1 o Presidente do Brasil \u2013 o CAVALO-DE-PAU ser\u00e1 dado na Vida Brasileira Socioecon\u00f4mica-Pol\u00edtica em toda Governan\u00e7a Brasileira!\n\nTalvez (ou n\u00e3o) Lula tenha tomado as atuais atitudes Governamentais (in)conscientemente, se tomarmos como base o enredo da S\u00e9rie dos EUA \u2018O S\u00edmbolo Perdido\u2019, que assisti no streaming &amp; tenho o livro desde 2009;<\/code><\/pre>\n\n\n\n<p><a href=\"https:\/\/www.google.com\/search?q=o+s\u00edmbolo+perdido+serie&amp;client=opera&amp;hs=Hqy&amp;sca_esv=df5819148ea4d6a1&amp;ei=OCWYZ9eEF-SG1sQPqOiYqAQ&amp;gs_ssp=eJzj4tVP1zc0zDZLsyxKKys2YPSSyFcoPrw2Nyk_J1-hILUoJTMFKJBalJkKAB9oDp0&amp;oq=O+S\u00edmbolo+Perdido+serie&amp;gs_lp=Egxnd3Mtd2l6LXNlcnAiGE8gU8OtbWJvbG8gUGVyZGlkbyBzZXJpZSoCCAAyBRAuGIAEMgUQABiABDIGEAAYFhgeMgYQABgWGB4yBhAAGBYYHjIGEAAYFhgeMgYQABgWGB4yBhAAGBYYHjIGEAAYFhgeMgYQABgWGB4yFBAuGIAEGJcFGNwEGN4EGOAE2AEBSIseUHBYoQxwAXgBkAEAmAGpAaABwAaqAQMwLja4AQHIAQD4AQGYAgigAqwYwgIKEAAYsAMY1gQYR8ICDRAAGIAEGLADGEMYigXCAg4QABiwAxjkAhjWBNgBAcICEBAuGLADGNYEGEcYyAPYAQHCAhMQLhiABBiwAxhDGMgDGIoF2AEBwgIWEC4YgAQYsAMYQxjUAhjIAxiKBdgBAcICCBAuGIAEGNQCwgIKEAAYgAQYQxiKBcICFxAuGIAEGNQCGJcFGNwEGN4EGOAE2AEBwgIFEAAY7wWYAwCIBgGQBhO6BgYIARABGAmSBwcxLjYuNy0xoAfTQg&amp;sclient=gws-wiz-serp\">https:\/\/www.google.com\/search?q=o+s\u00edmbolo+perdido+serie&amp;client=opera&amp;hs=Hqy&amp;sca_esv=df5819148ea4d6a1&amp;ei=OCWYZ9eEF-SG1sQPqOiYqAQ&amp;gs_ssp=eJzj4tVP1zc0zDZLsyxKKys2YPSSyFcoPrw2Nyk_J1-hILUoJTMFKJBalJkKAB9oDp0&amp;oq=O+S\u00edmbolo+Perdido+serie&amp;gs_lp=Egxnd3Mtd2l6LXNlcnAiGE8gU8OtbWJvbG8gUGVyZGlkbyBzZXJpZSoCCAAyBRAuGIAEMgUQABiABDIGEAAYFhgeMgYQABgWGB4yBhAAGBYYHjIGEAAYFhgeMgYQABgWGB4yBhAAGBYYHjIGEAAYFhgeMgYQABgWGB4yFBAuGIAEGJcFGNwEGN4EGOAE2AEBSIseUHBYoQxwAXgBkAEAmAGpAaABwAaqAQMwLja4AQHIAQD4AQGYAgigAqwYwgIKEAAYsAMY1gQYR8ICDRAAGIAEGLADGEMYigXCAg4QABiwAxjkAhjWBNgBAcICEBAuGLADGNYEGEcYyAPYAQHCAhMQLhiABBiwAxhDGMgDGIoF2AEBwgIWEC4YgAQYsAMYQxjUAhjIAxiKBdgBAcICCBAuGIAEGNQCwgIKEAAYgAQYQxiKBcICFxAuGIAEGNQCGJcFGNwEGN4EGOAE2AEBwgIFEAAY7wWYAwCIBgGQBhO6BgYIARABGAmSBwcxLjYuNy0xoAfTQg&amp;sclient=gws-wiz-serp<\/a><\/p>\n\n\n\n<p>pode ser que o atual morador do Alvorada em Bras\u00edlia possa estar Ma\u00e7\u2234 atrav\u00e9s do G\u2234A\u2234D\u2234U\u2234, literalmente, a errar no comando do Pa\u00eds para que em 2027 entramos nos eixos do verdadeiro desenvolvimento em n\u00edvel Mundial\u2026!<\/p>\n\n\n\n<pre class=\"wp-block-code\"><code>Independentemente do pr\u00f3ximo morador do Alvorada, prevejo que o Centr\u00e3o exigir\u00e1 o Minist\u00e9rio do Casa Civil em 2027.\n\nE o mais h\u00e1bil Pol\u00edtico a tanto \u2013 para mim \u2013 \u00e9 Gilberto Kassab, Pai do PSD, Partido da Social-Democracia.\n\n\u00c9 um Social-Democracia bem \u00e0 Brasileira, que nas palavras de Kassab, O PSD Dele N\u00e3o \u00e9 Nem de Direita, nem de Esquerda e nem de Centro.\n\n\u00c9 isso  que o Brasil precisa de verdade, o Pa\u00eds acima das ideologias.\n\nPrecisamos de pragmatismo e efici\u00eancia Governamental!\n\nQue o Povo BRASILEIRO sinta NOS SEUS OSSOS &amp; CARNE MELHORA!\n\nIR AL\u00c9M DO POSS\u00cdVEL, TRAZER O VIRTUAL PARA A REALIDADE A OLHO-NU E VISIVEL A TODOS!\n\nPara que a Casa Brasileira seja Civilizada, fiel as Leis, n\u00e3o s\u00f3 as Terrenas!<\/code><\/pre>\n","protected":false},"excerpt":{"rendered":"<p>Ser\u00e1 Gilberto Kassab GOMM \u2022 GOMA o futuro Ministro da Casa Civil em 2027 independentemente&#8230;<\/p>\n","protected":false},"author":1,"featured_media":0,"comment_status":"open","ping_status":"open","sticky":false,"template":"","format":"standard","meta":{"footnotes":""},"categories":[9],"tags":[],"featured_image_urls":{"full":"","thumbnail":"","medium":"","medium_large":"","large":"","1536x1536":"","2048x2048":"","newsever-slider-full":"","newsever-featured":"","newsever-medium":""},"author_info":{"display_name":"Reda\u00e7\u00e3o","author_link":"https:\/\/novosaopaulo.com.br\/n1\/author\/g5poa\/"},"category_info":"<a href=\"https:\/\/novosaopaulo.com.br\/n1\/category\/geral\/\" rel=\"category tag\">Geral<\/a>","tag_info":"Geral","comment_count":"0","_links":{"self":[{"href":"https:\/\/novosaopaulo.com.br\/n1\/wp-json\/wp\/v2\/posts\/22966"}],"collection":[{"href":"https:\/\/novosaopaulo.com.br\/n1\/wp-json\/wp\/v2\/posts"}],"about":[{"href":"https:\/\/novosaopaulo.com.br\/n1\/wp-json\/wp\/v2\/types\/post"}],"author":[{"embeddable":true,"href":"https:\/\/novosaopaulo.com.br\/n1\/wp-json\/wp\/v2\/users\/1"}],"replies":[{"embeddable":true,"href":"https:\/\/novosaopaulo.com.br\/n1\/wp-json\/wp\/v2\/comments?post=22966"}],"version-history":[{"count":1,"href":"https:\/\/novosaopaulo.com.br\/n1\/wp-json\/wp\/v2\/posts\/22966\/revisions"}],"predecessor-version":[{"id":22968,"href":"https:\/\/novosaopaulo.com.br\/n1\/wp-json\/wp\/v2\/posts\/22966\/revisions\/22968"}],"wp:attachment":[{"href":"https:\/\/novosaopaulo.com.br\/n1\/wp-json\/wp\/v2\/media?parent=22966"}],"wp:term":[{"taxonomy":"category","embeddable":true,"href":"https:\/\/novosaopaulo.com.br\/n1\/wp-json\/wp\/v2\/categories?post=22966"},{"taxonomy":"post_tag","embeddable":true,"href":"https:\/\/novosaopaulo.com.br\/n1\/wp-json\/wp\/v2\/tags?post=22966"}],"curies":[{"name":"wp","href":"https:\/\/api.w.org\/{rel}","templated":true}]}}