{"id":22940,"date":"2025-03-19T17:58:34","date_gmt":"2025-03-19T20:58:34","guid":{"rendered":"https:\/\/novosaopaulo.com.br\/n1\/?p=22940"},"modified":"2025-03-19T17:58:35","modified_gmt":"2025-03-19T20:58:35","slug":"a-democracia-fatiada-na-cabeca-de-cada-um","status":"publish","type":"post","link":"https:\/\/novosaopaulo.com.br\/n1\/a-democracia-fatiada-na-cabeca-de-cada-um\/","title":{"rendered":"A democracia fatiada na cabe\u00e7a de cada um"},"content":{"rendered":"\n<p>Desde que me reconhe\u00e7o gente, ouvia desde o lend\u00e1rio governador paulista Dr Adhemar Pereira de Barros, discursos pela paz e democracia como pressuposto do desenvolvimento do Pa\u00eds e bem-estar do povo. Todos pol\u00edticos e lideran\u00e7as do mundo inteiro citam essas qualidades como garantia de uma vida melhor. Independente de serem de esquerda, direita, centro ou qualquer outra tend\u00eancia ideol\u00f3gica, todos se autodenominam democratas at\u00e9 a medula, pouco importando o que defendem como caminho para o bem da Na\u00e7\u00e3o. Tanto os partid\u00e1rios da esquerda guerrilheira quanto os empedernidos conservadores de carteirinha s\u00e3o un\u00e2nimes na autoidentifica\u00e7\u00e3o como de democratas, mesmo tendo claro e cristalino que pretendem resultados diametralmente opostos para a P\u00e1tria. Os que integraram a luta armada e os que os combateram d\u00e9cadas atr\u00e1s diziam fazer tudo em nome da manuten\u00e7\u00e3o e garantia da Democracia.<br>Restabelecida finalmente a liberdade que todos pens\u00e1vamos sonhar, desaguamos no mais longo per\u00edodo democr\u00e1tico da vida republicana brasileira. S\u00e3o 40 anos de governos restitu\u00eddos \u00e0 classe pol\u00edtica (ap\u00f3s 21 dos governos militares, que tamb\u00e9m usavam o r\u00f3tulo democr\u00e1tico) e a chegada a um ponto de exaust\u00e3o que, a cada dia, torna-se mais evidente.<br>A paz e a democracia que, desde a inf\u00e2ncia, v\u00ed os pol\u00edticos pregarem, s\u00e3o cada dia mais rarefeitas. Todos s\u00e3o \u201cdemocratas\u201d, mas duelam iguais c\u00e3o e gato ou bravios animais silvestres antag\u00f4nicos que, certamente, n\u00e3o buscam a mesma coisa ou objetivo.<br>Sem mensagem para continuar no poder, os militares de 1964 o devolveram \u00e0 classe pol\u00edtica. Come\u00e7aram em 1979, colocando em vigor a anistia, que perdoou os milhares de inimigos do reg\u00edmen e os recolocou em condi\u00e7\u00e3o de voltar a atuar. Os anos foram passando, criou-se mais de tr\u00eas dezenas de partidos pol\u00edticos (outros 70 n\u00e3o conseguiram for\u00e7as nem para obter o registro e, a partir da\u00ed, o fatiamento da democracia e do aug\u00fario por um Pa\u00eds melhor nos conduziu ao deplor\u00e1vel estado de polariza\u00e7\u00e3o pol\u00edtica em que n\u00f3s encontramos. As lideran\u00e7as politico-ideol\u00f3gicas vivem uma guerra e a popula\u00e7\u00e3o n\u00e3o sabe o que pensar sobre o quadro geral. A pol\u00edtica caiu na judicializa\u00e7\u00e3o provocada pelos pr\u00f3prios pol\u00edticos, os Poderes da Uni\u00e3o divergem e invadem territ\u00f3rio alheio, um quadro que se agrava cada dia, m\u00eas ou ano que passa.<\/p>\n\n\n\n<p>Depois de um per\u00edodo de desencontros, onde mais de uma centena de seus parlamentares estiveram enredados em investiga\u00e7\u00f5es, processos judiciais e alguns chegaram at\u00e9 a ser encarcerados, o Congresso Nacional volta ao vigor. O processo eleitoral que resultou na elei\u00e7\u00e3o dos presidentes Davi Alcolumbre (Senado) e Hugo Motta (C\u00e2mara dos Deputados) levou ambas as casas a reassumir seu poder pol\u00edtico. Tanto \u00e9 que est\u00e3o em tramita\u00e7\u00e3o o projeto de lei que refor\u00e7a as imunidades dos parlamentares e cria mais rigor no trato com o Supremo Tribunal Federal e o que estabelece a anistia para os implicados nos acontecimentos de 8 de janeiro de 2023, hoje denunciados como tentadores de promover o golpe de Estado que n\u00e3o aconteceu e hoje \u00e9 atribu\u00eddo aos ex-presidente Jair Bolsonaro. Espera-se que esses projetos tenham a melhor solu\u00e7\u00e3o e que as novas mesas diretoras tamb\u00e9m assumam nova postura em rela\u00e7\u00e3o aos pedidos de impeachment do presidente da Rep\u00fablica, ministros dos STF e outros tribunais superiores e ao titular da PGR (Procuradoria Geral da Rep\u00fablica). Sucessivos presidentes das casas legislativas, em vez de colocar em discuss\u00e3o e vota\u00e7\u00e3o o pedidos de afastamento das autoridades, resolveram engavet\u00e1-los, em descumprimento da \u201cLei do Impeachment\u201d, que manda remeter os pedidos ao plen\u00e1rio na sess\u00e3o seguinte \u00e0 sua entrada no protocolo. Feito isso, o Poder Legislativo certamente voltar\u00e1 a gozar de prest\u00edgio e for\u00e7a pol\u00edtica e \u2013 o principal \u2013 ser\u00e1 maior capacidade para exercer seus poderes e proteger seus membros.<br>Ser\u00e1 muito importante ao Pa\u00eds se cada um dos Tr\u00eas Poderes permanecer dentro de suas prerrogativas e jamais invadir as atribui\u00e7\u00f5es dos outros dois<\/p>\n\n\n\n<p>Tenente Dirceu Cardoso Gon\u00e7alves &#8211; dirigente da ASPOMIL (Associa\u00e7\u00e3o de Assist. Social dos Policiais Militares de S\u00e3o Paulo).<\/p>\n","protected":false},"excerpt":{"rendered":"<p>Desde que me reconhe\u00e7o gente, ouvia desde o lend\u00e1rio governador paulista Dr Adhemar Pereira de&#8230;<\/p>\n","protected":false},"author":1,"featured_media":16147,"comment_status":"open","ping_status":"open","sticky":false,"template":"","format":"standard","meta":{"footnotes":""},"categories":[9],"tags":[],"featured_image_urls":{"full":["https:\/\/novosaopaulo.com.br\/n1\/wp-content\/uploads\/2023\/12\/dirceu.jpg",225,225,false],"thumbnail":["https:\/\/novosaopaulo.com.br\/n1\/wp-content\/uploads\/2023\/12\/dirceu-150x150.jpg",150,150,true],"medium":["https:\/\/novosaopaulo.com.br\/n1\/wp-content\/uploads\/2023\/12\/dirceu.jpg",225,225,false],"medium_large":["https:\/\/novosaopaulo.com.br\/n1\/wp-content\/uploads\/2023\/12\/dirceu.jpg",225,225,false],"large":["https:\/\/novosaopaulo.com.br\/n1\/wp-content\/uploads\/2023\/12\/dirceu.jpg",225,225,false],"1536x1536":["https:\/\/novosaopaulo.com.br\/n1\/wp-content\/uploads\/2023\/12\/dirceu.jpg",225,225,false],"2048x2048":["https:\/\/novosaopaulo.com.br\/n1\/wp-content\/uploads\/2023\/12\/dirceu.jpg",225,225,false],"newsever-slider-full":["https:\/\/novosaopaulo.com.br\/n1\/wp-content\/uploads\/2023\/12\/dirceu.jpg",225,225,false],"newsever-featured":["https:\/\/novosaopaulo.com.br\/n1\/wp-content\/uploads\/2023\/12\/dirceu.jpg",225,225,false],"newsever-medium":["https:\/\/novosaopaulo.com.br\/n1\/wp-content\/uploads\/2023\/12\/dirceu.jpg",225,225,false]},"author_info":{"display_name":"Reda\u00e7\u00e3o","author_link":"https:\/\/novosaopaulo.com.br\/n1\/author\/g5poa\/"},"category_info":"<a href=\"https:\/\/novosaopaulo.com.br\/n1\/category\/geral\/\" rel=\"category tag\">Geral<\/a>","tag_info":"Geral","comment_count":"0","_links":{"self":[{"href":"https:\/\/novosaopaulo.com.br\/n1\/wp-json\/wp\/v2\/posts\/22940"}],"collection":[{"href":"https:\/\/novosaopaulo.com.br\/n1\/wp-json\/wp\/v2\/posts"}],"about":[{"href":"https:\/\/novosaopaulo.com.br\/n1\/wp-json\/wp\/v2\/types\/post"}],"author":[{"embeddable":true,"href":"https:\/\/novosaopaulo.com.br\/n1\/wp-json\/wp\/v2\/users\/1"}],"replies":[{"embeddable":true,"href":"https:\/\/novosaopaulo.com.br\/n1\/wp-json\/wp\/v2\/comments?post=22940"}],"version-history":[{"count":1,"href":"https:\/\/novosaopaulo.com.br\/n1\/wp-json\/wp\/v2\/posts\/22940\/revisions"}],"predecessor-version":[{"id":22941,"href":"https:\/\/novosaopaulo.com.br\/n1\/wp-json\/wp\/v2\/posts\/22940\/revisions\/22941"}],"wp:featuredmedia":[{"embeddable":true,"href":"https:\/\/novosaopaulo.com.br\/n1\/wp-json\/wp\/v2\/media\/16147"}],"wp:attachment":[{"href":"https:\/\/novosaopaulo.com.br\/n1\/wp-json\/wp\/v2\/media?parent=22940"}],"wp:term":[{"taxonomy":"category","embeddable":true,"href":"https:\/\/novosaopaulo.com.br\/n1\/wp-json\/wp\/v2\/categories?post=22940"},{"taxonomy":"post_tag","embeddable":true,"href":"https:\/\/novosaopaulo.com.br\/n1\/wp-json\/wp\/v2\/tags?post=22940"}],"curies":[{"name":"wp","href":"https:\/\/api.w.org\/{rel}","templated":true}]}}