{"id":22935,"date":"2025-03-19T11:12:10","date_gmt":"2025-03-19T14:12:10","guid":{"rendered":"https:\/\/novosaopaulo.com.br\/n1\/?p=22935"},"modified":"2025-03-19T11:12:10","modified_gmt":"2025-03-19T14:12:10","slug":"fabrica-de-chefs-2025-uma-experiencia-sensorial-que-voce-nao-pode-perder","status":"publish","type":"post","link":"https:\/\/novosaopaulo.com.br\/n1\/fabrica-de-chefs-2025-uma-experiencia-sensorial-que-voce-nao-pode-perder\/","title":{"rendered":"F\u00e1brica de Chefs 2025: Uma Experi\u00eancia Sensorial que Voc\u00ea N\u00e3o Pode Perder!"},"content":{"rendered":"\n<p>O mundo da gastronomia est\u00e1 prestes a viver um momento inesquec\u00edvel em Vit\u00f3ria, Esp\u00edrito Santo<\/p>\n\n\n\n<p>Vit\u00f3ria ser\u00e1 o palco da 3\u00baEdi\u00e7\u00e3o do \u201cF\u00e1brica de Chefs 2025\u201d, o evento que promete revolucionar o cen\u00e1rio culin\u00e1rio nacional. Marcado para o dia 28 de&nbsp;abril, no requintado Espa\u00e7o Patrick Ribeiro, este encontro promete encantar os&nbsp;sentidos e despertar a paix\u00e3o pela gastronomia em todos os presentes.<\/p>\n\n\n\n<p>Este ano, o \u201cF\u00e1brica de Chefs 2025\u201d re\u00fane um time de peso da Gastronomia, prontos para surpreender e inspirar. Al\u00e9m do grande Mestre da Cozinha&nbsp;respons\u00e1vel pelo evento, o Chef Hugo Grassi, capixaba e conhecido&nbsp;internacionalmente por ter participado da 2\u00ba temporada do \u201cHell\u2019s Kitchen\u201d; e&nbsp;tamb\u00e9m do \u201cF\u00e1brica de Casamentos\u201d onde ficou respons\u00e1vel pelos menus de&nbsp;diversos casamentos ao longo da temporada, em parceria com o empres\u00e1rio e&nbsp;mega produtor de eventos e s\u00f3cio coprodutor do \u201cF\u00e1brica de Chefs 2025\u201d&nbsp;&nbsp;Charles Souza, que traz um olhar estrat\u00e9gico e dedica\u00e7\u00e3o incans\u00e1vel, \u00e9 o&nbsp;respons\u00e1vel por transformar o \u201cF\u00e1brica de Chefs\u201d em um dos eventos mais&nbsp;esperados do ano.<\/p>\n\n\n\n<p>Estre os Chefs convidados est\u00e3o:<\/p>\n\n\n\n<p>Henrique Foga\u00e7a: Chef internacionalmente conhecido, jurado do MasterChef<\/p>\n\n\n\n<p>Brasil e propriet\u00e1rio de restaurantes ic\u00f4nicos como o Sal Gastronomia, Foga\u00e7a<\/p>\n\n\n\n<p>\u00e9 a personifica\u00e7\u00e3o da criatividade e ousadia na cozinha<\/p>\n\n\n\n<p>Dario Costa: O mestre dos Pescados; com uma carreira s\u00f3lida e reconhecida, D\u00e1rio ganhou notoriedade como vencedor do reality Mestre do Sabor.<\/p>\n\n\n\n<p>Geovane Carneiro: Reconhecido por seu talento e longa parceria com Alex Atala, Geovane trabalha h\u00e1 25 anos no renomado restaurante D.O.M., que ostenta duas estrelas Michelin.<\/p>\n\n\n\n<p>Lucas Corazza: Considerado um dos maiores confeiteiros do pa\u00eds, Lucas foi jurado no programa Que Seja Doce. Suas cria\u00e7\u00f5es, que combinam t\u00e9cnica, beleza e sabores irresist\u00edveis, prometem encantar os apaixonados por doces.<\/p>\n\n\n\n<p>L\u00e9o Abreu: Chef apaixonado por resgatar a ess\u00eancia dos ingredientes brasileiros, regionais, L\u00e9o possui mais de 1 milh\u00e3o de seguidores em suas redes sociais.<\/p>\n\n\n\n<p>Cadu Evangelisti: Mestre da fus\u00e3o entre sabores orientais e ocidentais, Cadu foi finalista do reality Top Chef Brasil. Seu bar restaurante, o Broca, \u00e9 aclamado&nbsp;pela criatividade e dom\u00ednio t\u00e9cnico que ele aplica em cada prato.<\/p>\n\n\n\n<p>Val\u00e9ria Gon\u00e7alves: Consultora de destaque no cen\u00e1rio nacional, Val\u00e9ria \u00e9 especialista em planejamento estrat\u00e9gico e desenvolvimento na \u00e1rea de&nbsp;gastronomia, contribuindo para o crescimento do setor com sua expertise.<\/p>\n\n\n\n<p>Prepare-se para uma surpresa sensacional: o F\u00e1brica de Chefs 2025 ter\u00e1 a participa\u00e7\u00e3o especial de Tiago Barnab\u00e9, conhecido publicamente como narcisa. Com sua paix\u00e3o pela gastronomia e sua personalidade marcante,&nbsp;Narcisa promete trazer um toque \u00fanico e emocionante ao evento.<\/p>\n\n\n\n<p>O F\u00e1brica de Chefs 2025 \u00e9 muito mais do que um evento; \u00e9 a representa\u00e7\u00e3o viva da riqueza e da diversidade da gastronomia brasileira. Um espa\u00e7o onde&nbsp;tradi\u00e7\u00e3o e inova\u00e7\u00e3o se encontram, e onde chefs e entusiastas unem for\u00e7as&nbsp;para criar algo verdadeiramente extraordin\u00e1rio.<\/p>\n\n\n\n<p>Data: 28 de abril de 2025<\/p>\n\n\n\n<p>Local: Espa\u00e7o Patrick Ribeiro, Vit\u00f3ria-ES<\/p>\n\n\n\n<p>Ingressos: Dispon\u00edveis na plataforma Sympla<\/p>\n\n\n\n<p>Link:\u00a0https:\/\/www.sympla.com.br\/evento\/fabrica-de-chefs-2025\/2779579<\/p>\n\n\n\n<figure class=\"wp-block-gallery has-nested-images columns-default is-cropped wp-block-gallery-1 is-layout-flex wp-block-gallery-is-layout-flex\">\n<figure class=\"wp-block-image size-large\"><img fetchpriority=\"high\" decoding=\"async\" width=\"774\" height=\"1024\" data-id=\"22937\" src=\"https:\/\/novosaopaulo.com.br\/n1\/wp-content\/uploads\/2025\/03\/WhatsApp-Image-2025-03-19-at-10.12.44-774x1024.jpeg\" alt=\"\" class=\"wp-image-22937\" srcset=\"https:\/\/novosaopaulo.com.br\/n1\/wp-content\/uploads\/2025\/03\/WhatsApp-Image-2025-03-19-at-10.12.44-774x1024.jpeg 774w, https:\/\/novosaopaulo.com.br\/n1\/wp-content\/uploads\/2025\/03\/WhatsApp-Image-2025-03-19-at-10.12.44-227x300.jpeg 227w, https:\/\/novosaopaulo.com.br\/n1\/wp-content\/uploads\/2025\/03\/WhatsApp-Image-2025-03-19-at-10.12.44-768x1017.jpeg 768w, https:\/\/novosaopaulo.com.br\/n1\/wp-content\/uploads\/2025\/03\/WhatsApp-Image-2025-03-19-at-10.12.44.jpeg 800w\" sizes=\"(max-width: 774px) 100vw, 774px\" \/><\/figure>\n\n\n\n<figure class=\"wp-block-image size-large\"><img decoding=\"async\" width=\"682\" height=\"1024\" data-id=\"22938\" src=\"https:\/\/novosaopaulo.com.br\/n1\/wp-content\/uploads\/2025\/03\/WhatsApp-Image-2025-03-19-at-10.12.45-682x1024.jpeg\" alt=\"\" class=\"wp-image-22938\" srcset=\"https:\/\/novosaopaulo.com.br\/n1\/wp-content\/uploads\/2025\/03\/WhatsApp-Image-2025-03-19-at-10.12.45-682x1024.jpeg 682w, https:\/\/novosaopaulo.com.br\/n1\/wp-content\/uploads\/2025\/03\/WhatsApp-Image-2025-03-19-at-10.12.45-200x300.jpeg 200w, https:\/\/novosaopaulo.com.br\/n1\/wp-content\/uploads\/2025\/03\/WhatsApp-Image-2025-03-19-at-10.12.45-768x1153.jpeg 768w, https:\/\/novosaopaulo.com.br\/n1\/wp-content\/uploads\/2025\/03\/WhatsApp-Image-2025-03-19-at-10.12.45-1023x1536.jpeg 1023w, https:\/\/novosaopaulo.com.br\/n1\/wp-content\/uploads\/2025\/03\/WhatsApp-Image-2025-03-19-at-10.12.45-1024x1537.jpeg 1024w, https:\/\/novosaopaulo.com.br\/n1\/wp-content\/uploads\/2025\/03\/WhatsApp-Image-2025-03-19-at-10.12.45.jpeg 1066w\" sizes=\"(max-width: 682px) 100vw, 682px\" \/><\/figure>\n<\/figure>\n","protected":false},"excerpt":{"rendered":"<p>O mundo da gastronomia est\u00e1 prestes a viver um momento inesquec\u00edvel em Vit\u00f3ria, Esp\u00edrito Santo&#8230;<\/p>\n","protected":false},"author":1,"featured_media":22936,"comment_status":"open","ping_status":"open","sticky":false,"template":"","format":"standard","meta":{"footnotes":""},"categories":[38],"tags":[],"featured_image_urls":{"full":["https:\/\/novosaopaulo.com.br\/n1\/wp-content\/uploads\/2025\/03\/WhatsApp-Image-2025-03-19-at-10.12.46.jpeg",800,533,false],"thumbnail":["https:\/\/novosaopaulo.com.br\/n1\/wp-content\/uploads\/2025\/03\/WhatsApp-Image-2025-03-19-at-10.12.46-150x150.jpeg",150,150,true],"medium":["https:\/\/novosaopaulo.com.br\/n1\/wp-content\/uploads\/2025\/03\/WhatsApp-Image-2025-03-19-at-10.12.46-300x200.jpeg",300,200,true],"medium_large":["https:\/\/novosaopaulo.com.br\/n1\/wp-content\/uploads\/2025\/03\/WhatsApp-Image-2025-03-19-at-10.12.46-768x512.jpeg",640,427,true],"large":["https:\/\/novosaopaulo.com.br\/n1\/wp-content\/uploads\/2025\/03\/WhatsApp-Image-2025-03-19-at-10.12.46.jpeg",640,426,false],"1536x1536":["https:\/\/novosaopaulo.com.br\/n1\/wp-content\/uploads\/2025\/03\/WhatsApp-Image-2025-03-19-at-10.12.46.jpeg",800,533,false],"2048x2048":["https:\/\/novosaopaulo.com.br\/n1\/wp-content\/uploads\/2025\/03\/WhatsApp-Image-2025-03-19-at-10.12.46.jpeg",800,533,false],"newsever-slider-full":["https:\/\/novosaopaulo.com.br\/n1\/wp-content\/uploads\/2025\/03\/WhatsApp-Image-2025-03-19-at-10.12.46.jpeg",800,533,false],"newsever-featured":["https:\/\/novosaopaulo.com.br\/n1\/wp-content\/uploads\/2025\/03\/WhatsApp-Image-2025-03-19-at-10.12.46.jpeg",800,533,false],"newsever-medium":["https:\/\/novosaopaulo.com.br\/n1\/wp-content\/uploads\/2025\/03\/WhatsApp-Image-2025-03-19-at-10.12.46-720x475.jpeg",720,475,true]},"author_info":{"display_name":"Reda\u00e7\u00e3o","author_link":"https:\/\/novosaopaulo.com.br\/n1\/author\/g5poa\/"},"category_info":"<a href=\"https:\/\/novosaopaulo.com.br\/n1\/category\/joao-costa\/\" rel=\"category tag\">Jo\u00e3o Costa<\/a>","tag_info":"Jo\u00e3o Costa","comment_count":"0","_links":{"self":[{"href":"https:\/\/novosaopaulo.com.br\/n1\/wp-json\/wp\/v2\/posts\/22935"}],"collection":[{"href":"https:\/\/novosaopaulo.com.br\/n1\/wp-json\/wp\/v2\/posts"}],"about":[{"href":"https:\/\/novosaopaulo.com.br\/n1\/wp-json\/wp\/v2\/types\/post"}],"author":[{"embeddable":true,"href":"https:\/\/novosaopaulo.com.br\/n1\/wp-json\/wp\/v2\/users\/1"}],"replies":[{"embeddable":true,"href":"https:\/\/novosaopaulo.com.br\/n1\/wp-json\/wp\/v2\/comments?post=22935"}],"version-history":[{"count":1,"href":"https:\/\/novosaopaulo.com.br\/n1\/wp-json\/wp\/v2\/posts\/22935\/revisions"}],"predecessor-version":[{"id":22939,"href":"https:\/\/novosaopaulo.com.br\/n1\/wp-json\/wp\/v2\/posts\/22935\/revisions\/22939"}],"wp:featuredmedia":[{"embeddable":true,"href":"https:\/\/novosaopaulo.com.br\/n1\/wp-json\/wp\/v2\/media\/22936"}],"wp:attachment":[{"href":"https:\/\/novosaopaulo.com.br\/n1\/wp-json\/wp\/v2\/media?parent=22935"}],"wp:term":[{"taxonomy":"category","embeddable":true,"href":"https:\/\/novosaopaulo.com.br\/n1\/wp-json\/wp\/v2\/categories?post=22935"},{"taxonomy":"post_tag","embeddable":true,"href":"https:\/\/novosaopaulo.com.br\/n1\/wp-json\/wp\/v2\/tags?post=22935"}],"curies":[{"name":"wp","href":"https:\/\/api.w.org\/{rel}","templated":true}]}}