{"id":22885,"date":"2025-03-14T14:25:39","date_gmt":"2025-03-14T17:25:39","guid":{"rendered":"https:\/\/novosaopaulo.com.br\/n1\/?p=22885"},"modified":"2025-03-14T14:25:40","modified_gmt":"2025-03-14T17:25:40","slug":"prefeitura-de-itaqua-promove-encontro-empresarial","status":"publish","type":"post","link":"https:\/\/novosaopaulo.com.br\/n1\/prefeitura-de-itaqua-promove-encontro-empresarial\/","title":{"rendered":"Prefeitura de Itaqu\u00e1 promove encontro empresarial"},"content":{"rendered":"\n<p>Reuni\u00e3o teve a presen\u00e7a do secret\u00e1rio estadual de Desenvolvimento Econ\u00f4mico, Jorge Lima<\/p>\n\n\n\n<p>Com o objetivo de fomentar o crescimento da regi\u00e3o, atrair investimentos e fortalecer a economia local, a Prefeitura de Itaquaquecetuba promoveu, na quinta-feira (13), um encontro com lideran\u00e7as empresariais. A iniciativa contou com a presen\u00e7a do secret\u00e1rio estadual de Desenvolvimento Econ\u00f4mico, Jorge Lima.<\/p>\n\n\n\n<p>\u201cForam convidados empres\u00e1rios, comerciantes e autoridades de Itaqu\u00e1 e regi\u00e3o para trocar ideias sobre a\u00e7\u00f5es a serem adotadas no setor de empreendedorismo e gera\u00e7\u00e3o de emprego\u201d, contou o secret\u00e1rio de Emprego e Desenvolvimento Econ\u00f4mico, Luciano D\u00e1vila.<\/p>\n\n\n\n<p>Jorge Lima falou sobre a import\u00e2ncia do trabalho do governo estadual com o empreendedorismo no Alto Tiet\u00ea, discutiu sobre projetos que ampliam as oportunidades, a\u00e7\u00f5es para atra\u00e7\u00e3o de novas empresas e estrat\u00e9gias de neg\u00f3cios, sempre com foco na gera\u00e7\u00e3o de emprego e no crescimento econ\u00f4mico regional.<\/p>\n\n\n\n<p>&#8220;Quando o Estado trabalha e se movimenta, isso reflete dentro dos munic\u00edpios. Temos observado que Itaqu\u00e1 tem tido um avan\u00e7o significativo e est\u00e1 entre as 50 cidades do estado que mais geraram emprego&#8221;, destacou o secret\u00e1rio de Governo e Obras, Marcello Barbosa.<\/p>\n\n\n\n<p>O encontro foi realizado pensando na uni\u00e3o de empresas e entidades de diferentes setores. \u201cFoi uma honra receber o secret\u00e1rio estadual Jorge Lima em Itaqu\u00e1. A reuni\u00e3o marcou o desenvolvimento da cidade nos \u00faltimos anos e mostra que ainda temos muito potencial para avan\u00e7os\u201d, acrescentou o prefeito Eduardo Boigues.<\/p>\n\n\n\n<p>Fotos: Eduardo Borges<\/p>\n","protected":false},"excerpt":{"rendered":"<p>Reuni\u00e3o teve a presen\u00e7a do secret\u00e1rio estadual de Desenvolvimento Econ\u00f4mico, Jorge Lima Com o objetivo&#8230;<\/p>\n","protected":false},"author":1,"featured_media":22886,"comment_status":"open","ping_status":"open","sticky":false,"template":"","format":"standard","meta":{"footnotes":""},"categories":[34],"tags":[],"featured_image_urls":{"full":["https:\/\/novosaopaulo.com.br\/n1\/wp-content\/uploads\/2025\/03\/WhatsApp-Image-2025-03-14-at-13.49.09.jpeg",1595,1080,false],"thumbnail":["https:\/\/novosaopaulo.com.br\/n1\/wp-content\/uploads\/2025\/03\/WhatsApp-Image-2025-03-14-at-13.49.09-150x150.jpeg",150,150,true],"medium":["https:\/\/novosaopaulo.com.br\/n1\/wp-content\/uploads\/2025\/03\/WhatsApp-Image-2025-03-14-at-13.49.09-300x203.jpeg",300,203,true],"medium_large":["https:\/\/novosaopaulo.com.br\/n1\/wp-content\/uploads\/2025\/03\/WhatsApp-Image-2025-03-14-at-13.49.09-768x520.jpeg",640,433,true],"large":["https:\/\/novosaopaulo.com.br\/n1\/wp-content\/uploads\/2025\/03\/WhatsApp-Image-2025-03-14-at-13.49.09-1024x693.jpeg",640,433,true],"1536x1536":["https:\/\/novosaopaulo.com.br\/n1\/wp-content\/uploads\/2025\/03\/WhatsApp-Image-2025-03-14-at-13.49.09-1536x1040.jpeg",1536,1040,true],"2048x2048":["https:\/\/novosaopaulo.com.br\/n1\/wp-content\/uploads\/2025\/03\/WhatsApp-Image-2025-03-14-at-13.49.09.jpeg",1595,1080,false],"newsever-slider-full":["https:\/\/novosaopaulo.com.br\/n1\/wp-content\/uploads\/2025\/03\/WhatsApp-Image-2025-03-14-at-13.49.09-1280x845.jpeg",1280,845,true],"newsever-featured":["https:\/\/novosaopaulo.com.br\/n1\/wp-content\/uploads\/2025\/03\/WhatsApp-Image-2025-03-14-at-13.49.09-1024x693.jpeg",1024,693,true],"newsever-medium":["https:\/\/novosaopaulo.com.br\/n1\/wp-content\/uploads\/2025\/03\/WhatsApp-Image-2025-03-14-at-13.49.09-720x475.jpeg",720,475,true]},"author_info":{"display_name":"Reda\u00e7\u00e3o","author_link":"https:\/\/novosaopaulo.com.br\/n1\/author\/g5poa\/"},"category_info":"<a href=\"https:\/\/novosaopaulo.com.br\/n1\/category\/alto-tiete\/\" rel=\"category tag\">Alto Tiet\u00ea<\/a>","tag_info":"Alto Tiet\u00ea","comment_count":"0","_links":{"self":[{"href":"https:\/\/novosaopaulo.com.br\/n1\/wp-json\/wp\/v2\/posts\/22885"}],"collection":[{"href":"https:\/\/novosaopaulo.com.br\/n1\/wp-json\/wp\/v2\/posts"}],"about":[{"href":"https:\/\/novosaopaulo.com.br\/n1\/wp-json\/wp\/v2\/types\/post"}],"author":[{"embeddable":true,"href":"https:\/\/novosaopaulo.com.br\/n1\/wp-json\/wp\/v2\/users\/1"}],"replies":[{"embeddable":true,"href":"https:\/\/novosaopaulo.com.br\/n1\/wp-json\/wp\/v2\/comments?post=22885"}],"version-history":[{"count":1,"href":"https:\/\/novosaopaulo.com.br\/n1\/wp-json\/wp\/v2\/posts\/22885\/revisions"}],"predecessor-version":[{"id":22887,"href":"https:\/\/novosaopaulo.com.br\/n1\/wp-json\/wp\/v2\/posts\/22885\/revisions\/22887"}],"wp:featuredmedia":[{"embeddable":true,"href":"https:\/\/novosaopaulo.com.br\/n1\/wp-json\/wp\/v2\/media\/22886"}],"wp:attachment":[{"href":"https:\/\/novosaopaulo.com.br\/n1\/wp-json\/wp\/v2\/media?parent=22885"}],"wp:term":[{"taxonomy":"category","embeddable":true,"href":"https:\/\/novosaopaulo.com.br\/n1\/wp-json\/wp\/v2\/categories?post=22885"},{"taxonomy":"post_tag","embeddable":true,"href":"https:\/\/novosaopaulo.com.br\/n1\/wp-json\/wp\/v2\/tags?post=22885"}],"curies":[{"name":"wp","href":"https:\/\/api.w.org\/{rel}","templated":true}]}}