{"id":22835,"date":"2025-03-11T01:10:04","date_gmt":"2025-03-11T04:10:04","guid":{"rendered":"https:\/\/novosaopaulo.com.br\/n1\/?p=22835"},"modified":"2025-03-11T01:10:05","modified_gmt":"2025-03-11T04:10:05","slug":"lacerdine-galeria-de-arte-inicia-programacao-cultural-de-13-a-15-3-com-clube-do-livro-musica-no-final-da-tarde-e-contacao-de-historias","status":"publish","type":"post","link":"https:\/\/novosaopaulo.com.br\/n1\/lacerdine-galeria-de-arte-inicia-programacao-cultural-de-13-a-15-3-com-clube-do-livro-musica-no-final-da-tarde-e-contacao-de-historias\/","title":{"rendered":"Lacerdine Galeria de Arte inicia programa\u00e7\u00e3o cultural de 13 a 15\/3 com: Clube do Livro, M\u00fasica no Final da Tarde e Conta\u00e7\u00e3o de Hist\u00f3rias"},"content":{"rendered":"\n<p>Quem participar dessas atra\u00e7\u00f5es gratuitas poder\u00e1, ainda, apreciar a exposi\u00e7\u00e3o \u2018O Mundo Singular das Crian\u00e7as\u2019, de pinturas e esculturas<\/p>\n\n\n\n<p>S\u00e3o Paulo, mar\u00e7o de 2025 &#8211; De 13 a 15 de mar\u00e7o (quinta-feira a s\u00e1bado), a rec\u00e9m-inaugurada Lacerdine Galeria de Arte d\u00e1 in\u00edcio a sua programa\u00e7\u00e3o cultural, que ser\u00e1 semanal. Localizada na Avenida Ang\u00e9lica, 2578, pr\u00f3ximo da Avenida Paulista, e com 400 m2, a galeria tem a proposta de ser um espa\u00e7o para diversas manifesta\u00e7\u00f5es culturais, al\u00e9m de exposi\u00e7\u00f5es de arte, tamb\u00e9m apresenta\u00e7\u00f5es musicais, de teatro, e literatura, com atra\u00e7\u00f5es gratuitas ao p\u00fablico em geral. Confira a programa\u00e7\u00e3o de estreia:<\/p>\n\n\n\n<p>Dia 13\/3 (quinta-feira), \u00e0s 19h, \u2018Clube do Livro\u2019 &#8211; Com a leitura do livro \u2018A Hora da Estrela\u2019, de Clarice Lispector, ser\u00e1 realizado o primeiro encontro do \u2018Clube do Livro\u2019, aberto aos amantes da arte, com dura\u00e7\u00e3o de 1h30 &#8211; uma hora para a leitura de um cap\u00edtulo e 30 minutos para conversa. A leitura ser\u00e1 realizada por um convidado ou por Geraldo Lacerdine, artista expressionista contempor\u00e2neo, respons\u00e1vel pela galeria.<\/p>\n\n\n\n<p>\u201cA ideia central do Clube do Livro \u00e9 trabalhar a dimens\u00e3o profunda da literatura com a palavra proclamada. A proclama\u00e7\u00e3o da leitura \u00e9 diferente da leitura em si, porque \u00e9 uma leitura com entona\u00e7\u00f5es. Isso vai ser muito bonito\u201d, conta Lacerdine. \u201cNo primeiro momento faremos uma chamada aberta para as pessoas que gostam de ler\u201d, completa o artista.<\/p>\n\n\n\n<p>Dia 14\/3 (sexta-feira), \u00e0s 18h, M\u00fasica no Final da Tarde &#8211; Sarau de m\u00fasica com o trio Cleber Silveira, no acordeon; Paulo Ribeiro, no viol\u00e3o; e Rafael Mota, na percuss\u00e3o ac\u00fastica. No repert\u00f3rio est\u00e1 principalmente o estilo chorinho, mas tamb\u00e9m outros estilos musicais, com dura\u00e7\u00e3o de 2 horas.<\/p>\n\n\n\n<p>Para quem aprecia a boa m\u00fasica, ser\u00e1 uma boa oportunidade para um happy hour, pois o Caf\u00e9 Falasartes oferece menu e um card\u00e1pio com o melhor da confeitaria paulistana e que \u00e0s sextas-feiras ter\u00e1 tamb\u00e9m drinks, cerveja e bebidas diversas aos visitantes.<\/p>\n\n\n\n<p>Dia 15\/3 (s\u00e1bado), \u00e0s 16h, Conta\u00e7\u00e3o de Hist\u00f3rias \u2013 Nesse dia, a conta\u00e7\u00e3o de hist\u00f3rias para crian\u00e7as de todas as idades ser\u00e1 a partir dos quadros em exposi\u00e7\u00e3o na galeria \u201cO Mundo Singular das Crian\u00e7as\u201d. E ser\u00e1 interativa, com atividades entre pais e filhos. \u201cComo os pais \u00e0s vezes ficam um pouco ausentes pelo excesso de trabalho, a conta\u00e7\u00e3o de hist\u00f3rias ser\u00e1 uma oportunidade de eles brincarem com os filhos em um ambiente agrad\u00e1vel e feliz. O objetivo \u00e9 a intera\u00e7\u00e3o da crian\u00e7a com a arte e a literatura, usando brincadeiras l\u00fadicas\u201d, explica Lacerdine.<\/p>\n\n\n\n<p>As tr\u00eas atra\u00e7\u00f5es &#8211; Clube do Livro, M\u00fasica no Final da Tarde e Conta\u00e7\u00e3o de hist\u00f3rias &#8211; acontecer\u00e3o semanalmente, de quinta a s\u00e1bado e s\u00e3o gratuitas.<\/p>\n\n\n\n<p>Exposi\u00e7\u00e3o \u201cO Mundo Singular das Crian\u00e7as\u201d, at\u00e9 dia 30\/3 &#8211; Aos que participarem de qualquer uma das tr\u00eas atra\u00e7\u00f5es da galeria, poder\u00e3o tamb\u00e9m apreciar a mostra com 20 pinturas em acr\u00edlico sobre tela e aplica\u00e7\u00e3o de folha de ouro, produzidas especialmente para a abertura da galeria, assinadas por Geraldo Lacerdine; e 15 esculturas em m\u00e1rmore, bronze e madeira, da artista Zaira Bellizia. At\u00e9 dia 30 de mar\u00e7o.<\/p>\n\n\n\n<p>Geraldo Lacerdine \u2013 Artista brasileiro, nascido em 1977, em Minas Gerais. Concebe a arte como uma for\u00e7a transformadora, por isso seu trabalho sempre<br>esteve relacionado a quest\u00f5es de car\u00e1ter e relev\u00e2ncia sociais, no embate contra a exclus\u00e3o, o preconceito, a discrimina\u00e7\u00e3o e a explora\u00e7\u00e3o cultural e<br>intelectual. Formado em filosofia com especializa\u00e7\u00e3o em filosofia da arte, teatro, gest\u00e3o educacional e psican\u00e1lise, intitula-se como expressionista contempor\u00e2neo e suas obras se desdobram em po\u00e9ticas (conectadas a literatura), figurativas e sacras. Se dedica a arte h\u00e1 mais de 25 anos. Abra\u00e7ou a pintura como modo de express\u00e3o na inf\u00e2ncia, por volta dos sete anos de idade. \u00c9 ex-padre da Ordem dos Jesu\u00edtas e por anos atuou como diretor de<br>comunica\u00e7\u00e3o da ANEAS \u2013 Rede Jesu\u00edta de Educa\u00e7\u00e3o e na dire\u00e7\u00e3o do Col\u00e9gio S\u00e3o Lu\u00eds, em S\u00e3o Paulo.<\/p>\n\n\n\n<p>LACERDINE GALERIA DE ARTE<br>Clube do Livro \u2013 estreia dia 13.3, \u00e0s 19h<br>M\u00fasica no Final da Tarde \u2013 estreia dia 14.3, \u00e0s 18h<br>Conta\u00e7\u00e3o de Hist\u00f3rias \u2013 estreia dia 15.3, \u00e0s 16h<br>Exposi\u00e7\u00e3o: O Mundo Singular das Crian\u00e7as \u2013 at\u00e9 30.3<br>Entrada gratuita<br>Avenida Ang\u00e9lica, 2578 \u2013 Higien\u00f3polis<br>Organiza\u00e7\u00e3o: Curadoria de Geraldo Lacerdine<br>Instagram: @lacerdine<\/p>\n\n\n\n<p><\/p>\n\n\n\n<p>Foto Fernanda Jansen.<\/p>\n","protected":false},"excerpt":{"rendered":"<p>Quem participar dessas atra\u00e7\u00f5es gratuitas poder\u00e1, ainda, apreciar a exposi\u00e7\u00e3o \u2018O Mundo Singular das Crian\u00e7as\u2019,&#8230;<\/p>\n","protected":false},"author":1,"featured_media":22836,"comment_status":"open","ping_status":"open","sticky":false,"template":"","format":"standard","meta":{"footnotes":""},"categories":[2],"tags":[],"featured_image_urls":{"full":["https:\/\/novosaopaulo.com.br\/n1\/wp-content\/uploads\/2025\/03\/WhatsApp-Image-2025-03-10-at-11.34.52.jpeg",560,373,false],"thumbnail":["https:\/\/novosaopaulo.com.br\/n1\/wp-content\/uploads\/2025\/03\/WhatsApp-Image-2025-03-10-at-11.34.52-150x150.jpeg",150,150,true],"medium":["https:\/\/novosaopaulo.com.br\/n1\/wp-content\/uploads\/2025\/03\/WhatsApp-Image-2025-03-10-at-11.34.52-300x200.jpeg",300,200,true],"medium_large":["https:\/\/novosaopaulo.com.br\/n1\/wp-content\/uploads\/2025\/03\/WhatsApp-Image-2025-03-10-at-11.34.52.jpeg",560,373,false],"large":["https:\/\/novosaopaulo.com.br\/n1\/wp-content\/uploads\/2025\/03\/WhatsApp-Image-2025-03-10-at-11.34.52.jpeg",560,373,false],"1536x1536":["https:\/\/novosaopaulo.com.br\/n1\/wp-content\/uploads\/2025\/03\/WhatsApp-Image-2025-03-10-at-11.34.52.jpeg",560,373,false],"2048x2048":["https:\/\/novosaopaulo.com.br\/n1\/wp-content\/uploads\/2025\/03\/WhatsApp-Image-2025-03-10-at-11.34.52.jpeg",560,373,false],"newsever-slider-full":["https:\/\/novosaopaulo.com.br\/n1\/wp-content\/uploads\/2025\/03\/WhatsApp-Image-2025-03-10-at-11.34.52.jpeg",560,373,false],"newsever-featured":["https:\/\/novosaopaulo.com.br\/n1\/wp-content\/uploads\/2025\/03\/WhatsApp-Image-2025-03-10-at-11.34.52.jpeg",560,373,false],"newsever-medium":["https:\/\/novosaopaulo.com.br\/n1\/wp-content\/uploads\/2025\/03\/WhatsApp-Image-2025-03-10-at-11.34.52.jpeg",560,373,false]},"author_info":{"display_name":"Reda\u00e7\u00e3o","author_link":"https:\/\/novosaopaulo.com.br\/n1\/author\/g5poa\/"},"category_info":"<a href=\"https:\/\/novosaopaulo.com.br\/n1\/category\/cidades\/\" rel=\"category tag\">Cidades<\/a>","tag_info":"Cidades","comment_count":"0","_links":{"self":[{"href":"https:\/\/novosaopaulo.com.br\/n1\/wp-json\/wp\/v2\/posts\/22835"}],"collection":[{"href":"https:\/\/novosaopaulo.com.br\/n1\/wp-json\/wp\/v2\/posts"}],"about":[{"href":"https:\/\/novosaopaulo.com.br\/n1\/wp-json\/wp\/v2\/types\/post"}],"author":[{"embeddable":true,"href":"https:\/\/novosaopaulo.com.br\/n1\/wp-json\/wp\/v2\/users\/1"}],"replies":[{"embeddable":true,"href":"https:\/\/novosaopaulo.com.br\/n1\/wp-json\/wp\/v2\/comments?post=22835"}],"version-history":[{"count":1,"href":"https:\/\/novosaopaulo.com.br\/n1\/wp-json\/wp\/v2\/posts\/22835\/revisions"}],"predecessor-version":[{"id":22837,"href":"https:\/\/novosaopaulo.com.br\/n1\/wp-json\/wp\/v2\/posts\/22835\/revisions\/22837"}],"wp:featuredmedia":[{"embeddable":true,"href":"https:\/\/novosaopaulo.com.br\/n1\/wp-json\/wp\/v2\/media\/22836"}],"wp:attachment":[{"href":"https:\/\/novosaopaulo.com.br\/n1\/wp-json\/wp\/v2\/media?parent=22835"}],"wp:term":[{"taxonomy":"category","embeddable":true,"href":"https:\/\/novosaopaulo.com.br\/n1\/wp-json\/wp\/v2\/categories?post=22835"},{"taxonomy":"post_tag","embeddable":true,"href":"https:\/\/novosaopaulo.com.br\/n1\/wp-json\/wp\/v2\/tags?post=22835"}],"curies":[{"name":"wp","href":"https:\/\/api.w.org\/{rel}","templated":true}]}}