{"id":22772,"date":"2025-03-04T14:24:47","date_gmt":"2025-03-04T17:24:47","guid":{"rendered":"https:\/\/novosaopaulo.com.br\/n1\/?p=22772"},"modified":"2025-03-04T14:24:48","modified_gmt":"2025-03-04T17:24:48","slug":"a-camera-inteligente-e-a-prisao-dos-criminosos","status":"publish","type":"post","link":"https:\/\/novosaopaulo.com.br\/n1\/a-camera-inteligente-e-a-prisao-dos-criminosos\/","title":{"rendered":"A c\u00e2mera inteligente e a pris\u00e3o dos criminosos"},"content":{"rendered":"\n<p>Condenado a 30 anos p feminic\u00eddio foi preso pelo reconhecimento facial, em S\u00e3o Paulo. O r\u00e9u Fl\u00e1vio da Silva, de 38 anos, foi capturado no domingo por agentes da GCM (Guarda Civil Municipal) assim que foi identificado pelas c\u00e2meras do sistema Smart Sampa, quando caminhava pela rua 25 de Mar\u00e7o e, ao ser descoberto, fugiu \u00e0 p\u00e9 entre os carros da avenida Senador Queir\u00f3s e outras vias, onde continuou sob a \u00f3tica das c\u00e2meras at\u00e9 ser dominado no centro da cidade. Ele foi condenado pelo assassinato de sua ex-cunhada Edivina Rafael, de 43 anos, ocorrido em Albertina (MG), onde moravam sua sogra e duas filhas. Seu objetivo, ao invadir a casa, era um acerto de contas com a ex-mulher, mas acabou matando a cunhada, que interferiu em defesa da irm\u00e3, atingindo-a com uma facada no pesco\u00e7o. Desde dezembro, com a senten\u00e7a aplicada, era considerado fugitivo, at\u00e9 que passou no raio de a\u00e7\u00e3o do equipamento identificador.<br>Segundo a Prefeitura de S\u00e3o Paulo, o Smart Sampa j\u00e1 levou \u00e0 pris\u00e3o 752 criminosos foragidos da Justi\u00e7a desde a sua implementa\u00e7\u00e3o, no ano passado. O uso de reconhecimento facial divide opini\u00f5es no Pa\u00eds e no exterior. Entre os pontos mais criticados, est\u00e3o casos de falso positivo e a viola\u00e7\u00e3o de direitos individuais, enquanto defensores falam que pode ser ben\u00e9fico se bem utilizado e aprimorado. A principal raz\u00e3o \u00e9 a dificuldade dos equipamentos em identificar pessoas n\u00e3o brancas, mulheres e transg\u00eaneros. O respeito \u00e0 privacidade e outros direitos fundamentais tamb\u00e9m \u00e9 um dos pontos chave, assim como a pr\u00f3pria efetividade. S\u00e3o mais de 23 mil as c\u00e2meras que comp\u00f5em o sistema com reconhecimento faciall e de placas automotivas que, pelo menos teoriamente, garante efici\u00eancia ao sistema. A Prefeitura tem projetos para instalar novos equipamentos e cobrir regi\u00f5es ainda n\u00e3o servidas pelo sistema. Al\u00e9m de S\u00e3o Paulo, Belo Horizonte tamb\u00e9m est\u00e1 investindo alto nas c\u00e2meras inteligentes e v\u00e1rias outras cidades m\u00e9dias e grande fazem o mesmo.<br>Com 200 milh\u00f5es de habitantes, segundo o ultimo Censo, o Brasil registra alto n\u00famero de homic\u00eddios. S\u00e3o, em m\u00e9dia, 40 mil por ano, n\u00famero que nos colocam entre os lugares onde se mata mais no Mundo. Isso sem falar de assaltos, seq\u00fcestros e outros delitos que se comete contra o cidad\u00e3o e sua fam\u00edlia. Apesar de encontrar a oposi\u00e7\u00e3o dos pr\u00f3prios criminosos e dos seus defensores, o sistema de c\u00e2meras com reconhecimento facial e automotivo \u00e9 uma solu\u00e7\u00e3o que tende a melhorar os n\u00edveis de seguran\u00e7a. Isso porque al\u00e9m de identificar o cidad\u00e3o e buscar seus dados nos arquivos policiais e judiciais, os equipamentos ainda fazem a vigil\u00e2ncia das vias e logradouros p\u00fablicos e, funcionando regularmente, fornece valioso material para identificar os cometedores de crimes, ao mesmo tempo que os afugenta na medida em que souberem que, se delinq\u00fcir na frente das lentes das c\u00e2meras fatalmente ser\u00e1 identificado e alcan\u00e7ado pela Justi\u00e7a.<br>Quanto mais c\u00e2meras ou sistema onde elas s\u00e3o elementos possui, a cidade se torna mais segura. Tanto para evitar as ocorr\u00eancias policiais quanto para localizar e punir aqueles que, mesmo com o sistema instalado, ousarem praticar il\u00edcitos,<br>As experi\u00eancias de S\u00e3o Paulo, Belo Horizonte e outras localidades que j\u00e1 adotaram o sistema dever\u00e1 ser de grande valia para as cidades que a adotarem e tamb\u00e9m servir\u00e3o para o avan\u00e7o da tecnologia Desde que surgiram as primeiras c\u00e2meras \u2013 ainda prim\u00e1rias e de poucas fun\u00e7\u00f5es \u2013 temos defendido a sua ado\u00e7\u00e3o para a vigil\u00e2ncia de vias e p\u00e1tios p\u00fablicos e privados e para \u201cfechar\u201d regi\u00f5es de alta periculosidade. Com a c\u00e2mera em vigil\u00e2ncia permanente, as pol\u00edcias n\u00e3o necessitam de patrulhamento preventivo e podem reservar suas equipes, viaturas e armamentos para a atua\u00e7\u00e3o nas \u00e1reas onde o delito j\u00e1 ocorreu ou est\u00e1 em andamento. [<br>E importante, no entanto, considerar que c\u00e2mera e metodologia s\u00e3o ferramentas que tornam o trabalho policial mais eficiente. Al\u00e9m desses e outros equipamentos e sistemas, \u00e9 preciso que as autoridades se mantenham atentas para adotar as provid\u00eancias que tornem mais eficiente o trabalho dos diferentes segmentos policiais. \u00c9 preciso acaba com a poesia dos sonhadores que defendem pol\u00edcia desarmada, o n\u00e3o uso da arma que o policial leva na cintura e impedem a pol\u00edcia de patrulhar determinadas \u00e1reas do campo e da cidade.<br>Seguran\u00e7a P\u00fablica se faz atrav\u00e9s da soma de medidas de prote\u00e7\u00e3o da comunidade. Jamais deve estar sob a aprecia\u00e7\u00e3o pol\u00edtica ou ideol\u00f3gica e ser cuidadosamente administrada par evitar a interfer\u00eancia de fac\u00e7\u00f5es ou grupos criminosos que, com interesse contr\u00e1rio, trabalham para evitar que as for\u00e7as de seguran\u00e7a sejam eficientes e combatam efetivamente o crime. N\u00e3o devemos esquecer que o crime \u00e9 a \u201cindustria\u201d e meio de renda do criminoso. E que tudo o que for feito para evit\u00e1-lo representa o bem e a tranq\u00fcilidade da popula\u00e7\u00e3o. Os sistemas de c\u00e2meras s\u00e3o formid\u00e1veis ferramentas e merecem investimentos\u2026<br>O sistema prender\u00e1 quem cometeu o crime.M\u00e1s n\u00e3o evitar\u00e1 que outros crimes sejam cometidos. Por isso, precisamos de uma lei simples e objetiva para disciplinar a mat\u00e9ria. Auqele que cometer um crime usando qualquer tipo de armas, que impossibilite a defesa da v\u00edtima, ter\u00e1 de pagar por pr\u00e1tica hedionda. Seu flagrante ser\u00e1 continuardo e permanente, ficar\u00e1<br>preso at\u00e9 o julgamento: se condenado cumprir\u00e1 a pena total, sem qualquer tipo de benef\u00edcio ou atenuante, Esse, na nossa opini\u00e3o, \u00e9 o \u00fanico meio de desestimular o criminoso\u2026<\/p>\n\n\n\n<p>Tenente Dirceu Cardoso Gon\u00e7alves &#8211; dirigente da ASPOMIL (Associa\u00e7\u00e3o de Assist. Social dos Policiais Militares de S\u00e3o Paulo).<\/p>\n","protected":false},"excerpt":{"rendered":"<p>Condenado a 30 anos p feminic\u00eddio foi preso pelo reconhecimento facial, em S\u00e3o Paulo. O&#8230;<\/p>\n","protected":false},"author":1,"featured_media":16147,"comment_status":"open","ping_status":"open","sticky":false,"template":"","format":"standard","meta":{"footnotes":""},"categories":[9],"tags":[],"featured_image_urls":{"full":["https:\/\/novosaopaulo.com.br\/n1\/wp-content\/uploads\/2023\/12\/dirceu.jpg",225,225,false],"thumbnail":["https:\/\/novosaopaulo.com.br\/n1\/wp-content\/uploads\/2023\/12\/dirceu-150x150.jpg",150,150,true],"medium":["https:\/\/novosaopaulo.com.br\/n1\/wp-content\/uploads\/2023\/12\/dirceu.jpg",225,225,false],"medium_large":["https:\/\/novosaopaulo.com.br\/n1\/wp-content\/uploads\/2023\/12\/dirceu.jpg",225,225,false],"large":["https:\/\/novosaopaulo.com.br\/n1\/wp-content\/uploads\/2023\/12\/dirceu.jpg",225,225,false],"1536x1536":["https:\/\/novosaopaulo.com.br\/n1\/wp-content\/uploads\/2023\/12\/dirceu.jpg",225,225,false],"2048x2048":["https:\/\/novosaopaulo.com.br\/n1\/wp-content\/uploads\/2023\/12\/dirceu.jpg",225,225,false],"newsever-slider-full":["https:\/\/novosaopaulo.com.br\/n1\/wp-content\/uploads\/2023\/12\/dirceu.jpg",225,225,false],"newsever-featured":["https:\/\/novosaopaulo.com.br\/n1\/wp-content\/uploads\/2023\/12\/dirceu.jpg",225,225,false],"newsever-medium":["https:\/\/novosaopaulo.com.br\/n1\/wp-content\/uploads\/2023\/12\/dirceu.jpg",225,225,false]},"author_info":{"display_name":"Reda\u00e7\u00e3o","author_link":"https:\/\/novosaopaulo.com.br\/n1\/author\/g5poa\/"},"category_info":"<a href=\"https:\/\/novosaopaulo.com.br\/n1\/category\/geral\/\" rel=\"category tag\">Geral<\/a>","tag_info":"Geral","comment_count":"0","_links":{"self":[{"href":"https:\/\/novosaopaulo.com.br\/n1\/wp-json\/wp\/v2\/posts\/22772"}],"collection":[{"href":"https:\/\/novosaopaulo.com.br\/n1\/wp-json\/wp\/v2\/posts"}],"about":[{"href":"https:\/\/novosaopaulo.com.br\/n1\/wp-json\/wp\/v2\/types\/post"}],"author":[{"embeddable":true,"href":"https:\/\/novosaopaulo.com.br\/n1\/wp-json\/wp\/v2\/users\/1"}],"replies":[{"embeddable":true,"href":"https:\/\/novosaopaulo.com.br\/n1\/wp-json\/wp\/v2\/comments?post=22772"}],"version-history":[{"count":1,"href":"https:\/\/novosaopaulo.com.br\/n1\/wp-json\/wp\/v2\/posts\/22772\/revisions"}],"predecessor-version":[{"id":22773,"href":"https:\/\/novosaopaulo.com.br\/n1\/wp-json\/wp\/v2\/posts\/22772\/revisions\/22773"}],"wp:featuredmedia":[{"embeddable":true,"href":"https:\/\/novosaopaulo.com.br\/n1\/wp-json\/wp\/v2\/media\/16147"}],"wp:attachment":[{"href":"https:\/\/novosaopaulo.com.br\/n1\/wp-json\/wp\/v2\/media?parent=22772"}],"wp:term":[{"taxonomy":"category","embeddable":true,"href":"https:\/\/novosaopaulo.com.br\/n1\/wp-json\/wp\/v2\/categories?post=22772"},{"taxonomy":"post_tag","embeddable":true,"href":"https:\/\/novosaopaulo.com.br\/n1\/wp-json\/wp\/v2\/tags?post=22772"}],"curies":[{"name":"wp","href":"https:\/\/api.w.org\/{rel}","templated":true}]}}