{"id":22686,"date":"2025-02-26T19:09:40","date_gmt":"2025-02-26T22:09:40","guid":{"rendered":"https:\/\/novosaopaulo.com.br\/n1\/?p=22686"},"modified":"2025-02-26T19:09:41","modified_gmt":"2025-02-26T22:09:41","slug":"blocos-mais-charmosos-de-sao-paulo-combinam-folia-e-respeito","status":"publish","type":"post","link":"https:\/\/novosaopaulo.com.br\/n1\/blocos-mais-charmosos-de-sao-paulo-combinam-folia-e-respeito\/","title":{"rendered":"Blocos mais charmosos de S\u00e3o Paulo combinam folia e respeito"},"content":{"rendered":"\n<p>O carnaval de S\u00e3o Paulo cresce a cada ano, atraindo a alegria de milhares e milhares de foli\u00f5es da regi\u00e3o metropolitana, do interior, de outros estados e, at\u00e9 mesmo, de outros pa\u00edses. Oficialmente, a folia de rua \u00e9 dividida em tr\u00eas per\u00edodos: pr\u00e9-carnaval (22 e 23 de fevereiro); carnaval (de 1\u00ba e 4 de mar\u00e7o); e p\u00f3s-carnaval (8 e 9 de mar\u00e7o).<\/p>\n\n\n\n<p>Entre as in\u00fameras op\u00e7\u00f5es de atividades, veja a seguir alguns blocos cheios de charme para antes, durante e depois do per\u00edodo oficial de folia, que s\u00e3o \u00f3timas op\u00e7\u00f5es para quem prefere um carnaval charmoso, sem o tradicional empurra-empurra.<\/p>\n\n\n\n<p>M\u00e9xico Pra Baixo<\/p>\n\n\n\n<p>Em seu s\u00e9timo desfile de pr\u00e9-carnaval, este bloco descolado e muito divertido celebra a m\u00fasica latina, muitas delas que fazem parte da hist\u00f3ria das novelas das sete. Sai s\u00e1bado de pr\u00e9-carnaval, 22 de fevereiro, \u00e0s 13h, em Pinheiros (Rua Ant\u00f4nio Bicudo, 304).<\/p>\n\n\n\n<p>Il\u00fa Ob\u00e1 de Min<\/p>\n\n\n\n<p>Um banho de cultura afro-brasileira, uma verdadeira experi\u00eancia cultural cheia de m\u00fasica de alta qualidade e sempre emocionante. Sai sexta, 28 de fevereiro, \u00e0s 20h, no Centro (Pra\u00e7a da Rep\u00fablica) e domingo, 2 de mar\u00e7o, \u00e0s 13h, na Barra Funda (Cia Livre de Teatro, Rua Conselheiro Brotero, 195).<\/p>\n\n\n\n<p>Charanga do Fran\u00e7a<\/p>\n\n\n\n<p>Bloco da banda \u201cA Espetacular Charanga do Fran\u00e7a\u201d, com 13 anos de exist\u00eancia, prioriza os instrumentos de sopro e percuss\u00e3o e pitadas de afro e jazz. Sai segunda, 3 de mar\u00e7o, \u00e0s 9h, em Santa Cec\u00edlia (Rua Imaculada Concei\u00e7\u00e3o).<\/p>\n\n\n\n<p>Ezatamentchy<\/p>\n\n\n\n<p>Anima\u00e7\u00e3o e respeito \u00e0 diversidade para foli\u00f5es de todas as idades, no clima de marchinhas de carnaval que todo mundo conhece. Sai ter\u00e7a, 4 de mar\u00e7o, \u00e0s 10h, em Santa Cec\u00edlia (Rua Fortunato, 35).<\/p>\n\n\n\n<p>Pagu<\/p>\n\n\n\n<p>Apenas talentos femininos na banda, sempre celebrando grandes sucessos de cantoras brasileiras. Sai ter\u00e7a, 4 de mar\u00e7o, \u00e0s 11h, no Sumar\u00e9 (Pra\u00e7a Marcia Alberti Mammana).<\/p>\n\n\n\n<p>Nu Vuco Vuco<\/p>\n\n\n\n<p>A energia boa do t\u00edpico bloquinho de carnaval que exalta a alegria e a ingenuidade dos antigos carnavais de rua. Sai s\u00e1bado depois do carnaval, 8 de mar\u00e7o, \u00e0s 13h, na Lapa (R. Coriolano, 600).<\/p>\n","protected":false},"excerpt":{"rendered":"<p>O carnaval de S\u00e3o Paulo cresce a cada ano, atraindo a alegria de milhares e&#8230;<\/p>\n","protected":false},"author":1,"featured_media":22687,"comment_status":"open","ping_status":"open","sticky":false,"template":"","format":"standard","meta":{"footnotes":""},"categories":[49],"tags":[],"featured_image_urls":{"full":["https:\/\/novosaopaulo.com.br\/n1\/wp-content\/uploads\/2025\/02\/605039cb-f65d-4476-96a4-59598b3ce02b.jpeg",700,466,false],"thumbnail":["https:\/\/novosaopaulo.com.br\/n1\/wp-content\/uploads\/2025\/02\/605039cb-f65d-4476-96a4-59598b3ce02b-150x150.jpeg",150,150,true],"medium":["https:\/\/novosaopaulo.com.br\/n1\/wp-content\/uploads\/2025\/02\/605039cb-f65d-4476-96a4-59598b3ce02b-300x200.jpeg",300,200,true],"medium_large":["https:\/\/novosaopaulo.com.br\/n1\/wp-content\/uploads\/2025\/02\/605039cb-f65d-4476-96a4-59598b3ce02b.jpeg",640,426,false],"large":["https:\/\/novosaopaulo.com.br\/n1\/wp-content\/uploads\/2025\/02\/605039cb-f65d-4476-96a4-59598b3ce02b.jpeg",640,426,false],"1536x1536":["https:\/\/novosaopaulo.com.br\/n1\/wp-content\/uploads\/2025\/02\/605039cb-f65d-4476-96a4-59598b3ce02b.jpeg",700,466,false],"2048x2048":["https:\/\/novosaopaulo.com.br\/n1\/wp-content\/uploads\/2025\/02\/605039cb-f65d-4476-96a4-59598b3ce02b.jpeg",700,466,false],"newsever-slider-full":["https:\/\/novosaopaulo.com.br\/n1\/wp-content\/uploads\/2025\/02\/605039cb-f65d-4476-96a4-59598b3ce02b.jpeg",700,466,false],"newsever-featured":["https:\/\/novosaopaulo.com.br\/n1\/wp-content\/uploads\/2025\/02\/605039cb-f65d-4476-96a4-59598b3ce02b.jpeg",700,466,false],"newsever-medium":["https:\/\/novosaopaulo.com.br\/n1\/wp-content\/uploads\/2025\/02\/605039cb-f65d-4476-96a4-59598b3ce02b.jpeg",700,466,false]},"author_info":{"display_name":"Reda\u00e7\u00e3o","author_link":"https:\/\/novosaopaulo.com.br\/n1\/author\/g5poa\/"},"category_info":"<a href=\"https:\/\/novosaopaulo.com.br\/n1\/category\/governo-de-sp\/\" rel=\"category tag\">Governo de SP<\/a>","tag_info":"Governo de SP","comment_count":"0","_links":{"self":[{"href":"https:\/\/novosaopaulo.com.br\/n1\/wp-json\/wp\/v2\/posts\/22686"}],"collection":[{"href":"https:\/\/novosaopaulo.com.br\/n1\/wp-json\/wp\/v2\/posts"}],"about":[{"href":"https:\/\/novosaopaulo.com.br\/n1\/wp-json\/wp\/v2\/types\/post"}],"author":[{"embeddable":true,"href":"https:\/\/novosaopaulo.com.br\/n1\/wp-json\/wp\/v2\/users\/1"}],"replies":[{"embeddable":true,"href":"https:\/\/novosaopaulo.com.br\/n1\/wp-json\/wp\/v2\/comments?post=22686"}],"version-history":[{"count":1,"href":"https:\/\/novosaopaulo.com.br\/n1\/wp-json\/wp\/v2\/posts\/22686\/revisions"}],"predecessor-version":[{"id":22688,"href":"https:\/\/novosaopaulo.com.br\/n1\/wp-json\/wp\/v2\/posts\/22686\/revisions\/22688"}],"wp:featuredmedia":[{"embeddable":true,"href":"https:\/\/novosaopaulo.com.br\/n1\/wp-json\/wp\/v2\/media\/22687"}],"wp:attachment":[{"href":"https:\/\/novosaopaulo.com.br\/n1\/wp-json\/wp\/v2\/media?parent=22686"}],"wp:term":[{"taxonomy":"category","embeddable":true,"href":"https:\/\/novosaopaulo.com.br\/n1\/wp-json\/wp\/v2\/categories?post=22686"},{"taxonomy":"post_tag","embeddable":true,"href":"https:\/\/novosaopaulo.com.br\/n1\/wp-json\/wp\/v2\/tags?post=22686"}],"curies":[{"name":"wp","href":"https:\/\/api.w.org\/{rel}","templated":true}]}}