{"id":22683,"date":"2025-02-26T19:07:24","date_gmt":"2025-02-26T22:07:24","guid":{"rendered":"https:\/\/novosaopaulo.com.br\/n1\/?p=22683"},"modified":"2025-02-26T19:07:24","modified_gmt":"2025-02-26T22:07:24","slug":"abre-alas-o-carnaval-do-estado-de-sao-paulo-vem-ai","status":"publish","type":"post","link":"https:\/\/novosaopaulo.com.br\/n1\/abre-alas-o-carnaval-do-estado-de-sao-paulo-vem-ai\/","title":{"rendered":"Abre-alas: o Carnaval do Estado de S\u00e3o Paulo vem a\u00ed!"},"content":{"rendered":"\n<p>A Setur-SP preparou uma s\u00e9rie de dicas de atividades e destinos que agradam todos os p\u00fablicos, confira<\/p>\n\n\n\n<p>O carnaval est\u00e1 cada vez mais pr\u00f3ximo, com os blocos de rua a todo vapor e os desfiles das escolas de samba do grupo especial de S\u00e3o Paulo come\u00e7ando nesta sexta-feira, 28. Com sua origem que remonta \u00e0 antiguidade, o carnaval era uma festa realizada para celebrar a chegada da quaresma. Introduzido no Brasil pelos colonos portugueses, com o passar dos anos, a celebra\u00e7\u00e3o passou por v\u00e1rias modifica\u00e7\u00f5es. Atualmente, \u00e9 um dos maiores eventos do calend\u00e1rio brasileiro.<\/p>\n\n\n\n<p>Segundo o CIET (Centro de Intelig\u00eancia da Economia do Turismo), ligado \u00e0 Secretaria de Turismo e Viagens do Estado de S\u00e3o Paulo (Setur-SP) s\u00e3o esperados 4,5 milh\u00f5es de pessoas circulem por S\u00e3o Paulo no per\u00edodo (https:\/\/www.turismo.sp.gov.br\/carnaval-do-estado-de-sp-vai-atrair-45-milhoes-de-pessoas-e-movimentar-r-64-bilhoes). Al\u00e9m disso, estima-se um grande impacto na economia e no setor hoteleiro durante os dias de carnaval, fazendo com que alguns munic\u00edpios tenham a sua rede completamente lotada.<\/p>\n\n\n\n<p>Mesmo com as datas oficiais de carnaval deste ano (de 28\/02 at\u00e9 04\/03), no Estado de S\u00e3o Paulo, principalmente na capital paulista, o per\u00edodo de festas come\u00e7ou muito antes, com o chamado \u201cPr\u00e9 Carnaval\u201d (https:\/\/www.turismo.sp.gov.br\/esquenta-de-carnaval-ensaios-das-escolas-de-samba-e-blocos-de-rua-agitam-sp ). De 18\/01 a 16\/02, o Samb\u00f3dromo do Anhembi hospedou os ensaios t\u00e9cnicos das principais escolas de samba da cidade em desfiles que puderam ser acompanhados pelo p\u00fablico. Outro destaque durante o Pr\u00e9 Carnaval s\u00e3o os blocos de rua nos dias de final de semana, como o Casa Comigo e o Agrada Gregos, que atraem multid\u00f5es de foli\u00f5es.<\/p>\n\n\n\n<p>J\u00e1 no per\u00edodo de carnaval propriamente dito, al\u00e9m das festas na cidade de S\u00e3o Paulo, que j\u00e1 \u00e9 considerado um dos maiores carnavais de rua, v\u00e1rios destinos do interior e litoral t\u00eam programa\u00e7\u00f5es tradicionais de carnaval. Entre eles, Holambra com o Carnaflores, bloco que conta com carros aleg\u00f3ricos repletos de flores. Outro evento que se destaca \u00e9 o CarnaPET, celebrado em S\u00e3o Sebasti\u00e3o. O bloco re\u00fane foli\u00f5es e seus animais de estima\u00e7\u00e3o em uma celebra\u00e7\u00e3o muito alegre e animada. Diversos munic\u00edpios do Estado de S\u00e3o Paulo possuem programa\u00e7\u00f5es para o carnaval. (https:\/\/www.turismo.sp.gov.br\/da-capital-ao-litoral-carnaval-no-estado-tem-programacao-para-todos-os-publicos)<\/p>\n\n\n\n<p>Para aqueles que v\u00e3o preferir curtir o carnaval na folia, \u00e9 muito importante tomar cuidados para que se tenha mais seguran\u00e7a e bem-estar e assim aproveitar as festas com muito mais tranquilidade e sem imprevistos. Pensando nisso, a Secretaria de Turismo e Viagens do Estado de S\u00e3o Paulo (Setur-SP) em parceria com a Pol\u00edcia Civil e a Defesa Civil, passaram v\u00e1rias dicas (https:\/\/www.turismo.sp.gov.br\/carnaval-sp-2025-dicas-para-festejar-com-seguranca-e-muita-diversao) para que o p\u00fablico se previna tanto de roubos quanto de furtos. S\u00e3o medidas como ficar atento aos seus pertences e evitar andar sozinho em multid\u00f5es, at\u00e9 verificar a previs\u00e3o do tempo, para se proteger de temporais, que s\u00e3o muito frequentes nesta \u00e9poca do ano, e das ondas de calor.<\/p>\n\n\n\n<p>J\u00e1 para aqueles que preferem utilizar as datas para relaxar e aproveitar a folga em um ambiente buc\u00f3lico e longe do agito, a Setur-SP preparou uma lista com seis destinos que agradam este tipo de p\u00fablico (https:\/\/www.turismo.sp.gov.br\/carnaval-tranquilao-conheca-seis-lugares-para-visitar-no-estado). A sele\u00e7\u00e3o destaca, entre outros, o munic\u00edpio de Campos do Jord\u00e3o, conhecido por sua grande variedade de restaurantes e lojas, al\u00e9m da bela paisagem de suas serras. Outro exemplo \u00e9 \u00c1guas de Lindoia, um \u00f3timo lugar para relaxar, j\u00e1 que possui fontes termais e boas op\u00e7\u00f5es de servi\u00e7os de massagem e banhos especiais.<\/p>\n\n\n\n<p><\/p>\n\n\n\n<p><em>Carnaval de S\u00e3o Paulo atende a todos os perfis de visitantes. Foto: Jonathan Borba, no Pexels<\/em><\/p>\n","protected":false},"excerpt":{"rendered":"<p>A Setur-SP preparou uma s\u00e9rie de dicas de atividades e destinos que agradam todos os&#8230;<\/p>\n","protected":false},"author":1,"featured_media":22684,"comment_status":"open","ping_status":"open","sticky":false,"template":"","format":"standard","meta":{"footnotes":""},"categories":[49],"tags":[],"featured_image_urls":{"full":["https:\/\/novosaopaulo.com.br\/n1\/wp-content\/uploads\/2025\/02\/852ab242-cffc-4c37-94c1-7d1c0b46d324.jpeg",560,373,false],"thumbnail":["https:\/\/novosaopaulo.com.br\/n1\/wp-content\/uploads\/2025\/02\/852ab242-cffc-4c37-94c1-7d1c0b46d324-150x150.jpeg",150,150,true],"medium":["https:\/\/novosaopaulo.com.br\/n1\/wp-content\/uploads\/2025\/02\/852ab242-cffc-4c37-94c1-7d1c0b46d324-300x200.jpeg",300,200,true],"medium_large":["https:\/\/novosaopaulo.com.br\/n1\/wp-content\/uploads\/2025\/02\/852ab242-cffc-4c37-94c1-7d1c0b46d324.jpeg",560,373,false],"large":["https:\/\/novosaopaulo.com.br\/n1\/wp-content\/uploads\/2025\/02\/852ab242-cffc-4c37-94c1-7d1c0b46d324.jpeg",560,373,false],"1536x1536":["https:\/\/novosaopaulo.com.br\/n1\/wp-content\/uploads\/2025\/02\/852ab242-cffc-4c37-94c1-7d1c0b46d324.jpeg",560,373,false],"2048x2048":["https:\/\/novosaopaulo.com.br\/n1\/wp-content\/uploads\/2025\/02\/852ab242-cffc-4c37-94c1-7d1c0b46d324.jpeg",560,373,false],"newsever-slider-full":["https:\/\/novosaopaulo.com.br\/n1\/wp-content\/uploads\/2025\/02\/852ab242-cffc-4c37-94c1-7d1c0b46d324.jpeg",560,373,false],"newsever-featured":["https:\/\/novosaopaulo.com.br\/n1\/wp-content\/uploads\/2025\/02\/852ab242-cffc-4c37-94c1-7d1c0b46d324.jpeg",560,373,false],"newsever-medium":["https:\/\/novosaopaulo.com.br\/n1\/wp-content\/uploads\/2025\/02\/852ab242-cffc-4c37-94c1-7d1c0b46d324.jpeg",560,373,false]},"author_info":{"display_name":"Reda\u00e7\u00e3o","author_link":"https:\/\/novosaopaulo.com.br\/n1\/author\/g5poa\/"},"category_info":"<a href=\"https:\/\/novosaopaulo.com.br\/n1\/category\/governo-de-sp\/\" rel=\"category tag\">Governo de SP<\/a>","tag_info":"Governo de SP","comment_count":"0","_links":{"self":[{"href":"https:\/\/novosaopaulo.com.br\/n1\/wp-json\/wp\/v2\/posts\/22683"}],"collection":[{"href":"https:\/\/novosaopaulo.com.br\/n1\/wp-json\/wp\/v2\/posts"}],"about":[{"href":"https:\/\/novosaopaulo.com.br\/n1\/wp-json\/wp\/v2\/types\/post"}],"author":[{"embeddable":true,"href":"https:\/\/novosaopaulo.com.br\/n1\/wp-json\/wp\/v2\/users\/1"}],"replies":[{"embeddable":true,"href":"https:\/\/novosaopaulo.com.br\/n1\/wp-json\/wp\/v2\/comments?post=22683"}],"version-history":[{"count":1,"href":"https:\/\/novosaopaulo.com.br\/n1\/wp-json\/wp\/v2\/posts\/22683\/revisions"}],"predecessor-version":[{"id":22685,"href":"https:\/\/novosaopaulo.com.br\/n1\/wp-json\/wp\/v2\/posts\/22683\/revisions\/22685"}],"wp:featuredmedia":[{"embeddable":true,"href":"https:\/\/novosaopaulo.com.br\/n1\/wp-json\/wp\/v2\/media\/22684"}],"wp:attachment":[{"href":"https:\/\/novosaopaulo.com.br\/n1\/wp-json\/wp\/v2\/media?parent=22683"}],"wp:term":[{"taxonomy":"category","embeddable":true,"href":"https:\/\/novosaopaulo.com.br\/n1\/wp-json\/wp\/v2\/categories?post=22683"},{"taxonomy":"post_tag","embeddable":true,"href":"https:\/\/novosaopaulo.com.br\/n1\/wp-json\/wp\/v2\/tags?post=22683"}],"curies":[{"name":"wp","href":"https:\/\/api.w.org\/{rel}","templated":true}]}}