{"id":22677,"date":"2025-02-26T18:55:53","date_gmt":"2025-02-26T21:55:53","guid":{"rendered":"https:\/\/novosaopaulo.com.br\/n1\/?p=22677"},"modified":"2025-02-26T18:55:54","modified_gmt":"2025-02-26T21:55:54","slug":"governo-de-sao-paulo-divulga-lista-com-mais-500-estudantes-selecionados-para-intercambio-do-prontos-pro-mundo","status":"publish","type":"post","link":"https:\/\/novosaopaulo.com.br\/n1\/governo-de-sao-paulo-divulga-lista-com-mais-500-estudantes-selecionados-para-intercambio-do-prontos-pro-mundo\/","title":{"rendered":"Governo de S\u00e3o Paulo divulga lista com mais 500 estudantes selecionados para interc\u00e2mbio do Prontos pro Mundo"},"content":{"rendered":"\n<p>Selecionados se somam aos 500 alunos classificados no ano passado para as primeiras viagens do programa desde o seu lan\u00e7amento<\/p>\n\n\n\n<p>A Secretaria da Educa\u00e7\u00e3o do Estado de S\u00e3o Paulo (Seduc-SP) divulgou na tarde desta ter\u00e7a-feira (25) a lista dos 500 estudantes selecionados para a segunda etapa do programa Prontos pro Mundo, iniciativa do Governo do Estado que beneficia alunos da rede p\u00fablica com viagens de interc\u00e2mbio a pa\u00edses de l\u00edngua inglesa. O an\u00fancio foi feito pelo governador Tarc\u00edsio de Freitas.<\/p>\n\n\n\n<p>Os novos 500 selecionados se somam aos 500 alunos classificados no ano passado para as primeiras viagens do programa desde o seu lan\u00e7amento \u2014 332 deles j\u00e1 est\u00e3o em solo internacional e os demais devem viajar nos pr\u00f3ximos meses. Anualmente, a Educa\u00e7\u00e3o deve levar 1.000 alunos para estadias de tr\u00eas meses a pa\u00edses de l\u00edngua inglesa, como Austr\u00e1lia, Canad\u00e1, Nova Zel\u00e2ndia e Reino Unido. S\u00e3o 500 a cada semestre. A lista de sele\u00e7\u00e3o est\u00e1 publicada no portal do programa, em https:\/\/www.prontospromundo.educacao.sp.gov.br\/.<\/p>\n\n\n\n<p>A proposta da Seduc-SP \u00e9 levar alunos de todas as regi\u00f5es do estado para a viagem. Das 645 cidades do estado, em 318 delas h\u00e1 ao menos um aluno que cumpriu todos os requisitos de sele\u00e7\u00e3o, que incluem presen\u00e7a no curso preparat\u00f3rio de ingl\u00eas e nas aulas regulares do Ensino M\u00e9dio, aprova\u00e7\u00e3o na prova de ingl\u00eas e boas notas no boletim bimestral.<\/p>\n\n\n\n<p>O governador Tarc\u00edsio de Freitas ligou para dois alunos para anunciar a sele\u00e7\u00e3o. Receberam a liga\u00e7\u00e3o o aluno Felipe Costa dos Santos, de Brodowski, Aline Soares dos Santos, moradora do Cap\u00e3o Redondo, na zona sul da capital, e Ana Lara dos Santos Leite, de Ipe\u00fana, tamb\u00e9m no interior.<\/p>\n\n\n\n<p>Felipe Costa dos Santos, de 15 anos de idade, est\u00e1 matriculado na Escola Estadual Coronel Jos\u00e9 Aleixo da Silva Passos. \u201cEu nunca tinha feito curso de ingl\u00eas antes e, assim que come\u00e7aram as aulas preparat\u00f3rias do Prontos pro Mundo, entendi mais o idioma e tive mais seguran\u00e7a para falar em ingl\u00eas. Vira e mexe, em casa, eu paro o que estou fazendo para aprender e dizer novas palavras. Meu sonho sempre foi ver a neve, espero que ele seja realizado\u201d, conta. O aluno est\u00e1 entre os selecionados que viajar\u00e3o para o Canad\u00e1.<\/p>\n\n\n\n<p>Felipe Costa dos Santos<\/p>\n\n\n\n<p>Estudante da Escola Estadual Leopoldo Santana, na zona sul da capital, Aline estava ansiosa pela divulga\u00e7\u00e3o dos selecionados. \u201cSempre que poss\u00edvel, eu passava pela sala da coordenadora da escola para saber se a lista tinha sa\u00eddo. Essa \u00e9 uma oportunidade \u00fanica, destinada a poucos alunos e eu certamente n\u00e3o teria essa chance t\u00e3o cedo. Ter sido selecionada \u00e9 resultado do meu esfor\u00e7o, dedica\u00e7\u00e3o e compromisso com o Saresp, com as aulas de ingl\u00eas preparat\u00f3rias e com as provas de sele\u00e7\u00e3o do programa\u201d, reconhece Aline. Na regi\u00e3o do Cap\u00e3o Redondo, Aline mora com a m\u00e3e, Erika, que trabalha em um restaurante, com o pai, F\u00e1bio, que atua em um posto de gasolina e com o irm\u00e3o Diogo, trabalhador da \u00e1rea de limpeza.<\/p>\n\n\n\n<p>Aline Soares dos Santos<\/p>\n\n\n\n<p>Liga\u00e7\u00e3o na pizzaria<\/p>\n\n\n\n<p>Ana Lara dos Santos Leite, de 15 anos de idade, moradora da cidade de Ipe\u00fana, no interior do estado, estuda em tempo integral e, ap\u00f3s as aulas, trabalha em uma pizzaria da cidade. Ela estava no trabalho quando recebeu a not\u00edcia do governador Tarc\u00edsio de Freitas.<\/p>\n\n\n\n<p>Ela \u00e9 a primeira aluna do munic\u00edpio localizado a 191 quil\u00f4metros da capital beneficiada pelo Prontos pro Mundo e tem viagem garantida para o Canad\u00e1. \u201cDesde crian\u00e7a eu dizia \u00e0 minha av\u00f3 S\u00f4nia, que mora na Bahia, que gostaria de morar em outro pa\u00eds\u201d, diz.<\/p>\n\n\n\n<p>A adolescente tem treinado o idioma em casa enquanto assiste a desenhos infantis com o primo-irm\u00e3o Kau\u00e3. Em Ipe\u00fana, ela mora com os tios Adriana e Genildo e est\u00e1 matriculada na Escola Estadual Silvia Aparecida Bueno Ortolan, e trabalha \u00e0 noite como atendente de uma pizzaria.<\/p>\n\n\n\n<p>Na Escola Silvia, que agora tem Ana Lara como inspira\u00e7\u00e3o, o aprendizado de ingl\u00eas tem se tornado meta entre todos os estudantes. O diretor da unidade, professor Jesiel Eliezer Zerbo, conta que a professora de l\u00edngua inglesa Elen Daud, colocou 100% dos alunos para fazerem as aulas de ingl\u00eas da plataforma Speak, da Secretaria da Educa\u00e7\u00e3o, com direito a impress\u00e3o dos certificados como incentivo \u00e0 participa\u00e7\u00e3o. Na mesma escola, o professor de geografia, Gabriel Coimbra Duque, fez turmas para discuss\u00f5es de estudos sobre as aulas de ingl\u00eas com os alunos selecionados para o curso de idiomas preparat\u00f3rio do Prontos pro Mundo.<\/p>\n\n\n\n<p>Ana Lara dos Santos Leite<\/p>\n\n\n\n<p>\u201cN\u00f3s divulgamos os nomes desses 500 estudantes, que totalizam os 1.000 estudantes que viajar\u00e3o em 2025. Essa \u00e9 uma alegria muito grande, uma expectativa muito grande e um est\u00edmulo para os nossos alunos que viajam no ano que vem\u201d, diz o secret\u00e1rio da Educa\u00e7\u00e3o do estado de S\u00e3o Paulo, Renato Feder.<\/p>\n\n\n\n<p>Feder destacou ainda o processo de sele\u00e7\u00e3o do programa. \u201cO Prontos pro Mundo \u00e9 uma lei estadual do governador Tarc\u00edsio que vai se perenizar, ent\u00e3o todos os alunos do 9\u00ba ano das escolas estaduais t\u00eam que se concentrar no Saresp e depois, na 1\u00aa s\u00e9rie do Ensino M\u00e9dio, estudar ingl\u00eas para concorrer a uma das vagas do interc\u00e2mbio\u201d, explicou o secret\u00e1rio sobre o processo de sele\u00e7\u00e3o.<\/p>\n\n\n\n<p>\u2018Precisei melhorar minhas notas em educa\u00e7\u00e3o f\u00edsica\u2019<\/p>\n\n\n\n<p>Na sele\u00e7\u00e3o do Prontos pro Mundo, o ranking de selecionados considera, inicialmente, um aluno por cada munic\u00edpio e, ap\u00f3s ocupadas as 318 vagas referentes \u00e0s cidades que atendem aos requisitos do programa, as demais vagas s\u00e3o destinadas de acordo com a ordem de aprova\u00e7\u00e3o dos estudantes em todas as etapas. O selecionado da cidade de S\u00e3o Paulo nesta segunda etapa \u00e9 o aluno Kauan Morais Silva, de 15 anos de idade, morador da zona leste.<\/p>\n\n\n\n<p>Kauan Morais Silva<\/p>\n\n\n\n<p>Kauan estuda desde o 6\u00ba ano na Escola Estadual Professor Santos Amaro da Cruz, localizada no Jardim Colorado. Ter estudado durante todos os anos finais do Ensino Fundamental \u00e9 uma das regras para que um aluno seja beneficiado pelo programa e Kauan esteve sempre em uma mesma escola.<\/p>\n\n\n\n<p>O adolescente confessa que precisou se dedicar para conquistar um lugar na segunda etapa do Prontos pro Mundo depois que um \u201cdeslize\u201d tirou o aluno da disputa das primeiras 500 vagas, anunciadas em 2024 para as viagens deste primeiro semestre. \u201cEu me considero um bom aluno, mas \u00e9 preciso ter boas notas em todas as disciplinas. Me faltou ter uma boa nota em educa\u00e7\u00e3o f\u00edsica, uma \u00e1rea que eu n\u00e3o me interessava tanto. Precisei me esfor\u00e7ar mais nessas aulas para estar entre os selecionados agora\u201d, conta.<\/p>\n\n\n\n<p>Kauan reconhece que as etapas de sele\u00e7\u00e3o do Prontos pro Mundo valorizaram os estudantes que se engajam e se interessam pelos estudos e destaca o incentivo de seus pais para que ele seja um bom aluno. \u201cMeus pais vieram do nordeste e sabem como a educa\u00e7\u00e3o faz falta\u201d, conta ele. A m\u00e3e de Kauan, Zenilda, fez os anos iniciais do Ensino Fundamental e o pai, Dami\u00e3o, n\u00e3o concluiu a mesma etapa de escolariza\u00e7\u00e3o.<\/p>\n\n\n\n<p>No interc\u00e2mbio, Kauan ficar\u00e1 tr\u00eas meses no Canad\u00e1, onde cursar\u00e1 high school \u2014 etapa semelhante ao Ensino M\u00e9dio. Ele diz que at\u00e9 o Prontos pro Mundo nunca imaginou que pudesse fazer interc\u00e2mbio, mas imaginava que um dia, quando adulto, pudesse morar em um dos pa\u00edses do norte do globo. Para isso, desde j\u00e1 est\u00e1 de olho em profiss\u00f5es que podem garantir um trabalho no exterior. Na escola Professor Santos Amaro da Cruz ele est\u00e1 matriculado no Ensino M\u00e9dio T\u00e9cnico no curso de desenvolvimento de sistemas, com aulas na pr\u00f3pria unidade de ensino. Ele tamb\u00e9m pretende fazer faculdade na mesma \u00e1rea e j\u00e1 tem se dedicado ao Prov\u00e3o Paulista Seriado. Em 2024, fez a primeira das tr\u00eas provas de sele\u00e7\u00e3o da Seduc-SP para as faculdades e universidades paulistas.<\/p>\n","protected":false},"excerpt":{"rendered":"<p>Selecionados se somam aos 500 alunos classificados no ano passado para as primeiras viagens do&#8230;<\/p>\n","protected":false},"author":1,"featured_media":22678,"comment_status":"open","ping_status":"open","sticky":false,"template":"","format":"standard","meta":{"footnotes":""},"categories":[49],"tags":[],"featured_image_urls":{"full":["https:\/\/novosaopaulo.com.br\/n1\/wp-content\/uploads\/2025\/02\/beaf9911-49ac-48d2-8774-4dce880beecd.jpg",1600,1066,false],"thumbnail":["https:\/\/novosaopaulo.com.br\/n1\/wp-content\/uploads\/2025\/02\/beaf9911-49ac-48d2-8774-4dce880beecd-150x150.jpg",150,150,true],"medium":["https:\/\/novosaopaulo.com.br\/n1\/wp-content\/uploads\/2025\/02\/beaf9911-49ac-48d2-8774-4dce880beecd-300x200.jpg",300,200,true],"medium_large":["https:\/\/novosaopaulo.com.br\/n1\/wp-content\/uploads\/2025\/02\/beaf9911-49ac-48d2-8774-4dce880beecd-768x512.jpg",640,427,true],"large":["https:\/\/novosaopaulo.com.br\/n1\/wp-content\/uploads\/2025\/02\/beaf9911-49ac-48d2-8774-4dce880beecd-1024x682.jpg",640,426,true],"1536x1536":["https:\/\/novosaopaulo.com.br\/n1\/wp-content\/uploads\/2025\/02\/beaf9911-49ac-48d2-8774-4dce880beecd-1536x1023.jpg",1536,1023,true],"2048x2048":["https:\/\/novosaopaulo.com.br\/n1\/wp-content\/uploads\/2025\/02\/beaf9911-49ac-48d2-8774-4dce880beecd.jpg",1600,1066,false],"newsever-slider-full":["https:\/\/novosaopaulo.com.br\/n1\/wp-content\/uploads\/2025\/02\/beaf9911-49ac-48d2-8774-4dce880beecd-1280x845.jpg",1280,845,true],"newsever-featured":["https:\/\/novosaopaulo.com.br\/n1\/wp-content\/uploads\/2025\/02\/beaf9911-49ac-48d2-8774-4dce880beecd-1024x682.jpg",1024,682,true],"newsever-medium":["https:\/\/novosaopaulo.com.br\/n1\/wp-content\/uploads\/2025\/02\/beaf9911-49ac-48d2-8774-4dce880beecd-720x475.jpg",720,475,true]},"author_info":{"display_name":"Reda\u00e7\u00e3o","author_link":"https:\/\/novosaopaulo.com.br\/n1\/author\/g5poa\/"},"category_info":"<a href=\"https:\/\/novosaopaulo.com.br\/n1\/category\/governo-de-sp\/\" rel=\"category tag\">Governo de SP<\/a>","tag_info":"Governo de SP","comment_count":"0","_links":{"self":[{"href":"https:\/\/novosaopaulo.com.br\/n1\/wp-json\/wp\/v2\/posts\/22677"}],"collection":[{"href":"https:\/\/novosaopaulo.com.br\/n1\/wp-json\/wp\/v2\/posts"}],"about":[{"href":"https:\/\/novosaopaulo.com.br\/n1\/wp-json\/wp\/v2\/types\/post"}],"author":[{"embeddable":true,"href":"https:\/\/novosaopaulo.com.br\/n1\/wp-json\/wp\/v2\/users\/1"}],"replies":[{"embeddable":true,"href":"https:\/\/novosaopaulo.com.br\/n1\/wp-json\/wp\/v2\/comments?post=22677"}],"version-history":[{"count":1,"href":"https:\/\/novosaopaulo.com.br\/n1\/wp-json\/wp\/v2\/posts\/22677\/revisions"}],"predecessor-version":[{"id":22679,"href":"https:\/\/novosaopaulo.com.br\/n1\/wp-json\/wp\/v2\/posts\/22677\/revisions\/22679"}],"wp:featuredmedia":[{"embeddable":true,"href":"https:\/\/novosaopaulo.com.br\/n1\/wp-json\/wp\/v2\/media\/22678"}],"wp:attachment":[{"href":"https:\/\/novosaopaulo.com.br\/n1\/wp-json\/wp\/v2\/media?parent=22677"}],"wp:term":[{"taxonomy":"category","embeddable":true,"href":"https:\/\/novosaopaulo.com.br\/n1\/wp-json\/wp\/v2\/categories?post=22677"},{"taxonomy":"post_tag","embeddable":true,"href":"https:\/\/novosaopaulo.com.br\/n1\/wp-json\/wp\/v2\/tags?post=22677"}],"curies":[{"name":"wp","href":"https:\/\/api.w.org\/{rel}","templated":true}]}}