{"id":22668,"date":"2025-02-26T18:51:41","date_gmt":"2025-02-26T21:51:41","guid":{"rendered":"https:\/\/novosaopaulo.com.br\/n1\/?p=22668"},"modified":"2025-02-26T18:51:42","modified_gmt":"2025-02-26T21:51:42","slug":"opereta-saira-com-bloco-de-carnaval-pela-1a-vez-em-poa","status":"publish","type":"post","link":"https:\/\/novosaopaulo.com.br\/n1\/opereta-saira-com-bloco-de-carnaval-pela-1a-vez-em-poa\/","title":{"rendered":"Opereta sair\u00e1 com bloco de carnaval pela 1\u00aa vez em Po\u00e1"},"content":{"rendered":"\n<p>Bloco da Lira El\u00e9trica desfilar\u00e1 pelas ruas do centro da cidade, neste domingo, dia 2, a partir das 15h<\/p>\n\n\n\n<p>O N\u00facleo Teatral Opereta em parceria com a Associa\u00e7\u00e3o Cultural se preparam para lan\u00e7ar neste carnaval, o primeiro bloco carnavalesco da institui\u00e7\u00e3o. O bloco da Lira El\u00e9trica vai desfilar pelas ruas da cidade de Po\u00e1, no domingo de carnaval, dia 2, a partir das 15 horas, na Avenida Nove de Julho, altura do 1.400, em frente ao Bar do Fl\u00f4 (ao lado do supermercado Semar). A apoteose ser\u00e1 na Pra\u00e7a Afonso Carlos Fernandes, na Vila Sopreter, em frente ao Espa\u00e7o Cultural Opereta.<\/p>\n\n\n\n<p>O Carnaval Opereta ja\u0301 e\u0301 uma tradic\u0327a\u0303o em Poa\u0301. Realizado ha\u0301 mais de 10 anos, o evento sempre acontece na prac\u0327a da Vila Sopreter. Em 2024 integrantes do Nu\u0301cleo Teatral Opereta e organizadores do evento, ofereceram uma oficina de percussa\u0303o com o objetivo de montar uma equipe para animar a folia com mu\u0301sicas ao vivo. A ideia deu ta\u0303o certo que foi repetida em 2025 e o resultado podera\u0301 ser visto no dia 2 de marc\u0327o, pelas ruas da cidade.<\/p>\n\n\n\n<p>A novidade para a edic\u0327a\u0303o deste ano ao inv\u00e9s de ficar concentrado na pra\u00e7a o grupo sair\u00e1 com um bloco, cuja animac\u0327a\u0303o vai comec\u0327ar em outro ponto da cidade, a avenida Nove de Julho at\u00e9 chegar na Prac\u0327a Afonso Carlos Fernandes onde ja\u0301 estara\u0301 ocorrendo oficinas de maquiagem e brinquedos populares, ale\u0301m de uma prac\u0327a de alimentac\u0327a\u0303o. A festa deve se encerrar por volta das 20 horas.<\/p>\n\n\n\n<p>Durante o cortejo, sera\u0303o divulgados cartazes com frases pedindo respeito no Carnaval. Participantes devidamente identificados tambe\u0301m fara\u0303o acolhimento a pessoas que se sentirem assediadas durante o evento.<\/p>\n\n\n\n<p>Esquenta<\/p>\n\n\n\n<p>Para abrir as comemorac\u0327o\u0303es, no pro\u0301ximo dia 26, a partir das 19h30, o Bloco Lira Ele\u0301trica vai receber o Bloco da Combuca de Mogi das Cruzes e juntos fara\u0303o um grande ensaio aberto tambe\u0301m na Prac\u0327a Afonso Carlos Fernandes.<\/p>\n\n\n\n<p>Todas as atividades sera\u0303o gratuitas e oferecidas para todos os pu\u0301blicos.<\/p>\n\n\n\n<p>SERVI\u00c7O<\/p>\n\n\n\n<p>Carnaval Opereta 2025<\/p>\n\n\n\n<p>Data: 02\/03<\/p>\n\n\n\n<p>Hor\u00e1rio: das 15h \u00e0s 20h<\/p>\n\n\n\n<p>Classifica\u00e7\u00e3o: Livre<\/p>\n\n\n\n<p>Valor: Gr\u00e1tis (apenas consuma\u00e7\u00e3o)<\/p>\n\n\n\n<p>Local: Concentra\u00e7\u00e3o &#8211; Av. Nove de Julho, altura do 1.400 e Apoteose na Pra\u00e7a Afonso Carlos Fernandes, na Vila Sopreter.<\/p>\n\n\n\n<p>Expectativa de p\u00fablico: 100 pessoas<\/p>\n\n\n\n<p>Informa\u00e7\u00f5es: 11 99318-8001. (WhatsApp &#8211; Marco Senna)<\/p>\n\n\n\n<figure class=\"wp-block-gallery has-nested-images columns-default is-cropped wp-block-gallery-1 is-layout-flex wp-block-gallery-is-layout-flex\">\n<figure class=\"wp-block-image size-large\"><a href=\"https:\/\/novosaopaulo.com.br\/n1\/?attachment_id=22670\"><img fetchpriority=\"high\" decoding=\"async\" width=\"614\" height=\"460\" data-id=\"22670\" src=\"https:\/\/novosaopaulo.com.br\/n1\/wp-content\/uploads\/2025\/02\/Carnaval-Opereta@Victor-Fernandes.jpg\" alt=\"\" class=\"wp-image-22670\" srcset=\"https:\/\/novosaopaulo.com.br\/n1\/wp-content\/uploads\/2025\/02\/Carnaval-Opereta@Victor-Fernandes.jpg 614w, https:\/\/novosaopaulo.com.br\/n1\/wp-content\/uploads\/2025\/02\/Carnaval-Opereta@Victor-Fernandes-300x225.jpg 300w\" sizes=\"(max-width: 614px) 100vw, 614px\" \/><\/a><\/figure>\n\n\n\n<figure class=\"wp-block-image size-large\"><a href=\"https:\/\/novosaopaulo.com.br\/n1\/?attachment_id=22672\"><img decoding=\"async\" width=\"819\" height=\"614\" data-id=\"22672\" src=\"https:\/\/novosaopaulo.com.br\/n1\/wp-content\/uploads\/2025\/02\/Carnaval-Opereta4@Victor-Fernandes.jpg\" alt=\"\" class=\"wp-image-22672\" srcset=\"https:\/\/novosaopaulo.com.br\/n1\/wp-content\/uploads\/2025\/02\/Carnaval-Opereta4@Victor-Fernandes.jpg 819w, https:\/\/novosaopaulo.com.br\/n1\/wp-content\/uploads\/2025\/02\/Carnaval-Opereta4@Victor-Fernandes-300x225.jpg 300w, https:\/\/novosaopaulo.com.br\/n1\/wp-content\/uploads\/2025\/02\/Carnaval-Opereta4@Victor-Fernandes-768x576.jpg 768w\" sizes=\"(max-width: 819px) 100vw, 819px\" \/><\/a><\/figure>\n\n\n\n<figure class=\"wp-block-image size-large\"><a href=\"https:\/\/novosaopaulo.com.br\/n1\/?attachment_id=22671\"><img decoding=\"async\" width=\"716\" height=\"537\" data-id=\"22671\" src=\"https:\/\/novosaopaulo.com.br\/n1\/wp-content\/uploads\/2025\/02\/Carnaval-Opereta3@Victor-Fernandes.jpg\" alt=\"\" class=\"wp-image-22671\" srcset=\"https:\/\/novosaopaulo.com.br\/n1\/wp-content\/uploads\/2025\/02\/Carnaval-Opereta3@Victor-Fernandes.jpg 716w, https:\/\/novosaopaulo.com.br\/n1\/wp-content\/uploads\/2025\/02\/Carnaval-Opereta3@Victor-Fernandes-300x225.jpg 300w\" sizes=\"(max-width: 716px) 100vw, 716px\" \/><\/a><\/figure>\n<\/figure>\n","protected":false},"excerpt":{"rendered":"<p>Bloco da Lira El\u00e9trica desfilar\u00e1 pelas ruas do centro da cidade, neste domingo, dia 2,&#8230;<\/p>\n","protected":false},"author":1,"featured_media":22669,"comment_status":"open","ping_status":"open","sticky":false,"template":"","format":"standard","meta":{"footnotes":""},"categories":[2,45],"tags":[],"featured_image_urls":{"full":["https:\/\/novosaopaulo.com.br\/n1\/wp-content\/uploads\/2025\/02\/Carnaval-Opereta2@Victor-Fernandes.jpg",614,460,false],"thumbnail":["https:\/\/novosaopaulo.com.br\/n1\/wp-content\/uploads\/2025\/02\/Carnaval-Opereta2@Victor-Fernandes-150x150.jpg",150,150,true],"medium":["https:\/\/novosaopaulo.com.br\/n1\/wp-content\/uploads\/2025\/02\/Carnaval-Opereta2@Victor-Fernandes-300x225.jpg",300,225,true],"medium_large":["https:\/\/novosaopaulo.com.br\/n1\/wp-content\/uploads\/2025\/02\/Carnaval-Opereta2@Victor-Fernandes.jpg",614,460,false],"large":["https:\/\/novosaopaulo.com.br\/n1\/wp-content\/uploads\/2025\/02\/Carnaval-Opereta2@Victor-Fernandes.jpg",614,460,false],"1536x1536":["https:\/\/novosaopaulo.com.br\/n1\/wp-content\/uploads\/2025\/02\/Carnaval-Opereta2@Victor-Fernandes.jpg",614,460,false],"2048x2048":["https:\/\/novosaopaulo.com.br\/n1\/wp-content\/uploads\/2025\/02\/Carnaval-Opereta2@Victor-Fernandes.jpg",614,460,false],"newsever-slider-full":["https:\/\/novosaopaulo.com.br\/n1\/wp-content\/uploads\/2025\/02\/Carnaval-Opereta2@Victor-Fernandes.jpg",614,460,false],"newsever-featured":["https:\/\/novosaopaulo.com.br\/n1\/wp-content\/uploads\/2025\/02\/Carnaval-Opereta2@Victor-Fernandes.jpg",614,460,false],"newsever-medium":["https:\/\/novosaopaulo.com.br\/n1\/wp-content\/uploads\/2025\/02\/Carnaval-Opereta2@Victor-Fernandes.jpg",614,460,false]},"author_info":{"display_name":"Reda\u00e7\u00e3o","author_link":"https:\/\/novosaopaulo.com.br\/n1\/author\/g5poa\/"},"category_info":"<a href=\"https:\/\/novosaopaulo.com.br\/n1\/category\/cidades\/\" rel=\"category tag\">Cidades<\/a> <a href=\"https:\/\/novosaopaulo.com.br\/n1\/category\/cultura\/\" rel=\"category tag\">Cultura<\/a>","tag_info":"Cultura","comment_count":"0","_links":{"self":[{"href":"https:\/\/novosaopaulo.com.br\/n1\/wp-json\/wp\/v2\/posts\/22668"}],"collection":[{"href":"https:\/\/novosaopaulo.com.br\/n1\/wp-json\/wp\/v2\/posts"}],"about":[{"href":"https:\/\/novosaopaulo.com.br\/n1\/wp-json\/wp\/v2\/types\/post"}],"author":[{"embeddable":true,"href":"https:\/\/novosaopaulo.com.br\/n1\/wp-json\/wp\/v2\/users\/1"}],"replies":[{"embeddable":true,"href":"https:\/\/novosaopaulo.com.br\/n1\/wp-json\/wp\/v2\/comments?post=22668"}],"version-history":[{"count":1,"href":"https:\/\/novosaopaulo.com.br\/n1\/wp-json\/wp\/v2\/posts\/22668\/revisions"}],"predecessor-version":[{"id":22673,"href":"https:\/\/novosaopaulo.com.br\/n1\/wp-json\/wp\/v2\/posts\/22668\/revisions\/22673"}],"wp:featuredmedia":[{"embeddable":true,"href":"https:\/\/novosaopaulo.com.br\/n1\/wp-json\/wp\/v2\/media\/22669"}],"wp:attachment":[{"href":"https:\/\/novosaopaulo.com.br\/n1\/wp-json\/wp\/v2\/media?parent=22668"}],"wp:term":[{"taxonomy":"category","embeddable":true,"href":"https:\/\/novosaopaulo.com.br\/n1\/wp-json\/wp\/v2\/categories?post=22668"},{"taxonomy":"post_tag","embeddable":true,"href":"https:\/\/novosaopaulo.com.br\/n1\/wp-json\/wp\/v2\/tags?post=22668"}],"curies":[{"name":"wp","href":"https:\/\/api.w.org\/{rel}","templated":true}]}}