{"id":22665,"date":"2025-02-26T18:48:18","date_gmt":"2025-02-26T21:48:18","guid":{"rendered":"https:\/\/novosaopaulo.com.br\/n1\/?p=22665"},"modified":"2025-02-26T18:48:18","modified_gmt":"2025-02-26T21:48:18","slug":"teatro-infantil-casamento-de-dona-baratinha-anuncia-curta-temporada-no-teatro-west-plaza","status":"publish","type":"post","link":"https:\/\/novosaopaulo.com.br\/n1\/teatro-infantil-casamento-de-dona-baratinha-anuncia-curta-temporada-no-teatro-west-plaza\/","title":{"rendered":"Teatro infantil: \u201cCasamento de Dona Baratinha\u201d anuncia curta temporada no Teatro West Plaza"},"content":{"rendered":"\n<p>Produ\u00e7\u00e3o destaca em cena, os experientes atores Regina Vallim e Lu\u00eds Kifer<\/p>\n\n\n\n<p>O domingo especial entre pais e filhos pode ser contemplado com a visita\u00e7\u00e3o ao teatro. Em destaque, ao longo do m\u00eas de mar\u00e7o, o espet\u00e1culo infantil com m\u00fasica ao vivo, \u201cO Casamento de Dona Baratinha\u201d reserva um programa memor\u00e1vel. Em temporada no Teatro West Plaza, nos dias 9\/ 16 \/ 23 e 31 de mar\u00e7o, a montagem encenada pelos atores Regina Vallim e Lu\u00eds Kifer, apresenta os pretendentes de dona Baratinha de forma divertida com can\u00e7\u00f5es infantis<\/p>\n\n\n\n<p>O p\u00fablico confere a hist\u00f3ria de uma barata cozinheira que ao ser premiada em um concurso de culin\u00e1ria consegue editar seu livro de receitas e torna-se rica. Com as receitas m\u00e1gicas surgem os pretendentes que n\u00e3o possuem qualidades necess\u00e1rias para um matrim\u00f4nio regado \u00e0 perfei\u00e7\u00e3o.<\/p>\n\n\n\n<p>No enredo, a personagem Dona Baratinha \u00e9 uma ex-funcion\u00e1ria de uma f\u00e1brica de sab\u00e3o que depois do sucesso de seu livro de receitas resolve se casar, e para isso utiliza suas receitas m\u00e1gicas. Os pretendentes trazem caracter\u00edsticas negativas como: orgulho, pregui\u00e7a, avareza, gula,proporcionando \u00e0 plateia uma reflex\u00e3o sobre o comportamento humano. No final, Dona Baratinha consegue encontrar seu marido: um ex-colega de trabalho, um \u201cbarato\u201d sincero, honesto e apaixonado<\/p>\n\n\n\n<p>A montagem apresentada pela \u201cCia de Artes ReInVento\u201d destaca um \u00e9 um novo momento da \u201cCia M\u00fasica, Teatro e Dan\u00e7a\u201d, que atuou em S\u00e3o Paulo entre os anos de 2006 a 2012 e decorre do Grupo \u2018Elfos- Teatro e Dan\u00e7a\u201d, idealizado em 1985 por Regina Vallim, visa a amplia\u00e7\u00e3o de um repert\u00f3rio cultural via a apresenta\u00e7\u00e3o de elementos do teatro musical que valorizam a pluralidade cultural brasileira.<\/p>\n\n\n\n<p>Sobre os atores<\/p>\n\n\n\n<p>Elenco Regina Vallim<br>Atriz\/ bailarina\/ core\u00f3grafa.Professora de teatro\/ dan\u00e7a e yoga. In\u00edcio dos estudos em ballet em 1956 no Conservat\u00f3rio Musical Carlos Gomes (Campinas), posteriormente no Conservat\u00f3rio Musical Campinas, sendo aluna de Mozart Xavier e tamb\u00e9m na Escola de Ballet Marylena Costa. Participou em apresenta\u00e7\u00f5es nos programas infantis na TV TUPI, TV RECORD E TV EXCELSIOR na d\u00e9cada de 1960. Forma\u00e7\u00e3o em dan\u00e7a pela Etarp ( Ribeir\u00e3o Preto) em 1977.Participou do corpo de baile da academia de Ballet Lina Penteado ( Campinas) e da Cia de dan\u00e7a Marylena Costa ( Campinas). Curso de extens\u00e3o pela Extecamp- &#8220;Expressividade e Forma do Movimento\u201d<\/p>\n\n\n\n<p>Lu\u00eds Kifer<br>Aula de Canto com Ci\u00e7a Baradel (2019-dias atuais)\/ Curso Livre de Teatro oferecido pelo \u201cCol\u00e9gio Objetivo Itatiba\u201d\/ (2017-2022) Curso Profissionalizante de Teatro, Dublagem, Cinema e TV em \u201cUp Arts\u201d (2022-dias atuais). Coral \u201cEm Canto\u201d regido por Ci\u00e7a Baradel (2017-dias atuais). 2024 &#8211; Curta-Metragem &#8211; \u201cNem Tudo S\u00e3o M\u00e1scaras\u201d gravado em S\u00e3o Paulo, realizado por alunas do Col\u00e9gio FECAP, Pe\u00e7a Teatral &#8211; \u201cPedro Galo: O Imperador de Si Mesmo\u201d na UpArts em Campinas; dire\u00e7\u00e3o de Carol Vivaldi 2023 &#8211; Sarau &#8211; \u201cO Circo Imprevis\u00edvel: Uma Noite de Cinema e Jazz\u201d na UpArts em Campinas; dire\u00e7\u00e3o de Hector Espagnoli, Luciana Mizutani e Carol Vivaldi. Pe\u00e7a Teatral &#8211; \u201cA Lenda de Vila Metr\u00f3pole: Aquele que Diz Sim, Aquele que Diz N\u00e3o\u201d na UpArts em Campinas; dire\u00e7\u00e3o de Juliana Calligaris 2022 &#8211; Pe\u00e7a Teatral &#8211; \u201cDe Como A Loucura Seduziu Ningu\u00e9m\u201d na UpArts em Campinas; dire\u00e7\u00e3o de Juliana Calligaris. Pe\u00e7a Teatral &#8211; \u201cEm Busca do Cometa Halley\u201d no Teatro Ralino Zambotto em Itatiba; dire\u00e7\u00e3o de Jo\u00e3o Bortolozzo.<\/p>\n\n\n\n<p>FICHA T\u00c9CNICA<br>Adapta\u00e7\u00e3o e dire\u00e7\u00e3o: Regina Vallim<br>M\u00fasico: Lu\u00eds Kifer<br>Produ\u00e7\u00e3o Geral: Gerardo Franco<br>Figurino \/Cen\u00e1rio \/ Adere\u00e7os: Cia de Artes ReIn Vento<br>Operador T\u00e9cnico \u2013 Yago Macarenhas<br>Designer art\u00edstico &#8211; Heldel Silva<br>Assessoria de Imprensa &#8211; Davi Brand\u00e3o<br>Realiza\u00e7\u00e3o &#8211; Splendore Produ\u00e7oes e Eventos Re In Vvento<\/p>\n\n\n\n<p>SERVI\u00c7O:<\/p>\n\n\n\n<p>O Casamento de Dona Baratinha<br>Onde: Teatro West Plaza, na Avenida Ant\u00e1rtica, 408, \u00c1gua Branca<br>Quando: Dias 9\/ 16 \/ 23\/ 31 de mar\u00e7o (domingos)<br>Hor\u00e1rio: \u00e0s 15h30<br>Ingressos: R$ 29,90 (pre\u00e7o promocional). Importante: Crian\u00e7as: A partir de 2 anos necessitam de ingresso. Menores de 2 anos t\u00eam gratuidade, mediante apresenta\u00e7\u00e3o de RG ou certid\u00e3o de nascimento.<br>Compra de ingressos: https:\/\/www.ingressoparatodos.com.br\/evento\/o_casamento_de_dona_baratinha_teatro_west_plaza_shopping_49067<\/p>\n","protected":false},"excerpt":{"rendered":"<p>Produ\u00e7\u00e3o destaca em cena, os experientes atores Regina Vallim e Lu\u00eds Kifer O domingo especial&#8230;<\/p>\n","protected":false},"author":1,"featured_media":22666,"comment_status":"open","ping_status":"open","sticky":false,"template":"","format":"standard","meta":{"footnotes":""},"categories":[2,45],"tags":[],"featured_image_urls":{"full":["https:\/\/novosaopaulo.com.br\/n1\/wp-content\/uploads\/2025\/02\/WhatsApp-Image-2025-02-26-at-16.05.30.jpeg",560,315,false],"thumbnail":["https:\/\/novosaopaulo.com.br\/n1\/wp-content\/uploads\/2025\/02\/WhatsApp-Image-2025-02-26-at-16.05.30-150x150.jpeg",150,150,true],"medium":["https:\/\/novosaopaulo.com.br\/n1\/wp-content\/uploads\/2025\/02\/WhatsApp-Image-2025-02-26-at-16.05.30-300x169.jpeg",300,169,true],"medium_large":["https:\/\/novosaopaulo.com.br\/n1\/wp-content\/uploads\/2025\/02\/WhatsApp-Image-2025-02-26-at-16.05.30.jpeg",560,315,false],"large":["https:\/\/novosaopaulo.com.br\/n1\/wp-content\/uploads\/2025\/02\/WhatsApp-Image-2025-02-26-at-16.05.30.jpeg",560,315,false],"1536x1536":["https:\/\/novosaopaulo.com.br\/n1\/wp-content\/uploads\/2025\/02\/WhatsApp-Image-2025-02-26-at-16.05.30.jpeg",560,315,false],"2048x2048":["https:\/\/novosaopaulo.com.br\/n1\/wp-content\/uploads\/2025\/02\/WhatsApp-Image-2025-02-26-at-16.05.30.jpeg",560,315,false],"newsever-slider-full":["https:\/\/novosaopaulo.com.br\/n1\/wp-content\/uploads\/2025\/02\/WhatsApp-Image-2025-02-26-at-16.05.30.jpeg",560,315,false],"newsever-featured":["https:\/\/novosaopaulo.com.br\/n1\/wp-content\/uploads\/2025\/02\/WhatsApp-Image-2025-02-26-at-16.05.30.jpeg",560,315,false],"newsever-medium":["https:\/\/novosaopaulo.com.br\/n1\/wp-content\/uploads\/2025\/02\/WhatsApp-Image-2025-02-26-at-16.05.30.jpeg",560,315,false]},"author_info":{"display_name":"Reda\u00e7\u00e3o","author_link":"https:\/\/novosaopaulo.com.br\/n1\/author\/g5poa\/"},"category_info":"<a href=\"https:\/\/novosaopaulo.com.br\/n1\/category\/cidades\/\" rel=\"category tag\">Cidades<\/a> <a href=\"https:\/\/novosaopaulo.com.br\/n1\/category\/cultura\/\" rel=\"category tag\">Cultura<\/a>","tag_info":"Cultura","comment_count":"0","_links":{"self":[{"href":"https:\/\/novosaopaulo.com.br\/n1\/wp-json\/wp\/v2\/posts\/22665"}],"collection":[{"href":"https:\/\/novosaopaulo.com.br\/n1\/wp-json\/wp\/v2\/posts"}],"about":[{"href":"https:\/\/novosaopaulo.com.br\/n1\/wp-json\/wp\/v2\/types\/post"}],"author":[{"embeddable":true,"href":"https:\/\/novosaopaulo.com.br\/n1\/wp-json\/wp\/v2\/users\/1"}],"replies":[{"embeddable":true,"href":"https:\/\/novosaopaulo.com.br\/n1\/wp-json\/wp\/v2\/comments?post=22665"}],"version-history":[{"count":1,"href":"https:\/\/novosaopaulo.com.br\/n1\/wp-json\/wp\/v2\/posts\/22665\/revisions"}],"predecessor-version":[{"id":22667,"href":"https:\/\/novosaopaulo.com.br\/n1\/wp-json\/wp\/v2\/posts\/22665\/revisions\/22667"}],"wp:featuredmedia":[{"embeddable":true,"href":"https:\/\/novosaopaulo.com.br\/n1\/wp-json\/wp\/v2\/media\/22666"}],"wp:attachment":[{"href":"https:\/\/novosaopaulo.com.br\/n1\/wp-json\/wp\/v2\/media?parent=22665"}],"wp:term":[{"taxonomy":"category","embeddable":true,"href":"https:\/\/novosaopaulo.com.br\/n1\/wp-json\/wp\/v2\/categories?post=22665"},{"taxonomy":"post_tag","embeddable":true,"href":"https:\/\/novosaopaulo.com.br\/n1\/wp-json\/wp\/v2\/tags?post=22665"}],"curies":[{"name":"wp","href":"https:\/\/api.w.org\/{rel}","templated":true}]}}