{"id":22659,"date":"2025-02-25T23:25:15","date_gmt":"2025-02-26T02:25:15","guid":{"rendered":"https:\/\/novosaopaulo.com.br\/n1\/?p=22659"},"modified":"2025-02-25T23:25:15","modified_gmt":"2025-02-26T02:25:15","slug":"apos-inauguracao-com-casa-lotadalacerdine-galeria-de-arte-esta-aberta-ao-publico-com-programacao-semanal","status":"publish","type":"post","link":"https:\/\/novosaopaulo.com.br\/n1\/apos-inauguracao-com-casa-lotadalacerdine-galeria-de-arte-esta-aberta-ao-publico-com-programacao-semanal\/","title":{"rendered":"Ap\u00f3s inaugura\u00e7\u00e3o com casa lotada,Lacerdine Galeria de Arte est\u00e1 aberta ao p\u00fablico com programa\u00e7\u00e3o semanal"},"content":{"rendered":"\n<p>Com a exposi\u00e7\u00e3o \u201cO Mundo Singular das Crian\u00e7as\u201d inaugurou na \u00faltima quinta-feira (20) a Lacerdine Galeria de Arte, com 400 m2 de pura arte, na Avenida Ang\u00e9lica, 2578 (pr\u00f3ximo da Avenida Paulista). A proposta \u00e9 de ser um espa\u00e7o para as diversas manifesta\u00e7\u00f5es culturais, al\u00e9m de exposi\u00e7\u00f5es de arte, tamb\u00e9m apresenta\u00e7\u00f5es musicais, de teatro, e literatura, com atra\u00e7\u00f5es gratuitas ao p\u00fablico em geral. A inaugura\u00e7\u00e3o reuniu 280 pessoas, entre convidados e profissionais das artes, e contou a participa\u00e7\u00e3o do quarteto musical formado por Cleber Silveira, no acordeon; Jo\u00e3o Poleto, na flauta transversal; Paulo Ribeiro, no viol\u00e3o; e Rafael Mota, na precurs\u00e3o ac\u00fastica.<\/p>\n\n\n\n<p>Criada pelo artista expressionista contempor\u00e2neo Geraldo Lacerdine, que tem uma trajet\u00f3ria consolidada no ambiente cultural nacional e internacional, a Lacerdine Galeria de Arte, come\u00e7a com sua programa\u00e7\u00e3o semanal ap\u00f3s o Carnaval, dia 6 de mar\u00e7o: todas \u00e0s quintas-feiras, \u00e0s 19 horas, ser\u00e1 realizado o \u2018Clube do Livro\u2019, com leitura de publica\u00e7\u00f5es diversas; \u00e0s sextas-feiras, \u00e0s 18 horas, acontece um happy hour regado a m\u00fasica, batizado como \u2018Chorinho das seis da tarde\u2019; e aos s\u00e1bados, \u00e0s 16 horas, o dia da \u2018Conta\u00e7\u00e3o de Hist\u00f3rias\u2019, quando o p\u00fablico-alvo ser\u00e1 as crian\u00e7as.<\/p>\n\n\n\n<p>A mostra \u201cO Mundo Singular das Crian\u00e7as\u201d re\u00fane 20 pinturas em acr\u00edlico sobre tela e aplica\u00e7\u00e3o de folha de ouro, do artista Geraldo Lacerdine; e 15 esculturas em m\u00e1rmore, bronze e madeira, da artista Zaira Bellizia, e vai at\u00e9<\/p>\n\n\n\n<p>o dia 15 de mar\u00e7o. \u201cA nova galeria \u00e9 um espa\u00e7o multicultural de arte, sempre acolhedor e inclusivo. O objetivo \u00e9 criar um novo conceito de galeria de portas abertas que fomente a arte de novos artistas brasileiras\u201d, diz Lacerdine, que tem mais de 250 obras produzidas e exposi\u00e7\u00f5es j\u00e1 realizadas no Brasil, It\u00e1lia, Portugal e Fran\u00e7a.<\/p>\n\n\n\n<p>A galeria abriga o Caf\u00e9 Falasartes, com menu e um card\u00e1pio com o melhor da confeitaria paulistana.<\/p>\n\n\n\n<p>Geraldo Lacerdine \u2013 Artista brasileiro, nascido em 1977, em Minas Gerais. Concebe a arte como uma for\u00e7a transformadora, por isso seu trabalho sempre esteve relacionado a quest\u00f5es de car\u00e1ter e relev\u00e2ncia sociais, no embate<br>contra a exclus\u00e3o, o preconceito, a discrimina\u00e7\u00e3o e a explora\u00e7\u00e3o cultural e intelectual. Formado em filosofia com especializa\u00e7\u00e3o em filosofia da arte, teatro, gest\u00e3o educacional e psican\u00e1lise, intitula-se como expressionista<br>contempor\u00e2neo e suas obras se desdobram em po\u00e9ticas (conectadas a literatura), figurativas e sacras. Se dedica a arte h\u00e1 mais de 25 anos. Abra\u00e7ou<br>a pintura como modo de express\u00e3o na inf\u00e2ncia, por volta dos sete anos de idade. \u00c9 ex-padre da Ordem dos Jesu\u00edtas e por anos atuou como diretor de comunica\u00e7\u00e3o da ANEAS \u2013 Rede Jesu\u00edta de Educa\u00e7\u00e3o e na dire\u00e7\u00e3o do Col\u00e9gio S\u00e3o Lu\u00eds, em S\u00e3o Paulo.<\/p>\n\n\n\n<p>LACERDINE GALERIA DE ARTE<br>Exposi\u00e7\u00e3o: O Mundo Singular das Crian\u00e7as<br>Quando: At\u00e9 15\/3<br>Onde: Avenida Ang\u00e9lica, 2578 \u2013 Higien\u00f3polis<br>Hor\u00e1rio: Segunda a quarta-feira, das 8 \u00e0s 18h; quintas e sextas-feiras, das 8h \u00e0s 20h; e aos s\u00e1bados das 8h \u00e0s 18h<br>Organiza\u00e7\u00e3o: Curadoria de Geraldo Lacerdine<br>Entrada Gratuita<br>Instagram: @lacerdine<\/p>\n","protected":false},"excerpt":{"rendered":"<p>Com a exposi\u00e7\u00e3o \u201cO Mundo Singular das Crian\u00e7as\u201d inaugurou na \u00faltima quinta-feira (20) a Lacerdine&#8230;<\/p>\n","protected":false},"author":1,"featured_media":22660,"comment_status":"open","ping_status":"open","sticky":false,"template":"","format":"standard","meta":{"footnotes":""},"categories":[2],"tags":[],"featured_image_urls":{"full":["https:\/\/novosaopaulo.com.br\/n1\/wp-content\/uploads\/2025\/02\/WhatsApp-Image-2025-02-25-at-16.13.40.jpeg",373,560,false],"thumbnail":["https:\/\/novosaopaulo.com.br\/n1\/wp-content\/uploads\/2025\/02\/WhatsApp-Image-2025-02-25-at-16.13.40-150x150.jpeg",150,150,true],"medium":["https:\/\/novosaopaulo.com.br\/n1\/wp-content\/uploads\/2025\/02\/WhatsApp-Image-2025-02-25-at-16.13.40-200x300.jpeg",200,300,true],"medium_large":["https:\/\/novosaopaulo.com.br\/n1\/wp-content\/uploads\/2025\/02\/WhatsApp-Image-2025-02-25-at-16.13.40.jpeg",373,560,false],"large":["https:\/\/novosaopaulo.com.br\/n1\/wp-content\/uploads\/2025\/02\/WhatsApp-Image-2025-02-25-at-16.13.40.jpeg",373,560,false],"1536x1536":["https:\/\/novosaopaulo.com.br\/n1\/wp-content\/uploads\/2025\/02\/WhatsApp-Image-2025-02-25-at-16.13.40.jpeg",373,560,false],"2048x2048":["https:\/\/novosaopaulo.com.br\/n1\/wp-content\/uploads\/2025\/02\/WhatsApp-Image-2025-02-25-at-16.13.40.jpeg",373,560,false],"newsever-slider-full":["https:\/\/novosaopaulo.com.br\/n1\/wp-content\/uploads\/2025\/02\/WhatsApp-Image-2025-02-25-at-16.13.40.jpeg",373,560,false],"newsever-featured":["https:\/\/novosaopaulo.com.br\/n1\/wp-content\/uploads\/2025\/02\/WhatsApp-Image-2025-02-25-at-16.13.40.jpeg",373,560,false],"newsever-medium":["https:\/\/novosaopaulo.com.br\/n1\/wp-content\/uploads\/2025\/02\/WhatsApp-Image-2025-02-25-at-16.13.40-373x475.jpeg",373,475,true]},"author_info":{"display_name":"Reda\u00e7\u00e3o","author_link":"https:\/\/novosaopaulo.com.br\/n1\/author\/g5poa\/"},"category_info":"<a href=\"https:\/\/novosaopaulo.com.br\/n1\/category\/cidades\/\" rel=\"category tag\">Cidades<\/a>","tag_info":"Cidades","comment_count":"0","_links":{"self":[{"href":"https:\/\/novosaopaulo.com.br\/n1\/wp-json\/wp\/v2\/posts\/22659"}],"collection":[{"href":"https:\/\/novosaopaulo.com.br\/n1\/wp-json\/wp\/v2\/posts"}],"about":[{"href":"https:\/\/novosaopaulo.com.br\/n1\/wp-json\/wp\/v2\/types\/post"}],"author":[{"embeddable":true,"href":"https:\/\/novosaopaulo.com.br\/n1\/wp-json\/wp\/v2\/users\/1"}],"replies":[{"embeddable":true,"href":"https:\/\/novosaopaulo.com.br\/n1\/wp-json\/wp\/v2\/comments?post=22659"}],"version-history":[{"count":1,"href":"https:\/\/novosaopaulo.com.br\/n1\/wp-json\/wp\/v2\/posts\/22659\/revisions"}],"predecessor-version":[{"id":22661,"href":"https:\/\/novosaopaulo.com.br\/n1\/wp-json\/wp\/v2\/posts\/22659\/revisions\/22661"}],"wp:featuredmedia":[{"embeddable":true,"href":"https:\/\/novosaopaulo.com.br\/n1\/wp-json\/wp\/v2\/media\/22660"}],"wp:attachment":[{"href":"https:\/\/novosaopaulo.com.br\/n1\/wp-json\/wp\/v2\/media?parent=22659"}],"wp:term":[{"taxonomy":"category","embeddable":true,"href":"https:\/\/novosaopaulo.com.br\/n1\/wp-json\/wp\/v2\/categories?post=22659"},{"taxonomy":"post_tag","embeddable":true,"href":"https:\/\/novosaopaulo.com.br\/n1\/wp-json\/wp\/v2\/tags?post=22659"}],"curies":[{"name":"wp","href":"https:\/\/api.w.org\/{rel}","templated":true}]}}