{"id":22654,"date":"2025-02-25T13:50:43","date_gmt":"2025-02-25T16:50:43","guid":{"rendered":"https:\/\/novosaopaulo.com.br\/n1\/?p=22654"},"modified":"2025-02-25T13:50:44","modified_gmt":"2025-02-25T16:50:44","slug":"comedia-dramatica-eu-sou-joao-gustavo-dialoga-no-palco-a-relacao-de-amizade","status":"publish","type":"post","link":"https:\/\/novosaopaulo.com.br\/n1\/comedia-dramatica-eu-sou-joao-gustavo-dialoga-no-palco-a-relacao-de-amizade\/","title":{"rendered":"Com\u00e9dia dram\u00e1tica \u201cEu Sou Jo\u00e3o Gustavo\u201d dialoga no palco a rela\u00e7\u00e3o de amizade"},"content":{"rendered":"\n<p>Com dire\u00e7\u00e3o de Mell Mariah, espet\u00e1culo destaca a interpreta\u00e7\u00e3o dos atores Jo\u00e3o Pedro Celli e Pedro Pilar em curta temporada no Teatro West Plaza<\/p>\n\n\n\n<p>A com\u00e9dia dram\u00e1tica \u201cEu Sou Jo\u00e3o Gustavo\u201d anuncia nova temporada nos tablados paulistas. A dramaturgia idealizada e escrita por Lucas Salles, em 2011, destaca uma nova roupagem, com dire\u00e7\u00e3o assinada por dire\u00e7\u00e3o Mell Mariah e elenco composto pelos atores Jo\u00e3o Pedro Celli e Pedro Pilar, que ter\u00e3o curta-temporada no palco do Teatro West Plaza (Sala Laura Cardoso), com apresenta\u00e7\u00f5es nos dias 7\/14\/21\/ 28 de mar\u00e7o.<\/p>\n\n\n\n<p>A hist\u00f3ria de &#8220;Eu Sou Jo\u00e3o Gustavo &#8221; se passa no Bar do Gil, onde Jo\u00e3o se encontra com seu melhor amigo Gustavo para compartilhar uma grande not\u00edcia. Inevitavelmente, esse encontro os leva a um passeio por suas lembran\u00e7as e momentos que compartilharam durante suas vidas. A dramaturgia \u00e9 uma ponte sincera entre o drama e a com\u00e9dia, que explora as rela\u00e7\u00f5es complexas e profundas entre dois amigos de longa data. Com di\u00e1logos divertidos e situa\u00e7\u00f5es tragic\u00f4micas, a trama nos conduz \u00e0 uma reflex\u00e3o sobre amor, amizade e as escolhas que fazemos. A pe\u00e7a retrata a ambival\u00eancia da vida, repleta de percal\u00e7os, prazeres e dores, luzes e sombras, e nos faz valorizar cada um desses momentos, mesmo que possam se findar no mais cotidiano dos dias.<\/p>\n\n\n\n<p>A pe\u00e7a se passa entre a d\u00e9cada de 1970 e os anos 2000. Trata-se de uma grande viagem no tempo e na amizade desses dois amigos que revisitam suas lembran\u00e7as, envolvem o p\u00fablico e o faz embarcar nessa viagem, desde quando se conheceram, passando por grandes momentos juntos: lembran\u00e7as de festas, alegrias, perdas, confus\u00f5es, e tudo isso &#8211; sempre &#8211; com muita vida pulsando. O p\u00fablico se identifica com a hist\u00f3ria ao se conectar com a saudade, hist\u00f3rias reais, perdas no caminho e at\u00e9 em um simples e inesquec\u00edvel porre tomado. Com encena\u00e7\u00e3o visceral, os atores honram a ambival\u00eancia da vida ao trazer verdade nas hist\u00f3rias que s\u00e3o de todos n\u00f3s, nos mostrando que a vida vale a pena mesmo em sua imperfei\u00e7\u00e3o.<\/p>\n\n\n\n<p>A m\u00e1xima da montagem \u00e9 que aconte\u00e7a o que acontecer, \u00e9 importante que se trate de assuntos como este em um momento t\u00e3o turbulento de sa\u00fade mental, como o que vivemos atualmente. Com leveza e coragem, o texto resgata o prazer de estar vivo, cultivar boas hist\u00f3rias, valorizar os bons momentos e a seguir em frente mesmo depois de uma trag\u00e9dia que te tira o ch\u00e3o. \u00c9 poss\u00edvel continuar. Por meio das lindas hist\u00f3rias vividas, o texto convida o p\u00fablico \u00e0 reflex\u00e3o um pouco mais sobre os acontecimentos, sejam eles de prazer e\/ou de dor. A pe\u00e7a traz momentos de alegria, saudade, \u00eaxtase, dor, euforia, perda, irrita\u00e7\u00e3o, prazer entre outros sentimentos que s\u00f3 a vida pode proporcionar e s\u00f3 quem est\u00e1 vivo e disposto pode sentir.<\/p>\n\n\n\n<p>Ficha t\u00e9cnica<\/p>\n\n\n\n<p>Idealiza\u00e7\u00e3o e texto: Lucas Salles;<br>Adapta\u00e7\u00e3o: Mell Mariah, Jo\u00e3o Pedro Celli e Pedro Pilar;<br>Dire\u00e7\u00e3o: Mell Mariah;<br>Elenco: Jo\u00e3o Pedro Celli e Pedro Pilar;<br>Dire\u00e7\u00e3o de Cenografia e Luz: Mell Mariah;<br>Figurino: Polo RG;<br>Artes e Rede Social: Jo\u00e3o Pedro Celli;<br>Produ\u00e7\u00e3o: Pedro Pilar, Jo\u00e3o Pedro Celli e Mell Mariah.<br>Produ\u00e7\u00e3o SP: Gerardo Franco<br>Assessoria de Imprensa: Davi Brand\u00e3o<\/p>\n\n\n\n<p>SERVI\u00c7O:<\/p>\n\n\n\n<p>Teatro West Plaza Sala Laura Cardoso<br>Av. Ant\u00e1rtica, 408 &#8211; \u00c1gua Branca, S\u00e3o Paulo<br>Temporada: 7\/14\/21\/ 28 de mar\u00e7o (\u00e0s sexta-feiras)<br>Hor\u00e1rio: \u00e0s 21 h.<br>Ingressos: R$ 80,00 (inteira) \/ R$ 40,00 (meia)<br>Compra de ingressos: https:\/\/www.ingressoparatodos.com.br\/evento\/eu_sou_joao_gustavo_teatro_ west_plaza_shopping_49063ulo<\/p>\n\n\n\n<figure class=\"wp-block-gallery has-nested-images columns-default is-cropped wp-block-gallery-1 is-layout-flex wp-block-gallery-is-layout-flex\">\n<figure class=\"wp-block-image size-large\"><img fetchpriority=\"high\" decoding=\"async\" width=\"1024\" height=\"682\" data-id=\"22655\" src=\"https:\/\/novosaopaulo.com.br\/n1\/wp-content\/uploads\/2025\/02\/WhatsApp-Image-2025-02-25-at-13.48.05-1024x682.jpeg\" alt=\"\" class=\"wp-image-22655\" srcset=\"https:\/\/novosaopaulo.com.br\/n1\/wp-content\/uploads\/2025\/02\/WhatsApp-Image-2025-02-25-at-13.48.05-1024x682.jpeg 1024w, https:\/\/novosaopaulo.com.br\/n1\/wp-content\/uploads\/2025\/02\/WhatsApp-Image-2025-02-25-at-13.48.05-300x200.jpeg 300w, https:\/\/novosaopaulo.com.br\/n1\/wp-content\/uploads\/2025\/02\/WhatsApp-Image-2025-02-25-at-13.48.05-768x512.jpeg 768w, https:\/\/novosaopaulo.com.br\/n1\/wp-content\/uploads\/2025\/02\/WhatsApp-Image-2025-02-25-at-13.48.05-1536x1023.jpeg 1536w, https:\/\/novosaopaulo.com.br\/n1\/wp-content\/uploads\/2025\/02\/WhatsApp-Image-2025-02-25-at-13.48.05.jpeg 1600w\" sizes=\"(max-width: 1024px) 100vw, 1024px\" \/><\/figure>\n<\/figure>\n","protected":false},"excerpt":{"rendered":"<p>Com dire\u00e7\u00e3o de Mell Mariah, espet\u00e1culo destaca a interpreta\u00e7\u00e3o dos atores Jo\u00e3o Pedro Celli e&#8230;<\/p>\n","protected":false},"author":1,"featured_media":22657,"comment_status":"open","ping_status":"open","sticky":false,"template":"","format":"standard","meta":{"footnotes":""},"categories":[9],"tags":[],"featured_image_urls":{"full":["https:\/\/novosaopaulo.com.br\/n1\/wp-content\/uploads\/2025\/02\/WhatsApp-Image-2025-02-25-at-13.48.05-1-1.jpeg",560,373,false],"thumbnail":["https:\/\/novosaopaulo.com.br\/n1\/wp-content\/uploads\/2025\/02\/WhatsApp-Image-2025-02-25-at-13.48.05-1-1-150x150.jpeg",150,150,true],"medium":["https:\/\/novosaopaulo.com.br\/n1\/wp-content\/uploads\/2025\/02\/WhatsApp-Image-2025-02-25-at-13.48.05-1-1-300x200.jpeg",300,200,true],"medium_large":["https:\/\/novosaopaulo.com.br\/n1\/wp-content\/uploads\/2025\/02\/WhatsApp-Image-2025-02-25-at-13.48.05-1-1.jpeg",560,373,false],"large":["https:\/\/novosaopaulo.com.br\/n1\/wp-content\/uploads\/2025\/02\/WhatsApp-Image-2025-02-25-at-13.48.05-1-1.jpeg",560,373,false],"1536x1536":["https:\/\/novosaopaulo.com.br\/n1\/wp-content\/uploads\/2025\/02\/WhatsApp-Image-2025-02-25-at-13.48.05-1-1.jpeg",560,373,false],"2048x2048":["https:\/\/novosaopaulo.com.br\/n1\/wp-content\/uploads\/2025\/02\/WhatsApp-Image-2025-02-25-at-13.48.05-1-1.jpeg",560,373,false],"newsever-slider-full":["https:\/\/novosaopaulo.com.br\/n1\/wp-content\/uploads\/2025\/02\/WhatsApp-Image-2025-02-25-at-13.48.05-1-1.jpeg",560,373,false],"newsever-featured":["https:\/\/novosaopaulo.com.br\/n1\/wp-content\/uploads\/2025\/02\/WhatsApp-Image-2025-02-25-at-13.48.05-1-1.jpeg",560,373,false],"newsever-medium":["https:\/\/novosaopaulo.com.br\/n1\/wp-content\/uploads\/2025\/02\/WhatsApp-Image-2025-02-25-at-13.48.05-1-1.jpeg",560,373,false]},"author_info":{"display_name":"Reda\u00e7\u00e3o","author_link":"https:\/\/novosaopaulo.com.br\/n1\/author\/g5poa\/"},"category_info":"<a href=\"https:\/\/novosaopaulo.com.br\/n1\/category\/geral\/\" rel=\"category tag\">Geral<\/a>","tag_info":"Geral","comment_count":"0","_links":{"self":[{"href":"https:\/\/novosaopaulo.com.br\/n1\/wp-json\/wp\/v2\/posts\/22654"}],"collection":[{"href":"https:\/\/novosaopaulo.com.br\/n1\/wp-json\/wp\/v2\/posts"}],"about":[{"href":"https:\/\/novosaopaulo.com.br\/n1\/wp-json\/wp\/v2\/types\/post"}],"author":[{"embeddable":true,"href":"https:\/\/novosaopaulo.com.br\/n1\/wp-json\/wp\/v2\/users\/1"}],"replies":[{"embeddable":true,"href":"https:\/\/novosaopaulo.com.br\/n1\/wp-json\/wp\/v2\/comments?post=22654"}],"version-history":[{"count":1,"href":"https:\/\/novosaopaulo.com.br\/n1\/wp-json\/wp\/v2\/posts\/22654\/revisions"}],"predecessor-version":[{"id":22658,"href":"https:\/\/novosaopaulo.com.br\/n1\/wp-json\/wp\/v2\/posts\/22654\/revisions\/22658"}],"wp:featuredmedia":[{"embeddable":true,"href":"https:\/\/novosaopaulo.com.br\/n1\/wp-json\/wp\/v2\/media\/22657"}],"wp:attachment":[{"href":"https:\/\/novosaopaulo.com.br\/n1\/wp-json\/wp\/v2\/media?parent=22654"}],"wp:term":[{"taxonomy":"category","embeddable":true,"href":"https:\/\/novosaopaulo.com.br\/n1\/wp-json\/wp\/v2\/categories?post=22654"},{"taxonomy":"post_tag","embeddable":true,"href":"https:\/\/novosaopaulo.com.br\/n1\/wp-json\/wp\/v2\/tags?post=22654"}],"curies":[{"name":"wp","href":"https:\/\/api.w.org\/{rel}","templated":true}]}}