{"id":22602,"date":"2025-02-24T18:09:39","date_gmt":"2025-02-24T21:09:39","guid":{"rendered":"https:\/\/novosaopaulo.com.br\/n1\/?p=22602"},"modified":"2025-02-24T18:09:39","modified_gmt":"2025-02-24T21:09:39","slug":"carnaval-do-clube-de-campo-tera-shows-ao-vivo-e-matines-para-as-criancas","status":"publish","type":"post","link":"https:\/\/novosaopaulo.com.br\/n1\/carnaval-do-clube-de-campo-tera-shows-ao-vivo-e-matines-para-as-criancas\/","title":{"rendered":"Carnaval do Clube de Campo ter\u00e1 shows ao vivo e matin\u00eas para as crian\u00e7as"},"content":{"rendered":"\n<p>&#8220;Folia na Pra\u00e7a&#8221; garantir\u00e1 divers\u00e3o para os associados com m\u00fasica na Pra\u00e7a &#8220;Francisco Pieri Neto&#8221; durante todos os dias de Carnaval; garotada tamb\u00e9m ter\u00e1 bailinhos domingo e ter\u00e7a-feira<\/p>\n\n\n\n<p>O Carnaval no Clube de Campo de Mogi das Cruzes (CCMC) promete anima\u00e7\u00e3o para todas as idades. Al\u00e9m do tradicional \u201cBaile Abre Alas\u201d, que abre a programa\u00e7\u00e3o nesta sexta-feira (28\/2) e j\u00e1 est\u00e1 com os convites esgotados, o complexo de esportes e lazer mogiano ter\u00e1 outras atra\u00e7\u00f5es da maior festa popular do Brasil.<\/p>\n\n\n\n<p>A &#8220;Folia na Pra\u00e7a&#8221; garantir\u00e1 divers\u00e3o para os associados com m\u00fasica ao vivo na Pra\u00e7a &#8220;Francisco Pieri Neto&#8221; durante todos os dias. No dia 1\u00ba de mar\u00e7o, s\u00e1bado, a partir das 12h30, a anima\u00e7\u00e3o fica com o samba e o pagode de Os Paccinis. No domingo, a partir das 11h30, Anderson Cici &amp; Banda, atra\u00e7\u00e3o do baile de sexta \u00e0 noite, voltam ao complexo de esportes e lazer para um novo show.<\/p>\n\n\n\n<p>Na segunda-feira, a partir das 17h, ser\u00e1 a vez da Banda T-Ale comandar a festa, com sua sonoridade t\u00edpica com os grandes sucessos nacionais e internacionais. Na ter\u00e7a-feira de Carnaval, a partir das 11h30, o cantor Sollano encerra a programa\u00e7\u00e3o musical com muito ritmo carnavalesco.<\/p>\n\n\n\n<p>Matin\u00eas<br>Para as crian\u00e7as, as matin\u00eas acontecer\u00e3o nos dias 2 e 4 de mar\u00e7o (domingo e ter\u00e7a-feira), a partir das 15h, no Sal\u00e3o Social &#8220;Wilson Cury&#8221;. A entrada \u00e9 gratuita para associados. O p\u00fablico em geral pode adquirir convites individuais com os seguintes valores: R$ 25 por pessoa para adultos acompanhados por crian\u00e7as, R$ 25 para crian\u00e7as acima de 5 anos e R$ 50 para adultos n\u00e3o acompanhados por crian\u00e7as. Menores de dois anos n\u00e3o poder\u00e3o entrar, conforme determina\u00e7\u00e3o da Vara da Inf\u00e2ncia e Juventude de Mogi das Cruzes.<\/p>\n\n\n\n<p>A diretora social Karin Camargo destaca que o CCMC preparou uma programa\u00e7\u00e3o completa para celebrar o Carnaval com muita m\u00fasica e divers\u00e3o para proporcionar momentos inesquec\u00edveis:<\/p>\n\n\n\n<p>\u201cO Carnaval no clube \u00e9 um momento muito especial para nossos associados e convidados. Foram meses preparando uma programa\u00e7\u00e3o diversificada e cheia de alegria para garantir divers\u00e3o para todas as idades. O \u2018Baile Abre Alas\u2019, as matin\u00eas e a \u2018Folia na Pra\u00e7a\u2019 tornam a celebra\u00e7\u00e3o ainda mais completa e refor\u00e7am o esp\u00edrito festivo e a tradi\u00e7\u00e3o do Carnaval em nosso clube\u201d.<\/p>\n\n\n\n<p>Convites esgotados<br>Considerado um dos principais e mais aguardados eventos sociais do CCMC, o \u201cBaile Abre Alas\u201d \u00e9 sucesso. As vendas dos convites come\u00e7aram na ter\u00e7a-feira (18\/2) e rapidamente se esgotaram. A festa abrir\u00e1 as celebra\u00e7\u00f5es carnavalescas do clube e ter\u00e1 show ao vivo de Anderson Cici &amp; Banda, concurso de fantasias e card\u00e1pio servido pelo Buffet Perfil.<\/p>\n\n\n\n<p>\u2026<\/p>\n\n\n\n<p>Assessoria de Imprensa<br>Fiamini &#8211; Solu\u00e7\u00f5es Integradas em Comunica\u00e7\u00e3o &#8211; A servi\u00e7o do Clube de Campo de Mogi das Cruzes<\/p>\n\n\n\n<figure class=\"wp-block-gallery has-nested-images columns-default is-cropped wp-block-gallery-1 is-layout-flex wp-block-gallery-is-layout-flex\">\n<figure class=\"wp-block-image size-large\"><img fetchpriority=\"high\" decoding=\"async\" width=\"1024\" height=\"682\" data-id=\"22605\" src=\"https:\/\/novosaopaulo.com.br\/n1\/wp-content\/uploads\/2025\/02\/WhatsApp-Image-2025-02-24-at-17.54.09-1-1024x682.jpeg\" alt=\"\" class=\"wp-image-22605\" srcset=\"https:\/\/novosaopaulo.com.br\/n1\/wp-content\/uploads\/2025\/02\/WhatsApp-Image-2025-02-24-at-17.54.09-1-1024x682.jpeg 1024w, https:\/\/novosaopaulo.com.br\/n1\/wp-content\/uploads\/2025\/02\/WhatsApp-Image-2025-02-24-at-17.54.09-1-300x200.jpeg 300w, https:\/\/novosaopaulo.com.br\/n1\/wp-content\/uploads\/2025\/02\/WhatsApp-Image-2025-02-24-at-17.54.09-1-768x512.jpeg 768w, https:\/\/novosaopaulo.com.br\/n1\/wp-content\/uploads\/2025\/02\/WhatsApp-Image-2025-02-24-at-17.54.09-1.jpeg 1400w\" sizes=\"(max-width: 1024px) 100vw, 1024px\" \/><\/figure>\n\n\n\n<figure class=\"wp-block-image size-large\"><img decoding=\"async\" width=\"1024\" height=\"682\" data-id=\"22604\" src=\"https:\/\/novosaopaulo.com.br\/n1\/wp-content\/uploads\/2025\/02\/WhatsApp-Image-2025-02-24-at-17.54.09-1024x682.jpeg\" alt=\"\" class=\"wp-image-22604\" srcset=\"https:\/\/novosaopaulo.com.br\/n1\/wp-content\/uploads\/2025\/02\/WhatsApp-Image-2025-02-24-at-17.54.09-1024x682.jpeg 1024w, https:\/\/novosaopaulo.com.br\/n1\/wp-content\/uploads\/2025\/02\/WhatsApp-Image-2025-02-24-at-17.54.09-300x200.jpeg 300w, https:\/\/novosaopaulo.com.br\/n1\/wp-content\/uploads\/2025\/02\/WhatsApp-Image-2025-02-24-at-17.54.09-768x512.jpeg 768w, https:\/\/novosaopaulo.com.br\/n1\/wp-content\/uploads\/2025\/02\/WhatsApp-Image-2025-02-24-at-17.54.09.jpeg 1400w\" sizes=\"(max-width: 1024px) 100vw, 1024px\" \/><\/figure>\n\n\n\n<figure class=\"wp-block-image size-large\"><img decoding=\"async\" width=\"1024\" height=\"682\" data-id=\"22606\" src=\"https:\/\/novosaopaulo.com.br\/n1\/wp-content\/uploads\/2025\/02\/WhatsApp-Image-2025-02-24-at-17.54.10-1-1024x682.jpeg\" alt=\"\" class=\"wp-image-22606\" srcset=\"https:\/\/novosaopaulo.com.br\/n1\/wp-content\/uploads\/2025\/02\/WhatsApp-Image-2025-02-24-at-17.54.10-1-1024x682.jpeg 1024w, https:\/\/novosaopaulo.com.br\/n1\/wp-content\/uploads\/2025\/02\/WhatsApp-Image-2025-02-24-at-17.54.10-1-300x200.jpeg 300w, https:\/\/novosaopaulo.com.br\/n1\/wp-content\/uploads\/2025\/02\/WhatsApp-Image-2025-02-24-at-17.54.10-1-768x512.jpeg 768w, https:\/\/novosaopaulo.com.br\/n1\/wp-content\/uploads\/2025\/02\/WhatsApp-Image-2025-02-24-at-17.54.10-1.jpeg 1400w\" sizes=\"(max-width: 1024px) 100vw, 1024px\" \/><\/figure>\n<\/figure>\n","protected":false},"excerpt":{"rendered":"<p>&#8220;Folia na Pra\u00e7a&#8221; garantir\u00e1 divers\u00e3o para os associados com m\u00fasica na Pra\u00e7a &#8220;Francisco Pieri Neto&#8221;&#8230;<\/p>\n","protected":false},"author":1,"featured_media":22603,"comment_status":"open","ping_status":"open","sticky":false,"template":"","format":"standard","meta":{"footnotes":""},"categories":[34],"tags":[],"featured_image_urls":{"full":["https:\/\/novosaopaulo.com.br\/n1\/wp-content\/uploads\/2025\/02\/WhatsApp-Image-2025-02-24-at-17.54.10.jpeg",1400,933,false],"thumbnail":["https:\/\/novosaopaulo.com.br\/n1\/wp-content\/uploads\/2025\/02\/WhatsApp-Image-2025-02-24-at-17.54.10-150x150.jpeg",150,150,true],"medium":["https:\/\/novosaopaulo.com.br\/n1\/wp-content\/uploads\/2025\/02\/WhatsApp-Image-2025-02-24-at-17.54.10-300x200.jpeg",300,200,true],"medium_large":["https:\/\/novosaopaulo.com.br\/n1\/wp-content\/uploads\/2025\/02\/WhatsApp-Image-2025-02-24-at-17.54.10-768x512.jpeg",640,427,true],"large":["https:\/\/novosaopaulo.com.br\/n1\/wp-content\/uploads\/2025\/02\/WhatsApp-Image-2025-02-24-at-17.54.10-1024x682.jpeg",640,426,true],"1536x1536":["https:\/\/novosaopaulo.com.br\/n1\/wp-content\/uploads\/2025\/02\/WhatsApp-Image-2025-02-24-at-17.54.10.jpeg",1400,933,false],"2048x2048":["https:\/\/novosaopaulo.com.br\/n1\/wp-content\/uploads\/2025\/02\/WhatsApp-Image-2025-02-24-at-17.54.10.jpeg",1400,933,false],"newsever-slider-full":["https:\/\/novosaopaulo.com.br\/n1\/wp-content\/uploads\/2025\/02\/WhatsApp-Image-2025-02-24-at-17.54.10-1280x845.jpeg",1280,845,true],"newsever-featured":["https:\/\/novosaopaulo.com.br\/n1\/wp-content\/uploads\/2025\/02\/WhatsApp-Image-2025-02-24-at-17.54.10-1024x682.jpeg",1024,682,true],"newsever-medium":["https:\/\/novosaopaulo.com.br\/n1\/wp-content\/uploads\/2025\/02\/WhatsApp-Image-2025-02-24-at-17.54.10-720x475.jpeg",720,475,true]},"author_info":{"display_name":"Reda\u00e7\u00e3o","author_link":"https:\/\/novosaopaulo.com.br\/n1\/author\/g5poa\/"},"category_info":"<a href=\"https:\/\/novosaopaulo.com.br\/n1\/category\/alto-tiete\/\" rel=\"category tag\">Alto Tiet\u00ea<\/a>","tag_info":"Alto Tiet\u00ea","comment_count":"0","_links":{"self":[{"href":"https:\/\/novosaopaulo.com.br\/n1\/wp-json\/wp\/v2\/posts\/22602"}],"collection":[{"href":"https:\/\/novosaopaulo.com.br\/n1\/wp-json\/wp\/v2\/posts"}],"about":[{"href":"https:\/\/novosaopaulo.com.br\/n1\/wp-json\/wp\/v2\/types\/post"}],"author":[{"embeddable":true,"href":"https:\/\/novosaopaulo.com.br\/n1\/wp-json\/wp\/v2\/users\/1"}],"replies":[{"embeddable":true,"href":"https:\/\/novosaopaulo.com.br\/n1\/wp-json\/wp\/v2\/comments?post=22602"}],"version-history":[{"count":1,"href":"https:\/\/novosaopaulo.com.br\/n1\/wp-json\/wp\/v2\/posts\/22602\/revisions"}],"predecessor-version":[{"id":22607,"href":"https:\/\/novosaopaulo.com.br\/n1\/wp-json\/wp\/v2\/posts\/22602\/revisions\/22607"}],"wp:featuredmedia":[{"embeddable":true,"href":"https:\/\/novosaopaulo.com.br\/n1\/wp-json\/wp\/v2\/media\/22603"}],"wp:attachment":[{"href":"https:\/\/novosaopaulo.com.br\/n1\/wp-json\/wp\/v2\/media?parent=22602"}],"wp:term":[{"taxonomy":"category","embeddable":true,"href":"https:\/\/novosaopaulo.com.br\/n1\/wp-json\/wp\/v2\/categories?post=22602"},{"taxonomy":"post_tag","embeddable":true,"href":"https:\/\/novosaopaulo.com.br\/n1\/wp-json\/wp\/v2\/tags?post=22602"}],"curies":[{"name":"wp","href":"https:\/\/api.w.org\/{rel}","templated":true}]}}