{"id":22548,"date":"2025-02-22T19:34:40","date_gmt":"2025-02-22T22:34:40","guid":{"rendered":"https:\/\/novosaopaulo.com.br\/n1\/?p=22548"},"modified":"2025-02-22T19:34:40","modified_gmt":"2025-02-22T22:34:40","slug":"prefeitura-de-itaqua-divulga-programacao-especial-do-carnaval-2025","status":"publish","type":"post","link":"https:\/\/novosaopaulo.com.br\/n1\/prefeitura-de-itaqua-divulga-programacao-especial-do-carnaval-2025\/","title":{"rendered":"Prefeitura de Itaqu\u00e1 divulga programa\u00e7\u00e3o especial do Carnaval 2025"},"content":{"rendered":"\n<p>Haver\u00e1 matin\u00ea e atividades educativas<\/p>\n\n\n\n<p>A Prefeitura de Itaquaquecetuba preparou uma programa\u00e7\u00e3o especial para o Carnaval 2025 buscando valorizar as tradi\u00e7\u00f5es carnavalescas e proporcionar momentos de lazer aos moradores.<\/p>\n\n\n\n<p>Abrindo a programa\u00e7\u00e3o, neste s\u00e1bado (22), acontece o 1\u00ba Concurso de Marchinhas Carnavalescas, a partir das 16h, na Secretaria de Cultura (avenida Ver. Jo\u00e3o Fernandes da Silva, 53 &#8211; Vila Virg\u00ednia). O evento busca resgatar as tradicionais marchinhas de Carnaval e \u00e9 aberto ao p\u00fablico. Na pr\u00f3xima segunda (24), a partir das 9h, a pasta tamb\u00e9m vai realizar o Baile 60+, um evento especial dedicado ao p\u00fablico da melhor idade.<\/p>\n\n\n\n<p>Dando sequ\u00eancia, entre 24 e 28 de fevereiro, ser\u00e3o realizados bailinhos de Carnaval nos CRAS, sendo no dia 24 no Recanto M\u00f4nica, \u00e0s 8h30 e \u00e0s 15h30, no dia 25 no Quinta da Boa Vista, \u00e0s 8h30 e \u00e0s 14h30, no dia 26 no Morro Branco, \u00e0s 10h e \u00e0s 15h, no dia 27 no Paineira, \u00e0s 10h30 e \u00e0s 14h30, e no dia 28 no Caiuby, \u00e0s 9h e \u00e0s 14h30.<\/p>\n\n\n\n<p>Tamb\u00e9m entre 24 e 28, das 8h \u00e0s 17h, ser\u00e1 promovido um festival em todas as escolas com atividades do projeto \u201cMuito al\u00e9m do Samba\u201d do Programa de Prote\u00e7\u00e3o \u00e0s Inf\u00e2ncias, que busca orientar sobre o bem-estar infantil, respeito, cidadania e preven\u00e7\u00e3o de situa\u00e7\u00f5es de vulnerabilidade durante o Carnaval.<\/p>\n\n\n\n<p>No dia 25, \u00e0s 11h, a Emeb Prof Paulo Nunes promove uma marchinha em parceria com o projeto do Instituto Maur\u00edcio de Sousa, o V\u00f4lei Mania. No dia 27, \u00e0s 8h, o Centro de Conviv\u00eancia da Melhor Idade (CEMI) vai realizar a Festividade Carnavalesca dos Idosos, que contar\u00e1 com a comemora\u00e7\u00e3o dos aniversariantes do m\u00eas e um desfile tem\u00e1tico.<\/p>\n\n\n\n<p>J\u00e1 no dia 1\u00ba de mar\u00e7o, das 14h \u00e0s 19h, ser\u00e1 promovida uma matin\u00ea de Carnaval na pra\u00e7a Padre Jo\u00e3o \u00c1lvares &#8211; Centro, que vai reunir blocos e marchinhas para animar os foli\u00f5es. Na mesma data e local, acontece a campanha \u201cN\u00e3o \u00e9 N\u00e3o\u201d, uma a\u00e7\u00e3o de conscientiza\u00e7\u00e3o com entrega de adesivos contra ass\u00e9dio e importuna\u00e7\u00e3o sexual.<\/p>\n\n\n\n<p>Tamb\u00e9m no dia 1\u00ba, \u00e0s 10h, ser\u00e1 realizada a a\u00e7\u00e3o \u201cBloco da Preven\u00e7\u00e3o\u201d com a distribui\u00e7\u00e3o de preservativos e informativos na pra\u00e7a central, na Esta\u00e7\u00e3o Itaquaquecetuba da CPTM e no ped\u00e1gio da rodovia Ayrton Senna para que os foli\u00f5es aproveitem a festa com consci\u00eancia e responsabilidade. A iniciativa chama aten\u00e7\u00e3o para a import\u00e2ncia da preven\u00e7\u00e3o contra infec\u00e7\u00f5es sexualmente transmiss\u00edveis.<\/p>\n\n\n\n<p>\u201cTemos uma programa\u00e7\u00e3o diversificada, focada na alegria, no respeito e no resgate dessa cultura t\u00e3o importante para a hist\u00f3ria da cidade. \u00c9 uma festa para a fam\u00edlia e todos v\u00e3o poder curtir com seguran\u00e7a\u201d, finalizou o prefeito Eduardo Boigues.<\/p>\n\n\n\n<p>Fotos: Eduardo Borges<\/p>\n\n\n\n<figure class=\"wp-block-gallery has-nested-images columns-default is-cropped wp-block-gallery-1 is-layout-flex wp-block-gallery-is-layout-flex\">\n<figure class=\"wp-block-image size-large\"><img fetchpriority=\"high\" decoding=\"async\" width=\"479\" height=\"720\" data-id=\"22552\" src=\"https:\/\/novosaopaulo.com.br\/n1\/wp-content\/uploads\/2025\/02\/WhatsApp-Image-2025-02-22-at-11.51.10.jpeg\" alt=\"\" class=\"wp-image-22552\" srcset=\"https:\/\/novosaopaulo.com.br\/n1\/wp-content\/uploads\/2025\/02\/WhatsApp-Image-2025-02-22-at-11.51.10.jpeg 479w, https:\/\/novosaopaulo.com.br\/n1\/wp-content\/uploads\/2025\/02\/WhatsApp-Image-2025-02-22-at-11.51.10-200x300.jpeg 200w\" sizes=\"(max-width: 479px) 100vw, 479px\" \/><\/figure>\n\n\n\n<figure class=\"wp-block-image size-large\"><img decoding=\"async\" width=\"479\" height=\"720\" data-id=\"22553\" src=\"https:\/\/novosaopaulo.com.br\/n1\/wp-content\/uploads\/2025\/02\/WhatsApp-Image-2025-02-22-at-11.51.11.jpeg\" alt=\"\" class=\"wp-image-22553\" srcset=\"https:\/\/novosaopaulo.com.br\/n1\/wp-content\/uploads\/2025\/02\/WhatsApp-Image-2025-02-22-at-11.51.11.jpeg 479w, https:\/\/novosaopaulo.com.br\/n1\/wp-content\/uploads\/2025\/02\/WhatsApp-Image-2025-02-22-at-11.51.11-200x300.jpeg 200w\" sizes=\"(max-width: 479px) 100vw, 479px\" \/><\/figure>\n\n\n\n<figure class=\"wp-block-image size-large\"><img decoding=\"async\" width=\"426\" height=\"640\" data-id=\"22549\" src=\"https:\/\/novosaopaulo.com.br\/n1\/wp-content\/uploads\/2025\/02\/WhatsApp-Image-2025-02-22-at-11.51.11-2.jpeg\" alt=\"\" class=\"wp-image-22549\" srcset=\"https:\/\/novosaopaulo.com.br\/n1\/wp-content\/uploads\/2025\/02\/WhatsApp-Image-2025-02-22-at-11.51.11-2.jpeg 426w, https:\/\/novosaopaulo.com.br\/n1\/wp-content\/uploads\/2025\/02\/WhatsApp-Image-2025-02-22-at-11.51.11-2-200x300.jpeg 200w\" sizes=\"(max-width: 426px) 100vw, 426px\" \/><\/figure>\n\n\n\n<figure class=\"wp-block-image size-large\"><img loading=\"lazy\" decoding=\"async\" width=\"600\" height=\"399\" data-id=\"22551\" src=\"https:\/\/novosaopaulo.com.br\/n1\/wp-content\/uploads\/2025\/02\/WhatsApp-Image-2025-02-22-at-11.51.12.jpeg\" alt=\"\" class=\"wp-image-22551\" srcset=\"https:\/\/novosaopaulo.com.br\/n1\/wp-content\/uploads\/2025\/02\/WhatsApp-Image-2025-02-22-at-11.51.12.jpeg 600w, https:\/\/novosaopaulo.com.br\/n1\/wp-content\/uploads\/2025\/02\/WhatsApp-Image-2025-02-22-at-11.51.12-300x200.jpeg 300w\" sizes=\"(max-width: 600px) 100vw, 600px\" \/><\/figure>\n\n\n\n<figure class=\"wp-block-image size-large\"><img loading=\"lazy\" decoding=\"async\" width=\"682\" height=\"1024\" data-id=\"22550\" src=\"https:\/\/novosaopaulo.com.br\/n1\/wp-content\/uploads\/2025\/02\/WhatsApp-Image-2025-02-22-at-11.51.11-1-682x1024.jpeg\" alt=\"\" class=\"wp-image-22550\" srcset=\"https:\/\/novosaopaulo.com.br\/n1\/wp-content\/uploads\/2025\/02\/WhatsApp-Image-2025-02-22-at-11.51.11-1-682x1024.jpeg 682w, https:\/\/novosaopaulo.com.br\/n1\/wp-content\/uploads\/2025\/02\/WhatsApp-Image-2025-02-22-at-11.51.11-1-200x300.jpeg 200w, https:\/\/novosaopaulo.com.br\/n1\/wp-content\/uploads\/2025\/02\/WhatsApp-Image-2025-02-22-at-11.51.11-1-768x1153.jpeg 768w, https:\/\/novosaopaulo.com.br\/n1\/wp-content\/uploads\/2025\/02\/WhatsApp-Image-2025-02-22-at-11.51.11-1-1023x1536.jpeg 1023w, https:\/\/novosaopaulo.com.br\/n1\/wp-content\/uploads\/2025\/02\/WhatsApp-Image-2025-02-22-at-11.51.11-1-1024x1537.jpeg 1024w, https:\/\/novosaopaulo.com.br\/n1\/wp-content\/uploads\/2025\/02\/WhatsApp-Image-2025-02-22-at-11.51.11-1.jpeg 1066w\" sizes=\"(max-width: 682px) 100vw, 682px\" \/><\/figure>\n<\/figure>\n","protected":false},"excerpt":{"rendered":"<p>Haver\u00e1 matin\u00ea e atividades educativas A Prefeitura de Itaquaquecetuba preparou uma programa\u00e7\u00e3o especial para o&#8230;<\/p>\n","protected":false},"author":1,"featured_media":22551,"comment_status":"open","ping_status":"open","sticky":false,"template":"","format":"standard","meta":{"footnotes":""},"categories":[34],"tags":[],"featured_image_urls":{"full":["https:\/\/novosaopaulo.com.br\/n1\/wp-content\/uploads\/2025\/02\/WhatsApp-Image-2025-02-22-at-11.51.12.jpeg",600,399,false],"thumbnail":["https:\/\/novosaopaulo.com.br\/n1\/wp-content\/uploads\/2025\/02\/WhatsApp-Image-2025-02-22-at-11.51.12-150x150.jpeg",150,150,true],"medium":["https:\/\/novosaopaulo.com.br\/n1\/wp-content\/uploads\/2025\/02\/WhatsApp-Image-2025-02-22-at-11.51.12-300x200.jpeg",300,200,true],"medium_large":["https:\/\/novosaopaulo.com.br\/n1\/wp-content\/uploads\/2025\/02\/WhatsApp-Image-2025-02-22-at-11.51.12.jpeg",600,399,false],"large":["https:\/\/novosaopaulo.com.br\/n1\/wp-content\/uploads\/2025\/02\/WhatsApp-Image-2025-02-22-at-11.51.12.jpeg",600,399,false],"1536x1536":["https:\/\/novosaopaulo.com.br\/n1\/wp-content\/uploads\/2025\/02\/WhatsApp-Image-2025-02-22-at-11.51.12.jpeg",600,399,false],"2048x2048":["https:\/\/novosaopaulo.com.br\/n1\/wp-content\/uploads\/2025\/02\/WhatsApp-Image-2025-02-22-at-11.51.12.jpeg",600,399,false],"newsever-slider-full":["https:\/\/novosaopaulo.com.br\/n1\/wp-content\/uploads\/2025\/02\/WhatsApp-Image-2025-02-22-at-11.51.12.jpeg",600,399,false],"newsever-featured":["https:\/\/novosaopaulo.com.br\/n1\/wp-content\/uploads\/2025\/02\/WhatsApp-Image-2025-02-22-at-11.51.12.jpeg",600,399,false],"newsever-medium":["https:\/\/novosaopaulo.com.br\/n1\/wp-content\/uploads\/2025\/02\/WhatsApp-Image-2025-02-22-at-11.51.12.jpeg",600,399,false]},"author_info":{"display_name":"Reda\u00e7\u00e3o","author_link":"https:\/\/novosaopaulo.com.br\/n1\/author\/g5poa\/"},"category_info":"<a href=\"https:\/\/novosaopaulo.com.br\/n1\/category\/alto-tiete\/\" rel=\"category tag\">Alto Tiet\u00ea<\/a>","tag_info":"Alto Tiet\u00ea","comment_count":"0","_links":{"self":[{"href":"https:\/\/novosaopaulo.com.br\/n1\/wp-json\/wp\/v2\/posts\/22548"}],"collection":[{"href":"https:\/\/novosaopaulo.com.br\/n1\/wp-json\/wp\/v2\/posts"}],"about":[{"href":"https:\/\/novosaopaulo.com.br\/n1\/wp-json\/wp\/v2\/types\/post"}],"author":[{"embeddable":true,"href":"https:\/\/novosaopaulo.com.br\/n1\/wp-json\/wp\/v2\/users\/1"}],"replies":[{"embeddable":true,"href":"https:\/\/novosaopaulo.com.br\/n1\/wp-json\/wp\/v2\/comments?post=22548"}],"version-history":[{"count":1,"href":"https:\/\/novosaopaulo.com.br\/n1\/wp-json\/wp\/v2\/posts\/22548\/revisions"}],"predecessor-version":[{"id":22554,"href":"https:\/\/novosaopaulo.com.br\/n1\/wp-json\/wp\/v2\/posts\/22548\/revisions\/22554"}],"wp:featuredmedia":[{"embeddable":true,"href":"https:\/\/novosaopaulo.com.br\/n1\/wp-json\/wp\/v2\/media\/22551"}],"wp:attachment":[{"href":"https:\/\/novosaopaulo.com.br\/n1\/wp-json\/wp\/v2\/media?parent=22548"}],"wp:term":[{"taxonomy":"category","embeddable":true,"href":"https:\/\/novosaopaulo.com.br\/n1\/wp-json\/wp\/v2\/categories?post=22548"},{"taxonomy":"post_tag","embeddable":true,"href":"https:\/\/novosaopaulo.com.br\/n1\/wp-json\/wp\/v2\/tags?post=22548"}],"curies":[{"name":"wp","href":"https:\/\/api.w.org\/{rel}","templated":true}]}}