{"id":22501,"date":"2025-02-20T13:19:29","date_gmt":"2025-02-20T16:19:29","guid":{"rendered":"https:\/\/novosaopaulo.com.br\/n1\/?p=22501"},"modified":"2025-02-20T13:19:30","modified_gmt":"2025-02-20T16:19:30","slug":"um-espetaculo-em-homenagem-a-tom-jobim-promete-uma-verdadeira-viagem-musical-no-teatro-gazeta","status":"publish","type":"post","link":"https:\/\/novosaopaulo.com.br\/n1\/um-espetaculo-em-homenagem-a-tom-jobim-promete-uma-verdadeira-viagem-musical-no-teatro-gazeta\/","title":{"rendered":"\u00a0Um Espet\u00e1culo em homenagem a Tom Jobim promete uma verdadeira viagem musical no Teatro gazeta"},"content":{"rendered":"\n<p>No pr\u00f3ximo dia 21 de fevereiro, o Teatro Gazeta ser\u00e1 palco de um emocionante tributo a um dos maiores nomes da m\u00fasica brasileira: o maestro Antonio Carlos Jobim. O musical, que celebra a genialidade do &#8220;pai da bossa nova&#8221;, convida o p\u00fablico a embarcar em uma viagem no tempo por meio das inesquec\u00edveis can\u00e7\u00f5es que conquistaram o Brasil e o mundo.<\/p>\n\n\n\n<p>Com uma performance impec\u00e1vel, o show resgata com fidelidade a obra do Maestro Tom Jobim, trazendo \u00e0 cena toda a sofistica\u00e7\u00e3o e delicadeza de suas composi\u00e7\u00f5es. A banda, formada por 11 talentosos m\u00fasicos, promete transportar o p\u00fablico ao mundo encantador do &#8220;Sol da m\u00fasica brasileira&#8221; em sua melhor vers\u00e3o.<\/p>\n\n\n\n<p>Jobim foi um dos grandes expoentes da m\u00fasica brasileira, internacionalizando a bossa nova e fundindo-a com o jazz nos anos 1960, criando assim uma sonoridade inovadora que marcou \u00e9poca. Exaltado mundialmente como um dos compositores mais importantes do s\u00e9culo XX, sua obra permanece viva e continua a encantar diferentes gera\u00e7\u00f5es.<br>&nbsp;<br>Segundo o produtor Marcos Vinicius Amaral, que possui mais de 20 anos de carreira, o musical est\u00e1 imperd\u00edvel para os f\u00e3s do saudoso Tom Jobim. O espet\u00e1culo ter\u00e1 uma \u00fanica apresenta\u00e7\u00e3o no dia 21 de fevereiro, em S\u00e3o Paulo, no Teatro Gazeta, mas h\u00e1 possibilidade de fechar turn\u00eas em outras capitais, como Rio de Janeiro e Belo Horizonte.<\/p>\n\n\n\n<p>Servi\u00e7o:<\/p>\n\n\n\n<p>Data:&nbsp;21 de fevereiro de 2025<br>Hor\u00e1rio:&nbsp;20h30<br>Local:&nbsp;Teatro Gazeta &#8211; Av. Paulista, 900 &#8211; S\u00e3o Paulo, SP<br>Ingressos:&nbsp;Clique aqui<\/p>\n\n\n\n<p>Realiza\u00e7\u00e3o:&nbsp;Inh\u00e1 Music Produ\u00e7\u00f5es<\/p>\n","protected":false},"excerpt":{"rendered":"<p>No pr\u00f3ximo dia 21 de fevereiro, o Teatro Gazeta ser\u00e1 palco de um emocionante tributo&#8230;<\/p>\n","protected":false},"author":1,"featured_media":22502,"comment_status":"open","ping_status":"open","sticky":false,"template":"","format":"standard","meta":{"footnotes":""},"categories":[45],"tags":[],"featured_image_urls":{"full":["https:\/\/novosaopaulo.com.br\/n1\/wp-content\/uploads\/2025\/02\/WhatsApp-Image-2025-02-20-at-13.17.28.jpeg",1024,1280,false],"thumbnail":["https:\/\/novosaopaulo.com.br\/n1\/wp-content\/uploads\/2025\/02\/WhatsApp-Image-2025-02-20-at-13.17.28-150x150.jpeg",150,150,true],"medium":["https:\/\/novosaopaulo.com.br\/n1\/wp-content\/uploads\/2025\/02\/WhatsApp-Image-2025-02-20-at-13.17.28-240x300.jpeg",240,300,true],"medium_large":["https:\/\/novosaopaulo.com.br\/n1\/wp-content\/uploads\/2025\/02\/WhatsApp-Image-2025-02-20-at-13.17.28-768x960.jpeg",640,800,true],"large":["https:\/\/novosaopaulo.com.br\/n1\/wp-content\/uploads\/2025\/02\/WhatsApp-Image-2025-02-20-at-13.17.28-819x1024.jpeg",640,800,true],"1536x1536":["https:\/\/novosaopaulo.com.br\/n1\/wp-content\/uploads\/2025\/02\/WhatsApp-Image-2025-02-20-at-13.17.28.jpeg",1024,1280,false],"2048x2048":["https:\/\/novosaopaulo.com.br\/n1\/wp-content\/uploads\/2025\/02\/WhatsApp-Image-2025-02-20-at-13.17.28.jpeg",1024,1280,false],"newsever-slider-full":["https:\/\/novosaopaulo.com.br\/n1\/wp-content\/uploads\/2025\/02\/WhatsApp-Image-2025-02-20-at-13.17.28-1024x845.jpeg",1024,845,true],"newsever-featured":["https:\/\/novosaopaulo.com.br\/n1\/wp-content\/uploads\/2025\/02\/WhatsApp-Image-2025-02-20-at-13.17.28.jpeg",1024,1280,false],"newsever-medium":["https:\/\/novosaopaulo.com.br\/n1\/wp-content\/uploads\/2025\/02\/WhatsApp-Image-2025-02-20-at-13.17.28-720x475.jpeg",720,475,true]},"author_info":{"display_name":"Reda\u00e7\u00e3o","author_link":"https:\/\/novosaopaulo.com.br\/n1\/author\/g5poa\/"},"category_info":"<a href=\"https:\/\/novosaopaulo.com.br\/n1\/category\/cultura\/\" rel=\"category tag\">Cultura<\/a>","tag_info":"Cultura","comment_count":"0","_links":{"self":[{"href":"https:\/\/novosaopaulo.com.br\/n1\/wp-json\/wp\/v2\/posts\/22501"}],"collection":[{"href":"https:\/\/novosaopaulo.com.br\/n1\/wp-json\/wp\/v2\/posts"}],"about":[{"href":"https:\/\/novosaopaulo.com.br\/n1\/wp-json\/wp\/v2\/types\/post"}],"author":[{"embeddable":true,"href":"https:\/\/novosaopaulo.com.br\/n1\/wp-json\/wp\/v2\/users\/1"}],"replies":[{"embeddable":true,"href":"https:\/\/novosaopaulo.com.br\/n1\/wp-json\/wp\/v2\/comments?post=22501"}],"version-history":[{"count":1,"href":"https:\/\/novosaopaulo.com.br\/n1\/wp-json\/wp\/v2\/posts\/22501\/revisions"}],"predecessor-version":[{"id":22503,"href":"https:\/\/novosaopaulo.com.br\/n1\/wp-json\/wp\/v2\/posts\/22501\/revisions\/22503"}],"wp:featuredmedia":[{"embeddable":true,"href":"https:\/\/novosaopaulo.com.br\/n1\/wp-json\/wp\/v2\/media\/22502"}],"wp:attachment":[{"href":"https:\/\/novosaopaulo.com.br\/n1\/wp-json\/wp\/v2\/media?parent=22501"}],"wp:term":[{"taxonomy":"category","embeddable":true,"href":"https:\/\/novosaopaulo.com.br\/n1\/wp-json\/wp\/v2\/categories?post=22501"},{"taxonomy":"post_tag","embeddable":true,"href":"https:\/\/novosaopaulo.com.br\/n1\/wp-json\/wp\/v2\/tags?post=22501"}],"curies":[{"name":"wp","href":"https:\/\/api.w.org\/{rel}","templated":true}]}}