{"id":22496,"date":"2025-02-20T13:16:00","date_gmt":"2025-02-20T16:16:00","guid":{"rendered":"https:\/\/novosaopaulo.com.br\/n1\/?p=22496"},"modified":"2025-02-20T13:16:01","modified_gmt":"2025-02-20T16:16:01","slug":"as-denuncias-de-golpe-tentado-e-o-novo-congresso","status":"publish","type":"post","link":"https:\/\/novosaopaulo.com.br\/n1\/as-denuncias-de-golpe-tentado-e-o-novo-congresso\/","title":{"rendered":"As den\u00fancias de golpe tentado e o novo Congresso"},"content":{"rendered":"\n<p>A den\u00fancia da Procuradoria-geral da Rep\u00fablica contra o ex-presidente Jair Bolsonaro e o alto escal\u00e3o do seu governo \u00e9 uma das compet\u00eancias da reparti\u00e7\u00e3o jur\u00eddica e do seu titular. Mas, talvez, tenha vindo fora de hora e com o cond\u00e3o de agitar os bastidores e a vida pol\u00edtica nacional ao expor o ex-presidente e auxiliares \u2013 boa parte deles militares de alta patente \u2013 a penas que, aplicadas, superariam em muito suas expectativas de vida e, nestas condi\u00e7\u00f5es, poderiam ser comparadas \u00e0s ilegais pris\u00f5es perp\u00e9tuas. A dura medida chega num momento em que a pol\u00edtica nacional ensaia a pacifica\u00e7\u00e3o depois de anos de polariza\u00e7\u00e3o e brigas ideol\u00f3gicas onde os advers\u00e1rios comportam-se como verdadeiros inimigos e tudo fazem para destruir a carreira pol\u00edtica (e at\u00e9 a cida)do oponente.<br>Desde o impeachment da ex-presidente Dilma Rousseff, que se deu por vias normais, no Congresso Nacional, os petistas venderam ao povo a falsa idnforma\u00e7\u00e3o de que a ex-governante teria sofrido um golpe. Lula, que cumpria pena \u2013 e chegou a permanecer 580 dias encarcerado em Curitiba, foi colocado em liberdade e em condi\u00e7\u00f5es de concorrer a mais uma mandato \u00e0 frente da presid\u00eancia da Rep\u00fablica, tomando posse em 1\u00ba de janeiro de 2023. Os seguidores de Bolsonaro (que perdeu a elei\u00e7\u00e3o) fizeram intensa mobiliza\u00e7\u00e3o pelo golpe de Estado, que impedisse a posse de Lula, com o que n\u00e3o concordaram os chefes e as tropas militares, sem os quais n\u00e3o haveria golpe algum.<br>Em 8de janeiro de 2023 houve a invas\u00e3o do Pal\u00e1cio do Planalto, Congresso Nacional e Supremo Tribunal Federal, por manifestantes que mancharam sobre Bras\u00edlia. Todos os acampados na capital federal foram recolhidos ao c\u00e1rcere e processados sob a acusa\u00e7\u00e3o de atentar contra a democracia e o estado de direito. Mesmo sem ter golpe, um bom n\u00famero de mAanifestantes foi condenado a penas que superam os 17 anos de reclus\u00e3o, imposta pelo STF dentro do processo relatado pelo ministro Alexandre de Moraes. Todos apenados pelo que, por incompet\u00eancia, n\u00e3o cometeram. Embora Lula j\u00e1 estivesse empossado e governando, um relat\u00f3rio de investiga\u00e7\u00e3o da Pol\u00edcia Federal acusa Bolsonaro e seu estado-maior de ter tramado o golpe, mesmo o ex-presidente se encontrando em viagem aos Estados Unidos, para onde seguiu nos \u00faltimos dias de dezembro.<br>A elei\u00e7\u00e3o das mesas diretoras da C\u00e2mara dos Deputados e do Senado Federal (01\/02) mostrou ao Pa\u00eds uma nova realidade pol\u00edtica. Parlamentares direitistas, esquerdistas e centristas reuniram-se e elegeram os novos presidentes das duas casas legislativas e, assim, come\u00e7ou o movimento pela anistia aos envolvidos em 8 de janeiro (entre eles Bolsonaro e seus auxiliares diretos) e a mudan\u00e7a nas leis eleitorais. A ideia b\u00e1sica \u00e9 propor a pacifica\u00e7\u00e3o nacional e a volta \u00e0 normalidade e urbanidade das rela\u00e7\u00f5es entre os pol\u00edticos, a exemplo de 1979, quando a grande anistia cedida aos advers\u00e1rios do regime militar baixaram as diverg\u00eancias.<br>N\u00e3o nos cabe questionar o direito do PGR denunciar Bolsonaro e auxiliares. Por\u00e9m, o momento \u00e9 adequado para pensar na conveni\u00eancia de desencorajar o confronto e buscar a paz e o entendimento. Esperamos que o Supremo Tribunal Federal e a pr\u00f3pris PGR levem em considera\u00e7\u00e3o a conveni\u00eancia de promover o entendimento nacional. Os diferentes ideol\u00f3gicos poder\u00e3o ser \u00fateis na medida em que realizarem o proselitismo de suas teses para a vida nacional. O embate parlamentar e na estrutura partid\u00e1ria poder\u00e1 render avan\u00e7os \u00e0 sociedade brasileira pois todas as correntes t\u00eam suas propostas que podem ser positivas ou negativas. O inconveniente \u00e9 que as diverg\u00eancias sejam p\u00f3lo de diverg\u00eancias e escaramu\u00e7as. O Pa\u00eds precisa de pol\u00edtica civilizada e voltada para o desenvolvimento. Jamais para a destrui\u00e7\u00e3o de qualquer dos segmentos, como a que temos vivenciado nos \u00faltimos anos. Chega de desencontros e tentativas de alterar a vida pol\u00edtica nacional atrav\u00e9s da judicializa\u00e7\u00e3o e outros m\u00e9todos de for\u00e7a. Isso s\u00f3 poder\u00e1 levar \u00e0 desagraga\u00e7\u00e3o e infelicidade do povo. Vivam todos e \u2013 o importante \u2013 deixem viver. O novo Congresso Nacional tem todas as condi\u00e7\u00f5es para garantir esse objetivo. Precisamos da a\u00e7\u00e3o de todas as correntes e lideran\u00e7as pol\u00edticas para a constru\u00e7\u00e3o do Brasil do futuro\u2026<\/p>\n\n\n\n<p>Tenente Dirceu Cardoso Gon\u00e7alves &#8211; dirigente da ASPOMIL (Associa\u00e7\u00e3o de Assist. Social dos Policiais Militares de S\u00e3o Paulo).<\/p>\n","protected":false},"excerpt":{"rendered":"<p>A den\u00fancia da Procuradoria-geral da Rep\u00fablica contra o ex-presidente Jair Bolsonaro e o alto escal\u00e3o&#8230;<\/p>\n","protected":false},"author":1,"featured_media":16147,"comment_status":"open","ping_status":"open","sticky":false,"template":"","format":"standard","meta":{"footnotes":""},"categories":[9],"tags":[],"featured_image_urls":{"full":["https:\/\/novosaopaulo.com.br\/n1\/wp-content\/uploads\/2023\/12\/dirceu.jpg",225,225,false],"thumbnail":["https:\/\/novosaopaulo.com.br\/n1\/wp-content\/uploads\/2023\/12\/dirceu-150x150.jpg",150,150,true],"medium":["https:\/\/novosaopaulo.com.br\/n1\/wp-content\/uploads\/2023\/12\/dirceu.jpg",225,225,false],"medium_large":["https:\/\/novosaopaulo.com.br\/n1\/wp-content\/uploads\/2023\/12\/dirceu.jpg",225,225,false],"large":["https:\/\/novosaopaulo.com.br\/n1\/wp-content\/uploads\/2023\/12\/dirceu.jpg",225,225,false],"1536x1536":["https:\/\/novosaopaulo.com.br\/n1\/wp-content\/uploads\/2023\/12\/dirceu.jpg",225,225,false],"2048x2048":["https:\/\/novosaopaulo.com.br\/n1\/wp-content\/uploads\/2023\/12\/dirceu.jpg",225,225,false],"newsever-slider-full":["https:\/\/novosaopaulo.com.br\/n1\/wp-content\/uploads\/2023\/12\/dirceu.jpg",225,225,false],"newsever-featured":["https:\/\/novosaopaulo.com.br\/n1\/wp-content\/uploads\/2023\/12\/dirceu.jpg",225,225,false],"newsever-medium":["https:\/\/novosaopaulo.com.br\/n1\/wp-content\/uploads\/2023\/12\/dirceu.jpg",225,225,false]},"author_info":{"display_name":"Reda\u00e7\u00e3o","author_link":"https:\/\/novosaopaulo.com.br\/n1\/author\/g5poa\/"},"category_info":"<a href=\"https:\/\/novosaopaulo.com.br\/n1\/category\/geral\/\" rel=\"category tag\">Geral<\/a>","tag_info":"Geral","comment_count":"0","_links":{"self":[{"href":"https:\/\/novosaopaulo.com.br\/n1\/wp-json\/wp\/v2\/posts\/22496"}],"collection":[{"href":"https:\/\/novosaopaulo.com.br\/n1\/wp-json\/wp\/v2\/posts"}],"about":[{"href":"https:\/\/novosaopaulo.com.br\/n1\/wp-json\/wp\/v2\/types\/post"}],"author":[{"embeddable":true,"href":"https:\/\/novosaopaulo.com.br\/n1\/wp-json\/wp\/v2\/users\/1"}],"replies":[{"embeddable":true,"href":"https:\/\/novosaopaulo.com.br\/n1\/wp-json\/wp\/v2\/comments?post=22496"}],"version-history":[{"count":1,"href":"https:\/\/novosaopaulo.com.br\/n1\/wp-json\/wp\/v2\/posts\/22496\/revisions"}],"predecessor-version":[{"id":22497,"href":"https:\/\/novosaopaulo.com.br\/n1\/wp-json\/wp\/v2\/posts\/22496\/revisions\/22497"}],"wp:featuredmedia":[{"embeddable":true,"href":"https:\/\/novosaopaulo.com.br\/n1\/wp-json\/wp\/v2\/media\/16147"}],"wp:attachment":[{"href":"https:\/\/novosaopaulo.com.br\/n1\/wp-json\/wp\/v2\/media?parent=22496"}],"wp:term":[{"taxonomy":"category","embeddable":true,"href":"https:\/\/novosaopaulo.com.br\/n1\/wp-json\/wp\/v2\/categories?post=22496"},{"taxonomy":"post_tag","embeddable":true,"href":"https:\/\/novosaopaulo.com.br\/n1\/wp-json\/wp\/v2\/tags?post=22496"}],"curies":[{"name":"wp","href":"https:\/\/api.w.org\/{rel}","templated":true}]}}