{"id":22459,"date":"2025-02-18T16:45:24","date_gmt":"2025-02-18T19:45:24","guid":{"rendered":"https:\/\/novosaopaulo.com.br\/n1\/?p=22459"},"modified":"2025-02-18T16:45:25","modified_gmt":"2025-02-18T19:45:25","slug":"vereador-rogerio-castilho-solicita-base-da-gcm-e-cameras-inteligentes-para-a-regiao-de-palmeiras","status":"publish","type":"post","link":"https:\/\/novosaopaulo.com.br\/n1\/vereador-rogerio-castilho-solicita-base-da-gcm-e-cameras-inteligentes-para-a-regiao-de-palmeiras\/","title":{"rendered":"Vereador Rogerio Castilho solicita base da GCM e c\u00e2meras inteligentes para a regi\u00e3o de Palmeiras"},"content":{"rendered":"\n<p>O vereador Rogerio Castilho (PSB) se reuniu hoje (17) com o secret\u00e1rio de Seguran\u00e7a Cidad\u00e3 Francisco de Assis Balbino Dias para refor\u00e7ar seu pedido de instala\u00e7\u00e3o de uma base da Guarda Civil Municipal (GCM) na Vila Ipel\u00e2ndia, na regional de Palmeiras. A solicita\u00e7\u00e3o, que foi feita h\u00e1 tr\u00eas anos, tem como objetivo aumentar a seguran\u00e7a na regi\u00e3o, atendendo \u00e0s necessidades dos comerciantes.<\/p>\n\n\n\n<p>Al\u00e9m da base do GCM, Castilho tamb\u00e9m pede a instala\u00e7\u00e3o de um sistema de c\u00e2meras inteligentes com monitoramento em tempo real, identificando ve\u00edculos roubados e prevenindo crimes.<\/p>\n\n\n\n<p>&#8220;A seguran\u00e7a \u00e9 uma prioridade, e essa luta de tr\u00eas anos reflete o compromisso que temos com a comunidade. Precisamos garantir prote\u00e7\u00e3o para quem vive e trabalha em Palmeiras, e uni\u00e3o da base da GCM, junto com as c\u00e2meras inteligentes, ser\u00e1 um grande avan\u00e7o nesse sentido&#8221;, afirmou o vereador.<\/p>\n\n\n\n<p>A demanda por mais seguran\u00e7a na regi\u00e3o tem sido uma reivindica\u00e7\u00e3o constante de moradores e comerciantes, que relatam um aumento nos casos de furtos e roubos. \u201cA expectativa agora \u00e9 que o Executivo atenda ao pedido e viabilize as medidas o quanto antes, proporcionando um ambiente mais seguro\u201d, finalizou o parlamentar.<\/p>\n","protected":false},"excerpt":{"rendered":"<p>O vereador Rogerio Castilho (PSB) se reuniu hoje (17) com o secret\u00e1rio de Seguran\u00e7a Cidad\u00e3&#8230;<\/p>\n","protected":false},"author":1,"featured_media":22460,"comment_status":"open","ping_status":"open","sticky":false,"template":"","format":"standard","meta":{"footnotes":""},"categories":[2],"tags":[],"featured_image_urls":{"full":["https:\/\/novosaopaulo.com.br\/n1\/wp-content\/uploads\/2025\/02\/Rogerio-Castilho-e-secretario-de-Seguranca-Cidada_Divulgacao.jpg",1200,914,false],"thumbnail":["https:\/\/novosaopaulo.com.br\/n1\/wp-content\/uploads\/2025\/02\/Rogerio-Castilho-e-secretario-de-Seguranca-Cidada_Divulgacao-150x150.jpg",150,150,true],"medium":["https:\/\/novosaopaulo.com.br\/n1\/wp-content\/uploads\/2025\/02\/Rogerio-Castilho-e-secretario-de-Seguranca-Cidada_Divulgacao-300x229.jpg",300,229,true],"medium_large":["https:\/\/novosaopaulo.com.br\/n1\/wp-content\/uploads\/2025\/02\/Rogerio-Castilho-e-secretario-de-Seguranca-Cidada_Divulgacao-768x585.jpg",640,488,true],"large":["https:\/\/novosaopaulo.com.br\/n1\/wp-content\/uploads\/2025\/02\/Rogerio-Castilho-e-secretario-de-Seguranca-Cidada_Divulgacao-1024x780.jpg",640,488,true],"1536x1536":["https:\/\/novosaopaulo.com.br\/n1\/wp-content\/uploads\/2025\/02\/Rogerio-Castilho-e-secretario-de-Seguranca-Cidada_Divulgacao.jpg",1200,914,false],"2048x2048":["https:\/\/novosaopaulo.com.br\/n1\/wp-content\/uploads\/2025\/02\/Rogerio-Castilho-e-secretario-de-Seguranca-Cidada_Divulgacao.jpg",1200,914,false],"newsever-slider-full":["https:\/\/novosaopaulo.com.br\/n1\/wp-content\/uploads\/2025\/02\/Rogerio-Castilho-e-secretario-de-Seguranca-Cidada_Divulgacao-1200x845.jpg",1200,845,true],"newsever-featured":["https:\/\/novosaopaulo.com.br\/n1\/wp-content\/uploads\/2025\/02\/Rogerio-Castilho-e-secretario-de-Seguranca-Cidada_Divulgacao-1024x780.jpg",1024,780,true],"newsever-medium":["https:\/\/novosaopaulo.com.br\/n1\/wp-content\/uploads\/2025\/02\/Rogerio-Castilho-e-secretario-de-Seguranca-Cidada_Divulgacao-720x475.jpg",720,475,true]},"author_info":{"display_name":"Reda\u00e7\u00e3o","author_link":"https:\/\/novosaopaulo.com.br\/n1\/author\/g5poa\/"},"category_info":"<a href=\"https:\/\/novosaopaulo.com.br\/n1\/category\/cidades\/\" rel=\"category tag\">Cidades<\/a>","tag_info":"Cidades","comment_count":"0","_links":{"self":[{"href":"https:\/\/novosaopaulo.com.br\/n1\/wp-json\/wp\/v2\/posts\/22459"}],"collection":[{"href":"https:\/\/novosaopaulo.com.br\/n1\/wp-json\/wp\/v2\/posts"}],"about":[{"href":"https:\/\/novosaopaulo.com.br\/n1\/wp-json\/wp\/v2\/types\/post"}],"author":[{"embeddable":true,"href":"https:\/\/novosaopaulo.com.br\/n1\/wp-json\/wp\/v2\/users\/1"}],"replies":[{"embeddable":true,"href":"https:\/\/novosaopaulo.com.br\/n1\/wp-json\/wp\/v2\/comments?post=22459"}],"version-history":[{"count":1,"href":"https:\/\/novosaopaulo.com.br\/n1\/wp-json\/wp\/v2\/posts\/22459\/revisions"}],"predecessor-version":[{"id":22461,"href":"https:\/\/novosaopaulo.com.br\/n1\/wp-json\/wp\/v2\/posts\/22459\/revisions\/22461"}],"wp:featuredmedia":[{"embeddable":true,"href":"https:\/\/novosaopaulo.com.br\/n1\/wp-json\/wp\/v2\/media\/22460"}],"wp:attachment":[{"href":"https:\/\/novosaopaulo.com.br\/n1\/wp-json\/wp\/v2\/media?parent=22459"}],"wp:term":[{"taxonomy":"category","embeddable":true,"href":"https:\/\/novosaopaulo.com.br\/n1\/wp-json\/wp\/v2\/categories?post=22459"},{"taxonomy":"post_tag","embeddable":true,"href":"https:\/\/novosaopaulo.com.br\/n1\/wp-json\/wp\/v2\/tags?post=22459"}],"curies":[{"name":"wp","href":"https:\/\/api.w.org\/{rel}","templated":true}]}}