{"id":22443,"date":"2025-02-17T12:24:08","date_gmt":"2025-02-17T15:24:08","guid":{"rendered":"https:\/\/novosaopaulo.com.br\/n1\/?p=22443"},"modified":"2025-02-17T12:24:09","modified_gmt":"2025-02-17T15:24:09","slug":"deputado-quer-dia-da-acao-azul-em-sp-para-atendimento-medico-e-juridico-de-autistas-e-pessoas-com-tdah","status":"publish","type":"post","link":"https:\/\/novosaopaulo.com.br\/n1\/deputado-quer-dia-da-acao-azul-em-sp-para-atendimento-medico-e-juridico-de-autistas-e-pessoas-com-tdah\/","title":{"rendered":"Deputado quer \u201cDia da A\u00e7\u00e3o Azul\u201d em SP para atendimento m\u00e9dico e jur\u00eddico de autistas e pessoas com TDAH"},"content":{"rendered":"\n<p>Proposta de Rafa Zimbaldi (Cidadania-SP) garante que todo munic\u00edpio em territ\u00f3rio bandeirante ofere\u00e7a, numa data espec\u00edfica e num s\u00f3 lugar, acolhimento de Sa\u00fade e psicol\u00f3gico integrado, al\u00e9m de suporte legal para a solicita\u00e7\u00e3o de benef\u00edcios p\u00fablicos<\/p>\n\n\n\n<p>O deputado estadual Rafa Zimbaldi (Cidadania-SP) protocolou um projeto de lei que institui o \u201cDia da A\u00e7\u00e3o Azul\u201d. A proposta garante que todo munic\u00edpio paulista ofere\u00e7a, numa data espec\u00edfica e num s\u00f3 lugar, acolhimento a pessoas com Transtorno do Espectro Autista (TEA) e Transtorno do D\u00e9ficit de Aten\u00e7\u00e3o e Hiperatividade (TDAH). O texto 70\/2025 institucionaliza o atendimento multidisciplinar a jovens e adultos, com direito, inclusive, \u00e0 emiss\u00e3o de laudos m\u00e9dicos e suporte jur\u00eddico gratuito para a solicita\u00e7\u00e3o de benef\u00edcios p\u00fablicos.<\/p>\n\n\n\n<p>De acordo com a proposta do parlamentar do Cidadania-SP, a \u201cA\u00e7\u00e3o Azul\u201d deve ser desenvolvida por cirurgi\u00f5es-dentistas, psic\u00f3logos, neurologistas, fisioterapeutas, advogados, neuropsic\u00f3logos, m\u00e9dicos especializados em diferentes s\u00edndromes, al\u00e9m de psicopedagogos, fonoaudi\u00f3logos, nutricionistas, representantes de entidades ligadas ao TEA e familiares de autistas. O objetivo da medida \u00e9 facilitar o acesso deste p\u00fablico a diagn\u00f3sticos e a encaminhamentos para o tratamento dos transtornos.<\/p>\n\n\n\n<p>O projeto apresentado por Rafa, na Assembleia Legislativa do Estado de S\u00e3o Paulo (Alesp), para ser replicado nos 645 munic\u00edpios paulistas, j\u00e1 \u00e9 colocado em pr\u00e1tica em Campinas-SP, ber\u00e7o eleitoral do parlamentar, desde 2004. A iniciativa tem \u00e0 frente a equipe do deputado e especialistas volunt\u00e1rios e j\u00e1 atendeu mais de mil pessoas, entre jovens e adultos. Autistas, pessoas com TDAH e seus familiares recebem acolhimento e os encaminhamentos necess\u00e1rios, cl\u00ednicos e legais:<\/p>\n\n\n\n<p>\u201cA \u2018A\u00e7\u00e3o Azul\u2019 em Campinas teve resultados acima da m\u00e9dia. Para o trabalho, reunimos m\u00e9dicos especialistas em diferentes s\u00edndromes, al\u00e9m de psic\u00f3logos e advogados. Ap\u00f3s o diagn\u00f3stico e o aconselhamento cl\u00ednico, parentes de pessoas com TDHA e TEA ainda s\u00e3o orientadas a buscar benef\u00edcios dos governos federal e estadual. Penso que, institucionalizando esta a\u00e7\u00e3o, \u00e9 poss\u00edvel que este p\u00fablico-alvo inicie o tratamento multidisciplinar de forma precoce\u201d, defende Rafa.<\/p>\n\n\n\n<p>No Brasil, ainda n\u00e3o h\u00e1 estudos sobre a preval\u00eancia do TEA na popula\u00e7\u00e3o, mas segundo estimativas da Organiza\u00e7\u00e3o Mundial da Sa\u00fade (OMS), o Pa\u00eds pode ter mais de 2 milh\u00f5es de pessoas com autismo.<\/p>\n\n\n\n<p>Uma vez protocolado, o projeto de lei do parlamentar do Cidadania ser\u00e1 analisado pelas Comiss\u00f5es Permanentes da Alesp, antes de ser levado \u00e0 vota\u00e7\u00e3o em Plen\u00e1rio. Caso seja aprovado e sancionado pelo Estado, ficar\u00e1 a cargo das Prefeituras paulistas em parceria com entidades sem fins lucrativos viabilizar a infraestrutura, o espa\u00e7o, a log\u00edstica e profissionais para a realiza\u00e7\u00e3o da \u201cA\u00e7\u00e3o Azul\u201d. A divulga\u00e7\u00e3o da iniciativa tamb\u00e9m ficar\u00e1 a cargo dos organizadores.<\/p>\n\n\n\n<p>Bandeira<br>Rafa \u00e9 autor de diversos projetos de lei em defesa dos autistas paulistas e de portadores de outras necessidades especiais. Um bom exemplo \u00e9 a mat\u00e9ria 254\/2022, que cria a Carteira de Identifica\u00e7\u00e3o da Pessoa com Doen\u00e7a Rara no estado de S\u00e3o Paulo, e que virou lei em 2024.<\/p>\n\n\n\n<p>Ao longo de seu mandato, o deputado ingressou, na Alesp, com outras proposituras que garantem direitos a quem tem TEA e a Portadores de Defici\u00eancia (PCD). Destaque para o texto 1.573\/2023, que reconhece deficiente quem tem fibromialgia; a propositura 429\/2021, que estimula a contrata\u00e7\u00e3o de autistas por parte de empresas, segundo a aptid\u00e3o e a experi\u00eancia do candidato \u00e0 vaga de trabalho; e o projeto 1.346\/2023, que obriga a inser\u00e7\u00e3o do cord\u00e3o de fita com desenhos de girass\u00f3is (s\u00edmbolo que representa doen\u00e7as ocultas) em placas de atendimento priorit\u00e1rio de estabelecimentos p\u00fablicos e privados.<\/p>\n","protected":false},"excerpt":{"rendered":"<p>Proposta de Rafa Zimbaldi (Cidadania-SP) garante que todo munic\u00edpio em territ\u00f3rio bandeirante ofere\u00e7a, numa data&#8230;<\/p>\n","protected":false},"author":1,"featured_media":22444,"comment_status":"open","ping_status":"open","sticky":false,"template":"","format":"standard","meta":{"footnotes":""},"categories":[2],"tags":[],"featured_image_urls":{"full":["https:\/\/novosaopaulo.com.br\/n1\/wp-content\/uploads\/2025\/02\/WhatsApp-Image-2025-02-14-at-23.17.27.jpeg",1280,904,false],"thumbnail":["https:\/\/novosaopaulo.com.br\/n1\/wp-content\/uploads\/2025\/02\/WhatsApp-Image-2025-02-14-at-23.17.27-150x150.jpeg",150,150,true],"medium":["https:\/\/novosaopaulo.com.br\/n1\/wp-content\/uploads\/2025\/02\/WhatsApp-Image-2025-02-14-at-23.17.27-300x212.jpeg",300,212,true],"medium_large":["https:\/\/novosaopaulo.com.br\/n1\/wp-content\/uploads\/2025\/02\/WhatsApp-Image-2025-02-14-at-23.17.27-768x542.jpeg",640,452,true],"large":["https:\/\/novosaopaulo.com.br\/n1\/wp-content\/uploads\/2025\/02\/WhatsApp-Image-2025-02-14-at-23.17.27-1024x723.jpeg",640,452,true],"1536x1536":["https:\/\/novosaopaulo.com.br\/n1\/wp-content\/uploads\/2025\/02\/WhatsApp-Image-2025-02-14-at-23.17.27.jpeg",1280,904,false],"2048x2048":["https:\/\/novosaopaulo.com.br\/n1\/wp-content\/uploads\/2025\/02\/WhatsApp-Image-2025-02-14-at-23.17.27.jpeg",1280,904,false],"newsever-slider-full":["https:\/\/novosaopaulo.com.br\/n1\/wp-content\/uploads\/2025\/02\/WhatsApp-Image-2025-02-14-at-23.17.27-1280x845.jpeg",1280,845,true],"newsever-featured":["https:\/\/novosaopaulo.com.br\/n1\/wp-content\/uploads\/2025\/02\/WhatsApp-Image-2025-02-14-at-23.17.27-1024x723.jpeg",1024,723,true],"newsever-medium":["https:\/\/novosaopaulo.com.br\/n1\/wp-content\/uploads\/2025\/02\/WhatsApp-Image-2025-02-14-at-23.17.27-720x475.jpeg",720,475,true]},"author_info":{"display_name":"Reda\u00e7\u00e3o","author_link":"https:\/\/novosaopaulo.com.br\/n1\/author\/g5poa\/"},"category_info":"<a href=\"https:\/\/novosaopaulo.com.br\/n1\/category\/cidades\/\" rel=\"category tag\">Cidades<\/a>","tag_info":"Cidades","comment_count":"0","_links":{"self":[{"href":"https:\/\/novosaopaulo.com.br\/n1\/wp-json\/wp\/v2\/posts\/22443"}],"collection":[{"href":"https:\/\/novosaopaulo.com.br\/n1\/wp-json\/wp\/v2\/posts"}],"about":[{"href":"https:\/\/novosaopaulo.com.br\/n1\/wp-json\/wp\/v2\/types\/post"}],"author":[{"embeddable":true,"href":"https:\/\/novosaopaulo.com.br\/n1\/wp-json\/wp\/v2\/users\/1"}],"replies":[{"embeddable":true,"href":"https:\/\/novosaopaulo.com.br\/n1\/wp-json\/wp\/v2\/comments?post=22443"}],"version-history":[{"count":1,"href":"https:\/\/novosaopaulo.com.br\/n1\/wp-json\/wp\/v2\/posts\/22443\/revisions"}],"predecessor-version":[{"id":22445,"href":"https:\/\/novosaopaulo.com.br\/n1\/wp-json\/wp\/v2\/posts\/22443\/revisions\/22445"}],"wp:featuredmedia":[{"embeddable":true,"href":"https:\/\/novosaopaulo.com.br\/n1\/wp-json\/wp\/v2\/media\/22444"}],"wp:attachment":[{"href":"https:\/\/novosaopaulo.com.br\/n1\/wp-json\/wp\/v2\/media?parent=22443"}],"wp:term":[{"taxonomy":"category","embeddable":true,"href":"https:\/\/novosaopaulo.com.br\/n1\/wp-json\/wp\/v2\/categories?post=22443"},{"taxonomy":"post_tag","embeddable":true,"href":"https:\/\/novosaopaulo.com.br\/n1\/wp-json\/wp\/v2\/tags?post=22443"}],"curies":[{"name":"wp","href":"https:\/\/api.w.org\/{rel}","templated":true}]}}