{"id":22438,"date":"2025-02-17T12:21:50","date_gmt":"2025-02-17T15:21:50","guid":{"rendered":"https:\/\/novosaopaulo.com.br\/n1\/?p=22438"},"modified":"2025-02-17T12:21:51","modified_gmt":"2025-02-17T15:21:51","slug":"o-ibama-e-o-petroleo-da-foz-do-amazonas","status":"publish","type":"post","link":"https:\/\/novosaopaulo.com.br\/n1\/o-ibama-e-o-petroleo-da-foz-do-amazonas\/","title":{"rendered":"O Ibama e o petr\u00f3leo da foz do Amazonas"},"content":{"rendered":"\n<p>O virtual afastamento do ex-prefeito e vereador de Bauru SP e ex-deputafo federal Rodrigo Agostinho (PSB\/SP), do posto de presidente do Ibama (Instituto Brasileiro do Meio Ambiente) deve abrir, nos pr\u00f3ximos dias, a temporada de reforma ministerial de Lula com vistas \u00e0 sua participa\u00e7\u00e3o na disputa da reelei\u00e7\u00e3o a mais um quatri\u00eanio frente \u00e0 chefia do Pa\u00eds. Irritado diante das press\u00f5es que sofre dos setores que lutam pela autoriza\u00e7\u00e3o do \u00f3rg\u00e3o ambiental \u00e0 prospec\u00e7\u00e3o de petr\u00f3leo na foz do Rio Amazonas, o governante acusou, na \u00faltima quarta-feira, Agostinho de \u201cfazer lenga-lenga\u201d em vez de resolver a quest\u00e3o. Fontes governamentais anunciaram o nome do petista M\u00e1rcio Macedo, atual ministro da secretaria geral da Presid\u00eancia da Rep\u00fablica e ex-superintendente do Ibama em Aracaju SE de 2003 a 2006, para o lugar de Agostinho.<br>Salvo melhor ju\u00edzo, Lula n\u00e3o deveria se irritar e nem esbravejar quando auxiliares seus n\u00e3o cumprem as ordens de acordo com o seu entendimento ou os interesses do governo. Bastaria acionar sua caneta \u2013 a mesma que operou a nomea\u00e7\u00e3o \u2013 e com ela substituir o faltoso, sem delongas. Todos os que assumem cargos de confian\u00e7a na administra\u00e7\u00e3o p\u00fablica \u2013 federal, estadual ou municipal \u2013 sabem que o posto \u00e9 transit\u00f3rio, exatamente o contr\u00e1rio do ofertado aos servidores de carreira que, concursados, ali podem permanecer at\u00e9 o final de seu per\u00edodo laboral. O nomeado pol[\u00edtico permanece s\u00f3 at\u00e9 quando sua atividade agrada ao governo e nada mais.<br>O que se verifica hoje \u00e9 que todos os pol\u00edticos j\u00e1 se preparam para as elei\u00e7\u00f5es \u2013 federais e estaduais \u2013 que acontecer\u00e3o em outubro de 2026. Apesar de ainda faltarem 20 meses para o eleitorado comparecer \u00e0s urnas, o meio j\u00e1 come\u00e7a a se acomodar. Pol\u00edticos e auxiliares migram para postos onde poder\u00e3o ser melhor vistos se forem concorrer aos cargos em disputa ou onde poder\u00e3o prestar melhor servi\u00e7os \u00e0queles que seus interesses ajudam a eleger ou reeleger. \u00c9 por isso que nas pr\u00f3ximas semanas e meses, o presidente da Rep\u00fablica e governadores v\u00e3o fazer a grande movimenta\u00e7\u00e3o dos servidores de confian\u00e7a que, no frigir dos ovos, s\u00e3o os cabos eleitorais.<br>No caso espec\u00edfico do Ibama e sua dif\u00edcil rela\u00e7\u00e3o com o setor petrol\u00edfero, temos de um lado a Petrobras interessada a explorar as reservas de \u00f3leo existentes na foz do Amazonas e do outro lado as ONGs (Organiza\u00e7\u00f5es N\u00e3o Governamentais) internacionais atuando contra o consumo dos hidrocarbonetos mediante o discurso ambiental.<br>O presidente da Rep\u00fablica, com suas atribui\u00e7\u00f5es, deveria ser mais pragm\u00e1ticos e jamais permitir que nomeados pela sua caneta atuem em desacordo com os interesses do Pa\u00eds e nem sejam atacados pelos intereses de segmentos econ\u00f4micos que atuam nas \u00e1reas. Lula deveria, no come\u00e7o das discuss\u00f5es sobre o petr\u00f3elo e o ambiente da foz amazonense ter definido qual a posi\u00e7\u00e3o do seu governo e ter adotado os procedimentos necess\u00e1rios antes que o assunto se tornasse crise.<br>Todos n\u00f3s, brasileiro, sabemos da exist\u00eancia do conflito de interesses em praticamente todos os quadrantes da Economia. No setor energ\u00e9tico, h\u00e1 o grupo que defende o petr\u00f3leo, outro que prega o uso da eletricidade e muitas outras op\u00e7\u00f5es. O Brasil-Governo tem o dever de escolher o seu caminho \u2013 aquele que possa render mais com menores custos \u2013 e adotaras provid\u00eancias de direito e de interesse governamental e comunit\u00e1rio.<br>O presidente do Ibama, da Petrobras e de quantos \u00f3rg\u00e3os atuem no setor n\u00e3o deveriam ser alcan\u00e7ados pelas diverg\u00eancias do setor, visto que os intereses s\u00e3o governamentais e n\u00e3o deles enquanto servidores ou agentes pol\u00edticos. Temos a certeza de que, por seus \u00f3rg\u00e3os, o governo brasileiro disp\u00f5e dos estudos e tecnologias que melhor se adaptam aos interesses nacionais. E que a quest\u00e3o n\u00e3o \u00e9 pessoal, mas institucional e se for feitodiferente, est\u00e1 errado. A Guiana, nosso vizinho do norte j\u00e1 explora o petr\u00f3leo amaz\u00f4nico h\u00e1 alguns anos, com sucesso que destaca o seu desempenho no meio econ\u00f4mico mundial. O Brasil, que possui solo e subsolo id\u00eantico, precisa definir seus interesses na \u00e1rea e passar a execut\u00e1-lo, auferindo os lucros resultantes ou pagando o pre\u00e7o dos problemas que puder contabilizar. Tudo mansa e pacificamente. Explore-se o petr\u00f3leo enquanto ele for economicamente vi\u00e1vel e migre-se para a eletricidade ou outras forntes energ\u00e9ticas quando estas se tornarem mais vantajosas. Quest\u00e3o de pol\u00edtica econ\u00f4mica e tecnol\u00f3gica.<br>Quanto a Agostinho ou aos demais auxiliares a quem foi confiado o mist\u00e9r de administrar os \u00f3rg\u00e3os p\u00fablicos, pensamos que devem ser respeitados e poupados. Eles n\u00e3o passam de prestadores de servi\u00e7os e tudo o que executam \u00e9 tarefa de governo. Se servem para o trabalho, que sejam mantidos. N\u00e3o servindo, que os substituam, sem qualquer crise ou constrangimento\u2026<\/p>\n\n\n\n<p>Tenente Dirceu Cardoso Gon\u00e7alves &#8211; dirigente da ASPOMIL (Associa\u00e7\u00e3o de Assist. Social dos Policiais Militares de S\u00e3o Paulo).<\/p>\n","protected":false},"excerpt":{"rendered":"<p>O virtual afastamento do ex-prefeito e vereador de Bauru SP e ex-deputafo federal Rodrigo Agostinho&#8230;<\/p>\n","protected":false},"author":1,"featured_media":16147,"comment_status":"open","ping_status":"open","sticky":false,"template":"","format":"standard","meta":{"footnotes":""},"categories":[9],"tags":[],"featured_image_urls":{"full":["https:\/\/novosaopaulo.com.br\/n1\/wp-content\/uploads\/2023\/12\/dirceu.jpg",225,225,false],"thumbnail":["https:\/\/novosaopaulo.com.br\/n1\/wp-content\/uploads\/2023\/12\/dirceu-150x150.jpg",150,150,true],"medium":["https:\/\/novosaopaulo.com.br\/n1\/wp-content\/uploads\/2023\/12\/dirceu.jpg",225,225,false],"medium_large":["https:\/\/novosaopaulo.com.br\/n1\/wp-content\/uploads\/2023\/12\/dirceu.jpg",225,225,false],"large":["https:\/\/novosaopaulo.com.br\/n1\/wp-content\/uploads\/2023\/12\/dirceu.jpg",225,225,false],"1536x1536":["https:\/\/novosaopaulo.com.br\/n1\/wp-content\/uploads\/2023\/12\/dirceu.jpg",225,225,false],"2048x2048":["https:\/\/novosaopaulo.com.br\/n1\/wp-content\/uploads\/2023\/12\/dirceu.jpg",225,225,false],"newsever-slider-full":["https:\/\/novosaopaulo.com.br\/n1\/wp-content\/uploads\/2023\/12\/dirceu.jpg",225,225,false],"newsever-featured":["https:\/\/novosaopaulo.com.br\/n1\/wp-content\/uploads\/2023\/12\/dirceu.jpg",225,225,false],"newsever-medium":["https:\/\/novosaopaulo.com.br\/n1\/wp-content\/uploads\/2023\/12\/dirceu.jpg",225,225,false]},"author_info":{"display_name":"Reda\u00e7\u00e3o","author_link":"https:\/\/novosaopaulo.com.br\/n1\/author\/g5poa\/"},"category_info":"<a href=\"https:\/\/novosaopaulo.com.br\/n1\/category\/geral\/\" rel=\"category tag\">Geral<\/a>","tag_info":"Geral","comment_count":"0","_links":{"self":[{"href":"https:\/\/novosaopaulo.com.br\/n1\/wp-json\/wp\/v2\/posts\/22438"}],"collection":[{"href":"https:\/\/novosaopaulo.com.br\/n1\/wp-json\/wp\/v2\/posts"}],"about":[{"href":"https:\/\/novosaopaulo.com.br\/n1\/wp-json\/wp\/v2\/types\/post"}],"author":[{"embeddable":true,"href":"https:\/\/novosaopaulo.com.br\/n1\/wp-json\/wp\/v2\/users\/1"}],"replies":[{"embeddable":true,"href":"https:\/\/novosaopaulo.com.br\/n1\/wp-json\/wp\/v2\/comments?post=22438"}],"version-history":[{"count":1,"href":"https:\/\/novosaopaulo.com.br\/n1\/wp-json\/wp\/v2\/posts\/22438\/revisions"}],"predecessor-version":[{"id":22439,"href":"https:\/\/novosaopaulo.com.br\/n1\/wp-json\/wp\/v2\/posts\/22438\/revisions\/22439"}],"wp:featuredmedia":[{"embeddable":true,"href":"https:\/\/novosaopaulo.com.br\/n1\/wp-json\/wp\/v2\/media\/16147"}],"wp:attachment":[{"href":"https:\/\/novosaopaulo.com.br\/n1\/wp-json\/wp\/v2\/media?parent=22438"}],"wp:term":[{"taxonomy":"category","embeddable":true,"href":"https:\/\/novosaopaulo.com.br\/n1\/wp-json\/wp\/v2\/categories?post=22438"},{"taxonomy":"post_tag","embeddable":true,"href":"https:\/\/novosaopaulo.com.br\/n1\/wp-json\/wp\/v2\/tags?post=22438"}],"curies":[{"name":"wp","href":"https:\/\/api.w.org\/{rel}","templated":true}]}}