{"id":22401,"date":"2025-02-12T22:43:18","date_gmt":"2025-02-13T01:43:18","guid":{"rendered":"https:\/\/novosaopaulo.com.br\/n1\/?p=22401"},"modified":"2025-02-12T22:43:19","modified_gmt":"2025-02-13T01:43:19","slug":"2a-jornada-medica-tera-palestrantes-do-brasil-de-israel-e-dos-eua-para-tratar-sobre-tecnologia-e-humanizacao-na-saude","status":"publish","type":"post","link":"https:\/\/novosaopaulo.com.br\/n1\/2a-jornada-medica-tera-palestrantes-do-brasil-de-israel-e-dos-eua-para-tratar-sobre-tecnologia-e-humanizacao-na-saude\/","title":{"rendered":"2\u00aa Jornada M\u00e9dica ter\u00e1 palestrantes do Brasil, de Israel e dos EUA para tratar sobre Tecnologia e humaniza\u00e7\u00e3o na Sa\u00fade"},"content":{"rendered":"\n<p>Evento acontece de 12 a 14 de mar\u00e7o, em Erechim, no Rio Grande do Sul, em prol da restaura\u00e7\u00e3o do Hospital Israelita \u201cLeonardo Cohen\u201d, primeiro do g\u00eanero erguido no Brasil, 96 anos atr\u00e1s<\/p>\n\n\n\n<p>Com os olhares voltados \u00e0 Tecnologia, mas sem perder o humanismo, acontece nos dias 12, 13 e 14 de mar\u00e7o a 2\u00aa Jornada M\u00e9dica Internacional, em Erechim, cidade do Rio Grande do Sul. Com expectativa de reunir mais de 600 participantes, o evento contar\u00e1 com palestrantes de Israel e dos Estados Unidos, al\u00e9m de especialistas de institui\u00e7\u00f5es, universidades e hospitais de grande relevo no Brasil, como S\u00edrio Liban\u00eas, Albert Einstein e Instituto do Cora\u00e7\u00e3o (InCor), para debater e apresentar, de forma aprofundada, experi\u00eancias e inova\u00e7\u00f5es na \u00e1rea. As inscri\u00e7\u00f5es j\u00e1 est\u00e3o abertas e podem ser feitas no link https:\/\/jornadamedicainternacional.com.br\/inscricao.<\/p>\n\n\n\n<p>O encontro foi idealizado em 2024 em mem\u00f3ria ao primeiro Hospital Israelita do Brasil, \u201cLeonardo Cohen\u201d, ativo entre 1929 e 1962. Projetada por engenheiros ingleses, a estrutura foi dirigida por m\u00e9dicos judeus alem\u00e3es em fuga pela persegui\u00e7\u00e3o nazista na Europa. Parte da verba arrecadada na Jornada deste ano ser\u00e1 destinada \u00e0 restaura\u00e7\u00e3o do pr\u00e9dio constru\u00eddo na antiga Col\u00f4nia Judaica de Quatro Irm\u00e3os:<\/p>\n\n\n\n<p>\u201cO hospital \u2018Leonardo Cohen\u2019 foi o primeiro israelita do Brasil. Sua hist\u00f3ria \u00e9 s\u00edmbolo de resist\u00eancia ao povo judaico que imigrou para o norte do Rio Grande do Sul. O resgate material desta estrutura permite, tamb\u00e9m, reconstruir a mem\u00f3ria e a import\u00e2ncia dos colonos de Quatro Irm\u00e3os\u201d, valoriza S\u00e9rgio Lerrer, secret\u00e1rio do Polo de Turismo Judaico da cidade ga\u00facha.<\/p>\n\n\n\n<p>Em sua segunda edi\u00e7\u00e3o, a Jornada ser\u00e1 abrigada no Centro Cultural Vinte e Cinco de Julho (rua Gaurama, 210 &#8211; Centro), com tem\u00e1ticas voltadas \u00e0 evolu\u00e7\u00e3o da Medicina no Brasil e mundo. Um dos destaques, no dia 12, \u00e9 o painel \u201cDesafios para a Sa\u00fade P\u00fablica Eficiente\u201d, voltado a profissionais do setor (Prefeituras, Estado e Uni\u00e3o).<\/p>\n\n\n\n<p>Diabetes e Oncologia<br>J\u00e1 no dia 13, acontece o \u201cF\u00f3rum de Diabetes e Cardiologia\u201d e o \u201cF\u00f3rum de Oncologia\u201d. Na grade de palestrantes, destaque para Marcelo Averbach, m\u00e9dico-cirurgi\u00e3o de c\u00f3lon do S\u00edrio Liban\u00eas e professor de Medicina da Universidade de S\u00e3o Paulo (USP); Nurit Yair, gestora do Departamento de Oncologia do Sheba Medical Center e do The Jusidman C\u00e2ncer Center, ambos de Israel; e Sergio Roithmann, chefe do Servi\u00e7o de Oncologia do Hospital Moinhos de Vento e professor da Universidade Federal de Ci\u00eancias da Sa\u00fade de Porto Alegre (UFCSPA).<\/p>\n\n\n\n<p>No \u00faltimo dia da Jornada, especialistas v\u00e3o abordar as \u201cNovas Fronteiras da Medicina\u201d. Entre os expositores estar\u00e3o Andr\u00e9 Machado, neurocirurgi\u00e3o pesquisador da Chairman da Cleveland Clinic, dos Estados Unidos; e Cesar Mizrahi, neurocirurgi\u00e3o e especialista em cirurgia complexa de coluna do Shaare Zedek Medical Center, de Jerusal\u00e9m.<\/p>\n\n\n\n<p>A expectativa dos organizadores da Jornada M\u00e9dica Internacional 2025 \u00e9 receber mais de 600 participantes, entre os tr\u00eas dias de evento &#8211; n\u00famero superior \u00e0 edi\u00e7\u00e3o de 2024. O evento \u00e9 uma realiza\u00e7\u00e3o do Instituto Cultural Judaico Marc Chagall, da Prefeitura de Erechim e do Polo de Turismo Judaico de Quatro Irm\u00e3os e Regi\u00e3o.<\/p>\n\n\n\n<p>Economia e Turismo<br>De acordo com Lerrer, o encontro m\u00e9dico busca, ainda, valorizar as belezas e os atrativos tur\u00edsticos e geogr\u00e1ficos do Alto Uruguai ga\u00facho, onde est\u00e1 localizada Erechim e, consequentemente, movimentar a Economia e o Turismo da regi\u00e3o:<\/p>\n\n\n\n<p>\u201cAfinal, esta localidade vai receber visitantes do Brasil e do mundo durante os tr\u00eas dias de evento\u201d, refor\u00e7a.<\/p>\n\n\n\n<p>Inscri\u00e7\u00f5es<br>As inscri\u00e7\u00f5es para a 2\u00aa Jornada M\u00e9dica Internacional 2025 j\u00e1 est\u00e3o abertas e podem ser feitas no site www.jornadamedicainternacional.com.br. Profissionais da Medicina pagam R$ 349; estudantes, R$ 299. A participa\u00e7\u00e3o d\u00e1 direito a certificado. Mais informa\u00e7\u00f5es e a programa\u00e7\u00e3o completa est\u00e3o dispon\u00edveis nas redes sociais do evento (@jornada.medica.internacional) e por meio do WhatsApp (54) 99225-0596.<\/p>\n\n\n\n<p>SERVI\u00c7O:<\/p>\n\n\n\n<p>2\u00aa Jornada M\u00e9dica Internacional<\/p>\n\n\n\n<p>Quando: Dias 12, 13 e 14 de mar\u00e7o de 2025<\/p>\n\n\n\n<p>Local: Centro Cultural Vinte e Cinco de Julho<\/p>\n\n\n\n<p>Endere\u00e7o: Rua Gaurama, 210 &#8211; Centro, Erechim-RS | CEP: 99700-000<\/p>\n\n\n\n<p>Inscri\u00e7\u00f5es: https:\/\/jornadamedicainternacional.com.br\/inscricao<\/p>\n\n\n\n<p>Valores: R$ 349, para profissionais da Medicina; e R$ 299, para estudantes | Com direito \u00e0 emiss\u00e3o de certificado<\/p>\n\n\n\n<p>Mais informa\u00e7\u00f5es e a programa\u00e7\u00e3o completa nas redes sociais do evento (@jornada.medica.internacional) e por meio do WhatsApp (54) 99225-0596.<\/p>\n\n\n\n<p>\u2026<\/p>\n\n\n\n<p>MAIS FOTOS PARA DOWNLOAD<\/p>\n\n\n\n<p>JORNADA M\u00c9DICA INTERNACIONAL 2025<\/p>\n\n\n\n<p><a href=\"https:\/\/we.tl\/t-03LPquDO8J\">https:\/\/we.tl\/t-03LPquDO8J<\/a><\/p>\n","protected":false},"excerpt":{"rendered":"<p>Evento acontece de 12 a 14 de mar\u00e7o, em Erechim, no Rio Grande do Sul,&#8230;<\/p>\n","protected":false},"author":1,"featured_media":22402,"comment_status":"open","ping_status":"open","sticky":false,"template":"","format":"standard","meta":{"footnotes":""},"categories":[2],"tags":[],"featured_image_urls":{"full":["https:\/\/novosaopaulo.com.br\/n1\/wp-content\/uploads\/2025\/02\/2.jpeg",1600,1066,false],"thumbnail":["https:\/\/novosaopaulo.com.br\/n1\/wp-content\/uploads\/2025\/02\/2-150x150.jpeg",150,150,true],"medium":["https:\/\/novosaopaulo.com.br\/n1\/wp-content\/uploads\/2025\/02\/2-300x200.jpeg",300,200,true],"medium_large":["https:\/\/novosaopaulo.com.br\/n1\/wp-content\/uploads\/2025\/02\/2-768x512.jpeg",640,427,true],"large":["https:\/\/novosaopaulo.com.br\/n1\/wp-content\/uploads\/2025\/02\/2-1024x682.jpeg",640,426,true],"1536x1536":["https:\/\/novosaopaulo.com.br\/n1\/wp-content\/uploads\/2025\/02\/2-1536x1023.jpeg",1536,1023,true],"2048x2048":["https:\/\/novosaopaulo.com.br\/n1\/wp-content\/uploads\/2025\/02\/2.jpeg",1600,1066,false],"newsever-slider-full":["https:\/\/novosaopaulo.com.br\/n1\/wp-content\/uploads\/2025\/02\/2-1280x845.jpeg",1280,845,true],"newsever-featured":["https:\/\/novosaopaulo.com.br\/n1\/wp-content\/uploads\/2025\/02\/2-1024x682.jpeg",1024,682,true],"newsever-medium":["https:\/\/novosaopaulo.com.br\/n1\/wp-content\/uploads\/2025\/02\/2-720x475.jpeg",720,475,true]},"author_info":{"display_name":"Reda\u00e7\u00e3o","author_link":"https:\/\/novosaopaulo.com.br\/n1\/author\/g5poa\/"},"category_info":"<a href=\"https:\/\/novosaopaulo.com.br\/n1\/category\/cidades\/\" rel=\"category tag\">Cidades<\/a>","tag_info":"Cidades","comment_count":"0","_links":{"self":[{"href":"https:\/\/novosaopaulo.com.br\/n1\/wp-json\/wp\/v2\/posts\/22401"}],"collection":[{"href":"https:\/\/novosaopaulo.com.br\/n1\/wp-json\/wp\/v2\/posts"}],"about":[{"href":"https:\/\/novosaopaulo.com.br\/n1\/wp-json\/wp\/v2\/types\/post"}],"author":[{"embeddable":true,"href":"https:\/\/novosaopaulo.com.br\/n1\/wp-json\/wp\/v2\/users\/1"}],"replies":[{"embeddable":true,"href":"https:\/\/novosaopaulo.com.br\/n1\/wp-json\/wp\/v2\/comments?post=22401"}],"version-history":[{"count":1,"href":"https:\/\/novosaopaulo.com.br\/n1\/wp-json\/wp\/v2\/posts\/22401\/revisions"}],"predecessor-version":[{"id":22403,"href":"https:\/\/novosaopaulo.com.br\/n1\/wp-json\/wp\/v2\/posts\/22401\/revisions\/22403"}],"wp:featuredmedia":[{"embeddable":true,"href":"https:\/\/novosaopaulo.com.br\/n1\/wp-json\/wp\/v2\/media\/22402"}],"wp:attachment":[{"href":"https:\/\/novosaopaulo.com.br\/n1\/wp-json\/wp\/v2\/media?parent=22401"}],"wp:term":[{"taxonomy":"category","embeddable":true,"href":"https:\/\/novosaopaulo.com.br\/n1\/wp-json\/wp\/v2\/categories?post=22401"},{"taxonomy":"post_tag","embeddable":true,"href":"https:\/\/novosaopaulo.com.br\/n1\/wp-json\/wp\/v2\/tags?post=22401"}],"curies":[{"name":"wp","href":"https:\/\/api.w.org\/{rel}","templated":true}]}}