{"id":22398,"date":"2025-02-12T22:41:51","date_gmt":"2025-02-13T01:41:51","guid":{"rendered":"https:\/\/novosaopaulo.com.br\/n1\/?p=22398"},"modified":"2025-02-12T22:41:52","modified_gmt":"2025-02-13T01:41:52","slug":"comeca-hoje-prazo-para-escolha-de-opcao-unica-no-provao-paulista","status":"publish","type":"post","link":"https:\/\/novosaopaulo.com.br\/n1\/comeca-hoje-prazo-para-escolha-de-opcao-unica-no-provao-paulista\/","title":{"rendered":"Come\u00e7a hoje prazo para escolha de op\u00e7\u00e3o \u00fanica no Prov\u00e3o Paulista"},"content":{"rendered":"\n<p>Candidato pode indicar at\u00e9 domingo (16) uma \u00fanica forma\u00e7\u00e3o de sua prefer\u00eancia nas Fatecs e outra nas universidades; conhe\u00e7a o diferencial dos cursos superiores de tecnologia e sua alta empregabilidade<\/p>\n\n\n\n<p>Quem participou do Prov\u00e3o Paulista e at\u00e9 agora n\u00e3o garantiu uma vaga em um curso superior gratuito pode tentar a \u00faltima chance. Come\u00e7a nesta quarta-feira (12), o prazo para escolha de op\u00e7\u00e3o \u00fanica nos cursos que ainda est\u00e3o com vagas dispon\u00edveis nas universidades paulistas e nas Faculdades de Tecnologia do Estado (Fatecs), administradas pelo Centro Paula Souza (CPS). O ingresso ocorre neste primeiro semestre de 2025.<\/p>\n\n\n\n<p>O candidato pode indicar uma \u00fanica forma\u00e7\u00e3o de sua prefer\u00eancia nas Fatecs e outra nas universidades, at\u00e9 domingo (16), pela \u00e1rea do aluno, no Portal de Escolha de Vagas do Prov\u00e3o Paulista, no endere\u00e7o: provaopaulistaseriado.vunesp.com.br. A quantidade de vagas nas Fatecs, por curso e munic\u00edpio, pode ser consultada pelo candidato no site do Prov\u00e3o. A convoca\u00e7\u00e3o ocorre no dia 19 e as matr\u00edculas dever\u00e3o ser feitas entre 20 e 21 de fevereiro.<\/p>\n\n\n\n<p>A \u00faltima chamada \u00e9 destinada a estudantes classificados no Prov\u00e3o Paulista que n\u00e3o foram convocados em listas anteriores ou n\u00e3o efetivaram a matr\u00edcula em nenhuma institui\u00e7\u00e3o de n\u00edvel superior. No caso das Fatecs, o candidato pode optar por uma forma\u00e7\u00e3o diferente da registrada na primeira etapa de escolhas.<\/p>\n\n\n\n<p>Alta empregabilidade<\/p>\n\n\n\n<p>O foco no mercado de trabalho \u00e9 um dos diferenciais das Faculdades de Tecnologia. Os cursos s\u00e3o estrategicamente direcionados para atender \u00e0 voca\u00e7\u00e3o econ\u00f4mica de cada localidade do Estado, em \u00e1reas como gest\u00e3o de neg\u00f3cios, tecnologia da informa\u00e7\u00e3o, infraestrutura, meio ambiente, ind\u00fastria 4.0 e assim por diante. Entre os exemplos est\u00e3o Alimentos, nas Fatecs Mar\u00edlia e Piracicaba; Mecaniza\u00e7\u00e3o em Agricultura de Precis\u00e3o, na Fatec Pompeia; Gest\u00e3o Portu\u00e1ria, na Fatec Baixada Santista; Projetos de Estruturas Aeron\u00e1uticas, na Fatec S\u00e3o Jos\u00e9 dos Campos; e muitos outros. Conhe\u00e7a os cursos<\/p>\n\n\n\n<p>A alta empregabilidade \u00e9 uma das vantagens da gradua\u00e7\u00e3o tecnol\u00f3gica. Mais de 91% dos estudantes das Fatecs est\u00e3o empregados em at\u00e9 um ano ap\u00f3s a conclus\u00e3o do curso. \u201cAs Fatecs desenvolvem compet\u00eancias e habilidades de profissionais focados em melhorar os processos de gest\u00e3o e inova\u00e7\u00e3o, solucionando problemas complexos por meio da tecnologia\u201d, afirma o coordenador de Ensino Superior de Gradua\u00e7\u00e3o do CPS, Robson dos Santos. Segundo ele, existe uma procura grande por tecn\u00f3logos formados pelo CPS porque \u201cas empresas sabem que v\u00e3o contar com pessoas de perfil criativo e empreendedor\u201d, diz.<\/p>\n\n\n\n<p>Pr\u00f3ximas etapas:<\/p>\n\n\n\n<p>\u2013 Prazo para o candidato indicar op\u00e7\u00e3o \u00fanica de curso no site do Prov\u00e3o: 12 a 16 de fevereiro<br>\u2013 Quarta lista de chamada unificada: 19 de fevereiro, a partir das 14 horas no site do Prov\u00e3o Paulista<br>\u2013 Matr\u00edcula dos aprovados na quarta lista das Fatecs: 20 e 21 de fevereiro<\/p>\n","protected":false},"excerpt":{"rendered":"<p>Candidato pode indicar at\u00e9 domingo (16) uma \u00fanica forma\u00e7\u00e3o de sua prefer\u00eancia nas Fatecs e&#8230;<\/p>\n","protected":false},"author":1,"featured_media":22399,"comment_status":"open","ping_status":"open","sticky":false,"template":"","format":"standard","meta":{"footnotes":""},"categories":[2],"tags":[],"featured_image_urls":{"full":["https:\/\/novosaopaulo.com.br\/n1\/wp-content\/uploads\/2025\/02\/fatecs-provao1.jpg",360,240,false],"thumbnail":["https:\/\/novosaopaulo.com.br\/n1\/wp-content\/uploads\/2025\/02\/fatecs-provao1-150x150.jpg",150,150,true],"medium":["https:\/\/novosaopaulo.com.br\/n1\/wp-content\/uploads\/2025\/02\/fatecs-provao1-300x200.jpg",300,200,true],"medium_large":["https:\/\/novosaopaulo.com.br\/n1\/wp-content\/uploads\/2025\/02\/fatecs-provao1.jpg",360,240,false],"large":["https:\/\/novosaopaulo.com.br\/n1\/wp-content\/uploads\/2025\/02\/fatecs-provao1.jpg",360,240,false],"1536x1536":["https:\/\/novosaopaulo.com.br\/n1\/wp-content\/uploads\/2025\/02\/fatecs-provao1.jpg",360,240,false],"2048x2048":["https:\/\/novosaopaulo.com.br\/n1\/wp-content\/uploads\/2025\/02\/fatecs-provao1.jpg",360,240,false],"newsever-slider-full":["https:\/\/novosaopaulo.com.br\/n1\/wp-content\/uploads\/2025\/02\/fatecs-provao1.jpg",360,240,false],"newsever-featured":["https:\/\/novosaopaulo.com.br\/n1\/wp-content\/uploads\/2025\/02\/fatecs-provao1.jpg",360,240,false],"newsever-medium":["https:\/\/novosaopaulo.com.br\/n1\/wp-content\/uploads\/2025\/02\/fatecs-provao1.jpg",360,240,false]},"author_info":{"display_name":"Reda\u00e7\u00e3o","author_link":"https:\/\/novosaopaulo.com.br\/n1\/author\/g5poa\/"},"category_info":"<a href=\"https:\/\/novosaopaulo.com.br\/n1\/category\/cidades\/\" rel=\"category tag\">Cidades<\/a>","tag_info":"Cidades","comment_count":"0","_links":{"self":[{"href":"https:\/\/novosaopaulo.com.br\/n1\/wp-json\/wp\/v2\/posts\/22398"}],"collection":[{"href":"https:\/\/novosaopaulo.com.br\/n1\/wp-json\/wp\/v2\/posts"}],"about":[{"href":"https:\/\/novosaopaulo.com.br\/n1\/wp-json\/wp\/v2\/types\/post"}],"author":[{"embeddable":true,"href":"https:\/\/novosaopaulo.com.br\/n1\/wp-json\/wp\/v2\/users\/1"}],"replies":[{"embeddable":true,"href":"https:\/\/novosaopaulo.com.br\/n1\/wp-json\/wp\/v2\/comments?post=22398"}],"version-history":[{"count":1,"href":"https:\/\/novosaopaulo.com.br\/n1\/wp-json\/wp\/v2\/posts\/22398\/revisions"}],"predecessor-version":[{"id":22400,"href":"https:\/\/novosaopaulo.com.br\/n1\/wp-json\/wp\/v2\/posts\/22398\/revisions\/22400"}],"wp:featuredmedia":[{"embeddable":true,"href":"https:\/\/novosaopaulo.com.br\/n1\/wp-json\/wp\/v2\/media\/22399"}],"wp:attachment":[{"href":"https:\/\/novosaopaulo.com.br\/n1\/wp-json\/wp\/v2\/media?parent=22398"}],"wp:term":[{"taxonomy":"category","embeddable":true,"href":"https:\/\/novosaopaulo.com.br\/n1\/wp-json\/wp\/v2\/categories?post=22398"},{"taxonomy":"post_tag","embeddable":true,"href":"https:\/\/novosaopaulo.com.br\/n1\/wp-json\/wp\/v2\/tags?post=22398"}],"curies":[{"name":"wp","href":"https:\/\/api.w.org\/{rel}","templated":true}]}}