{"id":22391,"date":"2025-02-12T22:36:43","date_gmt":"2025-02-13T01:36:43","guid":{"rendered":"https:\/\/novosaopaulo.com.br\/n1\/?p=22391"},"modified":"2025-02-12T22:36:44","modified_gmt":"2025-02-13T01:36:44","slug":"sao-paulo-recebe-primeira-etapa-da-capacitacao-paralimpica-de-2025-para-profissionais-de-educacao-fisica","status":"publish","type":"post","link":"https:\/\/novosaopaulo.com.br\/n1\/sao-paulo-recebe-primeira-etapa-da-capacitacao-paralimpica-de-2025-para-profissionais-de-educacao-fisica\/","title":{"rendered":"S\u00e3o Paulo recebe primeira etapa da capacita\u00e7\u00e3o paral\u00edmpica de 2025 para profissionais de educa\u00e7\u00e3o f\u00edsica"},"content":{"rendered":"\n<p>Forma\u00e7\u00e3o gratuita do Governo de S\u00e3o Paulo promove pr\u00e1tica dos esportes adaptados para a inclus\u00e3o de estudantes com defici\u00eancia<\/p>\n\n\n\n<p>Est\u00e3o abertas as inscri\u00e7\u00f5es para a primeira etapa do Programa de Desenvolvimento Paral\u00edmpico de 2025. O curso, destinado aos profissionais de educa\u00e7\u00e3o f\u00edsica, acontece entre 18 e 21 de fevereiro, no Complexo Esportivo Baby Barioni, no bairro da \u00c1gua Branca.<\/p>\n\n\n\n<p>O projeto do Governo de S\u00e3o Paulo \u00e9 uma iniciativa das Secretarias Estaduais dos Direitos da Pessoa com Defici\u00eancia e de Esportes. S\u00e3o 200 vagas para professores de educa\u00e7\u00e3o f\u00edsica das redes p\u00fablica e privada, estudantes do \u00faltimo ano da gradua\u00e7\u00e3o em educa\u00e7\u00e3o f\u00edsica e profissionais envolvidos com atividades esportivas (clubes, entidades e associa\u00e7\u00f5es).<\/p>\n\n\n\n<p>Interessados podem se inscrever&nbsp;<a rel=\"noreferrer noopener\" target=\"_blank\" href=\"https:\/\/click.cse360.com.br\/Click\/AddCampaignEmailClick\/b2452df8-7de1-418c-6e3d-08dd4aa5c864\/https%253a%252f%252fparalimpico.com.br%252f\/5f0a2e44-d4db-4f72-9fc8-8b01e0f7a629\/novosaopaulo@yahoo.com.br\/True\">no site&nbsp;<\/a>ou presencialmente no local do curso no decorrer das aulas, de acordo com vagas dispon\u00edveis. Os participantes recebem certificado no final da qualifica\u00e7\u00e3o.<\/p>\n\n\n\n<p>O programa fomenta o esporte paral\u00edmpico e oferece capacita\u00e7\u00e3o t\u00e9cnica, com conhecimento te\u00f3rico e pr\u00e1tico do esporte paral\u00edmpico nas modalidades de atletismo, futebol de cegos, halterofilismo, nata\u00e7\u00e3o, t\u00eanis de mesa e v\u00f4lei sentado. Al\u00e9m disso, a iniciativa oferece neste ano duas novas modalidades: basquete em cadeira de rodas e goalball.<\/p>\n\n\n\n<p>\u201cGarantir a integra\u00e7\u00e3o de pessoas com defici\u00eancia nos esportes, em especial nas escolas, \u00e9 de extrema import\u00e2ncia n\u00e3o s\u00f3 como forma de incentivar o interesse dos jovens pelo paradesporto, mas tamb\u00e9m promover a inclus\u00e3o\u201d, ressalta Marcos da Costa, secret\u00e1rio de Estado dos Direitos da Pessoa com Defici\u00eancia.<\/p>\n\n\n\n<p>Os profissionais capacitados poder\u00e3o impactar mais de 891,7 mil pessoas com defici\u00eancia, o que representa cerca de 7,8% da popula\u00e7\u00e3o da capital paulista, de acordo com o Observat\u00f3rio dos Direitos da Pessoa com Defici\u00eancia.<\/p>\n\n\n\n<p><strong>Programa de Desenvolvimento Paral\u00edmpico<\/strong><\/p>\n\n\n\n<p>Criado em 2021, por meio de parceria entre as secretarias estaduais dos Direitos da Pessoa com Defici\u00eancia e de Esportes, o programa j\u00e1 capacitou mais de 10 mil profissionais de educa\u00e7\u00e3o f\u00edsica em mais de 100 etapas, em 70 munic\u00edpios no Estado de S\u00e3o Paulo.&nbsp;<\/p>\n\n\n\n<p><strong>Servi\u00e7o<\/strong><\/p>\n\n\n\n<p><strong>Inscri\u00e7\u00f5es<\/strong>:&nbsp;<a rel=\"noreferrer noopener\" target=\"_blank\" href=\"https:\/\/click.cse360.com.br\/Click\/AddCampaignEmailClick\/b2452df8-7de1-418c-6e3d-08dd4aa5c864\/https%253a%252f%252fparalimpico.com.br%252f\/5f0a2e44-d4db-4f72-9fc8-8b01e0f7a629\/novosaopaulo@yahoo.com.br\/True\">https:\/\/paralimpico.com.br\/<\/a><\/p>\n\n\n\n<p><strong>Data<\/strong>:18 a 21 de fevereiro de 2025<\/p>\n\n\n\n<p><strong>Local:<\/strong>&nbsp;Complexo Esportivo Baby Barioni &#8211; Rua Germaine Burchard, n\u00ba 451<\/p>\n\n\n\n<p><strong>Confira a agenda:<\/strong><\/p>\n\n\n\n<p>Orl\u00e2ndia &#8211; de 25 a 28 de fevereiro<\/p>\n\n\n\n<p>Caraguatatuba &#8211; de 11 a 14 de mar\u00e7o<\/p>\n\n\n\n<p>S\u00e3o Paulo (Zona Leste) &#8211; de 18 a 21 de mar\u00e7o<\/p>\n\n\n\n<p>Pindamonhangaba &#8211; de 06 a 09 de maio<\/p>\n","protected":false},"excerpt":{"rendered":"<p>Forma\u00e7\u00e3o gratuita do Governo de S\u00e3o Paulo promove pr\u00e1tica dos esportes adaptados para a inclus\u00e3o&#8230;<\/p>\n","protected":false},"author":1,"featured_media":22393,"comment_status":"open","ping_status":"open","sticky":false,"template":"","format":"standard","meta":{"footnotes":""},"categories":[49],"tags":[],"featured_image_urls":{"full":["https:\/\/novosaopaulo.com.br\/n1\/wp-content\/uploads\/2025\/02\/0cf21266-c9c3-4324-8566-50c9a778f11a.jpeg",384,256,false],"thumbnail":["https:\/\/novosaopaulo.com.br\/n1\/wp-content\/uploads\/2025\/02\/0cf21266-c9c3-4324-8566-50c9a778f11a-150x150.jpeg",150,150,true],"medium":["https:\/\/novosaopaulo.com.br\/n1\/wp-content\/uploads\/2025\/02\/0cf21266-c9c3-4324-8566-50c9a778f11a-300x200.jpeg",300,200,true],"medium_large":["https:\/\/novosaopaulo.com.br\/n1\/wp-content\/uploads\/2025\/02\/0cf21266-c9c3-4324-8566-50c9a778f11a.jpeg",384,256,false],"large":["https:\/\/novosaopaulo.com.br\/n1\/wp-content\/uploads\/2025\/02\/0cf21266-c9c3-4324-8566-50c9a778f11a.jpeg",384,256,false],"1536x1536":["https:\/\/novosaopaulo.com.br\/n1\/wp-content\/uploads\/2025\/02\/0cf21266-c9c3-4324-8566-50c9a778f11a.jpeg",384,256,false],"2048x2048":["https:\/\/novosaopaulo.com.br\/n1\/wp-content\/uploads\/2025\/02\/0cf21266-c9c3-4324-8566-50c9a778f11a.jpeg",384,256,false],"newsever-slider-full":["https:\/\/novosaopaulo.com.br\/n1\/wp-content\/uploads\/2025\/02\/0cf21266-c9c3-4324-8566-50c9a778f11a.jpeg",384,256,false],"newsever-featured":["https:\/\/novosaopaulo.com.br\/n1\/wp-content\/uploads\/2025\/02\/0cf21266-c9c3-4324-8566-50c9a778f11a.jpeg",384,256,false],"newsever-medium":["https:\/\/novosaopaulo.com.br\/n1\/wp-content\/uploads\/2025\/02\/0cf21266-c9c3-4324-8566-50c9a778f11a.jpeg",384,256,false]},"author_info":{"display_name":"Reda\u00e7\u00e3o","author_link":"https:\/\/novosaopaulo.com.br\/n1\/author\/g5poa\/"},"category_info":"<a href=\"https:\/\/novosaopaulo.com.br\/n1\/category\/governo-de-sp\/\" rel=\"category tag\">Governo de SP<\/a>","tag_info":"Governo de SP","comment_count":"0","_links":{"self":[{"href":"https:\/\/novosaopaulo.com.br\/n1\/wp-json\/wp\/v2\/posts\/22391"}],"collection":[{"href":"https:\/\/novosaopaulo.com.br\/n1\/wp-json\/wp\/v2\/posts"}],"about":[{"href":"https:\/\/novosaopaulo.com.br\/n1\/wp-json\/wp\/v2\/types\/post"}],"author":[{"embeddable":true,"href":"https:\/\/novosaopaulo.com.br\/n1\/wp-json\/wp\/v2\/users\/1"}],"replies":[{"embeddable":true,"href":"https:\/\/novosaopaulo.com.br\/n1\/wp-json\/wp\/v2\/comments?post=22391"}],"version-history":[{"count":1,"href":"https:\/\/novosaopaulo.com.br\/n1\/wp-json\/wp\/v2\/posts\/22391\/revisions"}],"predecessor-version":[{"id":22394,"href":"https:\/\/novosaopaulo.com.br\/n1\/wp-json\/wp\/v2\/posts\/22391\/revisions\/22394"}],"wp:featuredmedia":[{"embeddable":true,"href":"https:\/\/novosaopaulo.com.br\/n1\/wp-json\/wp\/v2\/media\/22393"}],"wp:attachment":[{"href":"https:\/\/novosaopaulo.com.br\/n1\/wp-json\/wp\/v2\/media?parent=22391"}],"wp:term":[{"taxonomy":"category","embeddable":true,"href":"https:\/\/novosaopaulo.com.br\/n1\/wp-json\/wp\/v2\/categories?post=22391"},{"taxonomy":"post_tag","embeddable":true,"href":"https:\/\/novosaopaulo.com.br\/n1\/wp-json\/wp\/v2\/tags?post=22391"}],"curies":[{"name":"wp","href":"https:\/\/api.w.org\/{rel}","templated":true}]}}