{"id":22344,"date":"2025-02-11T18:32:18","date_gmt":"2025-02-11T21:32:18","guid":{"rendered":"https:\/\/novosaopaulo.com.br\/n1\/?p=22344"},"modified":"2025-02-11T18:32:18","modified_gmt":"2025-02-11T21:32:18","slug":"banda-da-gcm-de-itaqua-realiza-show-beneficente-nesta-quarta-12-para-ajudar-familias-atingidas-pelas-enchentes","status":"publish","type":"post","link":"https:\/\/novosaopaulo.com.br\/n1\/banda-da-gcm-de-itaqua-realiza-show-beneficente-nesta-quarta-12-para-ajudar-familias-atingidas-pelas-enchentes\/","title":{"rendered":"Banda da GCM de Itaqu\u00e1 realiza show beneficente nesta quarta (12) para ajudar fam\u00edlias atingidas pelas enchentes"},"content":{"rendered":"\n<p>Objetivo \u00e9 arrecadar alimentos, itens de higiene e materiais de limpeza<\/p>\n\n\n\n<p>M\u00fasica, arte e solidariedade v\u00e3o tomar conta da pra\u00e7a Padre Jo\u00e3o \u00c1lvares, em Itaquaquecetuba, nesta quarta-feira (12), a partir das 19h. A banda da Guarda Civil Municipal sobe ao palco para um show especial que busca arrecadar alimentos n\u00e3o perec\u00edveis, produtos de higiene pessoal e materiais de limpeza para as fam\u00edlias afetadas pelas enchentes.<\/p>\n\n\n\n<p>Com mais de uma d\u00e9cada de hist\u00f3ria, a banda usa a m\u00fasica como instrumento para se aproximar da popula\u00e7\u00e3o e a iniciativa \u00e9 fruto de um trabalho conjunto das secretarias, que mant\u00e9m o ritmo de apoio para auxiliar os moradores de bairros como Vila Jap\u00e3o, Maria Augusta, Tip\u00f3ia e Vila S\u00f4nia.<\/p>\n\n\n\n<p>Al\u00e9m da apresenta\u00e7\u00e3o, o evento vai contar com servi\u00e7os gratuitos de corte de cabelo, massagem, dan\u00e7a e limpeza de pele. &#8220;A a\u00e7\u00e3o remonta a import\u00e2ncia da GCM e dos servidores no meio social, realizando mais uma a\u00e7\u00e3o conjunta no enfrentamento da situa\u00e7\u00e3o de emerg\u00eancia. Estamos todos juntos por Itaqu\u00e1&#8221;, pontuou o secret\u00e1rio de Seguran\u00e7a Urbana, Anderson Caldeira.<\/p>\n\n\n\n<p>&#8220;Solidariedade e empatia caminham lado a lado com o trabalho bem feito. Montamos uma for\u00e7a-tarefa para apoiar as fam\u00edlias enquanto as \u00e1guas estavam em suas portas e agora seguiremos apoiando, mesmo com as ruas j\u00e1 liberadas. Esse \u00e9 o esp\u00edrito de solidariedade da cidade&#8221;, concluiu o prefeito Eduardo Boigues.<\/p>\n\n\n\n<p>A a\u00e7\u00e3o busca contribuir com a campanha Juntos por Itaqu\u00e1, encabe\u00e7ada pelo Fundo Social de Solidariedade. Quem n\u00e3o participar do evento, ainda pode doar levando sua contribui\u00e7\u00e3o direto na Secretaria de Servi\u00e7os Urbanos (rua Ali Hamoud, 40 \u2013 Alpes de Itaqu\u00e1) ou doar em dinheiro, pelo Pix do Fundo Social: CNPJ 18.612.190\/0001-63.<\/p>\n\n\n\n<p>Foto: Dayane Oliveira<\/p>\n","protected":false},"excerpt":{"rendered":"<p>Objetivo \u00e9 arrecadar alimentos, itens de higiene e materiais de limpeza M\u00fasica, arte e solidariedade&#8230;<\/p>\n","protected":false},"author":1,"featured_media":22345,"comment_status":"open","ping_status":"open","sticky":false,"template":"","format":"standard","meta":{"footnotes":""},"categories":[34],"tags":[],"featured_image_urls":{"full":["https:\/\/novosaopaulo.com.br\/n1\/wp-content\/uploads\/2025\/02\/WhatsApp-Image-2025-02-11-at-18.09.43.jpeg",1280,853,false],"thumbnail":["https:\/\/novosaopaulo.com.br\/n1\/wp-content\/uploads\/2025\/02\/WhatsApp-Image-2025-02-11-at-18.09.43-150x150.jpeg",150,150,true],"medium":["https:\/\/novosaopaulo.com.br\/n1\/wp-content\/uploads\/2025\/02\/WhatsApp-Image-2025-02-11-at-18.09.43-300x200.jpeg",300,200,true],"medium_large":["https:\/\/novosaopaulo.com.br\/n1\/wp-content\/uploads\/2025\/02\/WhatsApp-Image-2025-02-11-at-18.09.43-768x512.jpeg",640,427,true],"large":["https:\/\/novosaopaulo.com.br\/n1\/wp-content\/uploads\/2025\/02\/WhatsApp-Image-2025-02-11-at-18.09.43-1024x682.jpeg",640,426,true],"1536x1536":["https:\/\/novosaopaulo.com.br\/n1\/wp-content\/uploads\/2025\/02\/WhatsApp-Image-2025-02-11-at-18.09.43.jpeg",1280,853,false],"2048x2048":["https:\/\/novosaopaulo.com.br\/n1\/wp-content\/uploads\/2025\/02\/WhatsApp-Image-2025-02-11-at-18.09.43.jpeg",1280,853,false],"newsever-slider-full":["https:\/\/novosaopaulo.com.br\/n1\/wp-content\/uploads\/2025\/02\/WhatsApp-Image-2025-02-11-at-18.09.43-1280x845.jpeg",1280,845,true],"newsever-featured":["https:\/\/novosaopaulo.com.br\/n1\/wp-content\/uploads\/2025\/02\/WhatsApp-Image-2025-02-11-at-18.09.43-1024x682.jpeg",1024,682,true],"newsever-medium":["https:\/\/novosaopaulo.com.br\/n1\/wp-content\/uploads\/2025\/02\/WhatsApp-Image-2025-02-11-at-18.09.43-720x475.jpeg",720,475,true]},"author_info":{"display_name":"Reda\u00e7\u00e3o","author_link":"https:\/\/novosaopaulo.com.br\/n1\/author\/g5poa\/"},"category_info":"<a href=\"https:\/\/novosaopaulo.com.br\/n1\/category\/alto-tiete\/\" rel=\"category tag\">Alto Tiet\u00ea<\/a>","tag_info":"Alto Tiet\u00ea","comment_count":"0","_links":{"self":[{"href":"https:\/\/novosaopaulo.com.br\/n1\/wp-json\/wp\/v2\/posts\/22344"}],"collection":[{"href":"https:\/\/novosaopaulo.com.br\/n1\/wp-json\/wp\/v2\/posts"}],"about":[{"href":"https:\/\/novosaopaulo.com.br\/n1\/wp-json\/wp\/v2\/types\/post"}],"author":[{"embeddable":true,"href":"https:\/\/novosaopaulo.com.br\/n1\/wp-json\/wp\/v2\/users\/1"}],"replies":[{"embeddable":true,"href":"https:\/\/novosaopaulo.com.br\/n1\/wp-json\/wp\/v2\/comments?post=22344"}],"version-history":[{"count":1,"href":"https:\/\/novosaopaulo.com.br\/n1\/wp-json\/wp\/v2\/posts\/22344\/revisions"}],"predecessor-version":[{"id":22346,"href":"https:\/\/novosaopaulo.com.br\/n1\/wp-json\/wp\/v2\/posts\/22344\/revisions\/22346"}],"wp:featuredmedia":[{"embeddable":true,"href":"https:\/\/novosaopaulo.com.br\/n1\/wp-json\/wp\/v2\/media\/22345"}],"wp:attachment":[{"href":"https:\/\/novosaopaulo.com.br\/n1\/wp-json\/wp\/v2\/media?parent=22344"}],"wp:term":[{"taxonomy":"category","embeddable":true,"href":"https:\/\/novosaopaulo.com.br\/n1\/wp-json\/wp\/v2\/categories?post=22344"},{"taxonomy":"post_tag","embeddable":true,"href":"https:\/\/novosaopaulo.com.br\/n1\/wp-json\/wp\/v2\/tags?post=22344"}],"curies":[{"name":"wp","href":"https:\/\/api.w.org\/{rel}","templated":true}]}}