{"id":22341,"date":"2025-02-11T18:31:03","date_gmt":"2025-02-11T21:31:03","guid":{"rendered":"https:\/\/novosaopaulo.com.br\/n1\/?p=22341"},"modified":"2025-02-11T18:31:04","modified_gmt":"2025-02-11T21:31:04","slug":"espaco-cultural-inovador-sera-inaugurado-proximo-a-av-paulista-lacerdine-galeria-de-arte","status":"publish","type":"post","link":"https:\/\/novosaopaulo.com.br\/n1\/espaco-cultural-inovador-sera-inaugurado-proximo-a-av-paulista-lacerdine-galeria-de-arte\/","title":{"rendered":"Espa\u00e7o cultural inovador ser\u00e1 inaugurado pr\u00f3ximo \u00e0 Av. Paulista \u2013Lacerdine Galeria de Arte"},"content":{"rendered":"\n<p>Com 400 m2 e localizado na av. Ang\u00e9lica 2578, pr\u00f3ximo da av. Paulista, o novo espa\u00e7o pretende mostrar obras de artistas de diferentes estilos, al\u00e9m de pinturas e esculturas, literatura, m\u00fasica e teatro<\/p>\n\n\n\n<p>S\u00e3o Paulo, janeiro de 2025 &#8211; Com uma proposta inovadora, chega ao cen\u00e1rio paulistano um novo espa\u00e7o onde os admiradores da boa arte poder\u00e3o se reunir e apreciar as mais diferentes manifesta\u00e7\u00f5es culturais. \u00c9 a Lacerdine Galeria de Arte, criada pelo artista expressionista contempor\u00e2neo Geraldo Lacerdine, com uma trajet\u00f3ria consolidada no ambiente cultural nacional e internacional.<\/p>\n\n\n\n<p>A inaugura\u00e7\u00e3o ser\u00e1 no dia 20 de fevereiro, \u00e0s 20 horas, com a exposi\u00e7\u00e3o \u201cO Mundo Singular das Crian\u00e7as\u2019, com pinturas de Lacerdine e esculturas da artista Zaira Bellizia. Ter\u00e1, tamb\u00e9m, conta\u00e7\u00e3o de hist\u00f3rias e um sarau de<\/p>\n\n\n\n<p>m\u00fasica com o quarteto Cleber Silveira, no acordeon; Jo\u00e3o Poleto, na flauta transversal; Paulo Ribeiro, no viol\u00e3o; e Rafael Mota, na precurs\u00e3o ac\u00fastica.<\/p>\n\n\n\n<p>\u201cA nova galeria ser\u00e1 um espa\u00e7o multicultural de arte, elegante, vibrante, acolhedor e inclusivo. Faremos a promo\u00e7\u00e3o e intera\u00e7\u00e3o de novos artistas no cen\u00e1rio da arte paulistana, em suas diversas formas e manifesta\u00e7\u00f5es \u2013 pintura, m\u00fasica, literatura, entre outras. O objetivo \u00e9 estimular o di\u00e1logo entre diferentes formas de express\u00e3o art\u00edstica e fomentar a produ\u00e7\u00e3o de novas ideias e conceitos\u201d, explica Lacerdine, que tem mais de 250 obras produzidas e exposi\u00e7\u00f5es j\u00e1 realizadas no Brasil, It\u00e1lia, Portugal e Fran\u00e7a.<\/p>\n\n\n\n<p>Com \u00e1rea de 400 m2 e p\u00e9 direito de 6 metros de altura, a galeria ter\u00e1 atra\u00e7\u00f5es gratuitas ao p\u00fablico e abrigar\u00e1 o Caf\u00e9 Falasartes, com menu e um card\u00e1pio com o melhor da confeitaria paulistana. \u201cPara a inaugura\u00e7\u00e3o, teremos um card\u00e1pio exclusivo com doces, croissants, caf\u00e9s especiais de alta qualidade e drinks\u201d, anuncia Elaine Miranda, s\u00f3cia do Caf\u00e9.<\/p>\n\n\n\n<p>Segundo Lacerdine, a inten\u00e7\u00e3o \u00e9 que o espa\u00e7o se transforme em um ponto de encontro, lugar de di\u00e1logos e discuss\u00f5es sobre cultura, com artistas e p\u00fablico em geral.\u201cTamb\u00e9m ser\u00e1 uma galeria que promove a diversidade e a inclus\u00e3o na cena art\u00edstica, um lugar de fala para as grandes quest\u00f5es como defesa dos direitos humanos, luta contra o racismo, igualdade de g\u00eanero, entre outros. Convido todos a nos visitar\u201d, completa o artista, que vem cada vez mais chamando a aten\u00e7\u00e3o, sobretudo dos paulistanos, tamb\u00e9m pelo trabalho em prol dos direitos humanos que provocam reflex\u00f5es.<\/p>\n\n\n\n<p>O novo espa\u00e7o j\u00e1 inicia com uma programa\u00e7\u00e3o intensa. Al\u00e9m das exposi\u00e7\u00f5es, todas \u00e0s quintas-feiras, \u00e0s 19 horas, ser\u00e1 realizado o \u2018Clube do Livro\u2019, com<br>leitura de publica\u00e7\u00f5es diversas; \u00e0s sextas-feiras, \u00e0s 18 horas, acontece um happy hour regado de m\u00fasica, batizado como \u2018Chorinho das seis da tarde\u2019; e aos s\u00e1bados, \u00e0s 16 horas, o dia da \u2018Conta\u00e7\u00e3o de Hist\u00f3rias\u2019, quando o p\u00fablico-alvo ser\u00e1 as crian\u00e7as.<\/p>\n\n\n\n<p>Entre outras atra\u00e7\u00f5es da galeria, a programa\u00e7\u00e3o contar\u00e1 com a Expocult, mostra que reunir\u00e1 v\u00e1rios artistas de estilos e produ\u00e7\u00f5es diferentes, e que visa a intera\u00e7\u00e3o da pintura, escultura, literatura, m\u00fasica e teatro. O espa\u00e7o oferecer\u00e1, ainda, cursos e palestras, al\u00e9m de eventos culturais e corporativos.<\/p>\n\n\n\n<p>\u201cEnquanto artista sempre estive preocupado com o acesso das pessoas a cultura e a arte. Ao propor uma galeria aberta e com atra\u00e7\u00f5es diversas e ao mesmo tempo com alta qualidade das obras expostas, rompemos com o paradigma de que a arte \u00e9 exclusividade de poucos, para um novo pensamento de que a arte de qualidade \u00e9, sim, de acesso a todos\u201d, explica Lacerdine.<\/p>\n\n\n\n<p>Todas as obras apresentadas na galeria estar\u00e3o sob curadoria do pr\u00f3prio Geraldo Lacerdine. \u201cAo promover a cultura, a diversidade e a criatividade, fortalecemos a comunidade art\u00edstica e contribu\u00edmos para o enriquecimento da vida cultural da cidade de S\u00e3o Paulo\u201d, conclui o artista mineiro.<\/p>\n\n\n\n<p>O Mundo Singular das Crian\u00e7as<\/p>\n\n\n\n<p>A inaugura\u00e7\u00e3o da Lacerdine Galeria de Arte ter\u00e1 a mostra \u201cO Mundo Singular das Crian\u00e7as\u201d, com 20 pinturas em acr\u00edlico sobre tela e aplica\u00e7\u00e3o de folha de ouro, produzidas especialmente para a abertura da galeria, assinadas por Geraldo Lacerdine; e 15 esculturas em m\u00e1rmore, bronze e madeira, da artista Zaira Bellizia.<\/p>\n\n\n\n<p>\u201cA ideia da exposi\u00e7\u00e3o de estreia \u00e9 trabalhar a brincadeira de crian\u00e7a para al\u00e9m do g\u00eanero, partindo do principio que o brincar desenvolve habilidades para vida adulta. Nesse sentido, as crian\u00e7as devem brincar de tudo! Essa jornada pela inf\u00e2ncia, pela imagina\u00e7\u00e3o e pela liberdade de ser e de viver \u00e9 que revelar\u00e1 o mundo das crian\u00e7as de maneira feliz e saud\u00e1vel. As obras capturam a ess\u00eancia desse universo e seus horizontes. \u00c9 uma viagem onde a realidade \u00e9 moldada pela fantasia e pela criatividade. As pinturas e esculturas mostram a brincadeira como uma forma de comunica\u00e7\u00e3o entre a crian\u00e7a e o mundo ao seu redor, permitindo que ela expresse seus desejos, necessidades e ansiedades de maneira aut\u00eantica\u201d, conta Lacerdine.<\/p>\n\n\n\n<p>Segundo o artista, a exposi\u00e7\u00e3o tamb\u00e9m destaca a import\u00e2ncia da brincadeira na constru\u00e7\u00e3o da humanidade, desenvolvendo habilidades essenciais para a vida adulta e construindo uma humanidade potente e aberta ao diverso.<\/p>\n\n\n\n<p>Para Zaira Bellizia, a nova galeria pretende ser um ponto de encontro entre artistas e pessoas que apreciam as artes. \u201cTem tudo a favor de que isso aconte\u00e7a, pela grandiosidade e charme que o espa\u00e7o ter\u00e1, al\u00e9m da excelente localidade. A proposta de oferecer gratuitamente as v\u00e1rias artes, tamb\u00e9m \u00e9 muito especial e significativo. Estou muito feliz como artista em fazer parte<br>disso, logo no in\u00edcio do projeto\u201d. A mostra permanecer\u00e1 na Lacerdine Galeria de Arte at\u00e9 o dia 15 de mar\u00e7o.<\/p>\n\n\n\n<p>Geraldo Lacerdine \u2013 Artista brasileiro, nascido em 1977, em Minas Gerais. Concebe a arte como uma for\u00e7a transformadora, por isso seu trabalho sempre esteve relacionado a quest\u00f5es de car\u00e1ter e relev\u00e2ncia sociais, no embate<br>contra a exclus\u00e3o, o preconceito, a discrimina\u00e7\u00e3o e a explora\u00e7\u00e3o cultural e intelectual. Formado em filosofia com especializa\u00e7\u00e3o em filosofia da arte, teatro, gest\u00e3o educacional e psican\u00e1lise, intitula-se como expressionista contempor\u00e2neo e suas obras se desdobram em po\u00e9ticas (conectadas a literatura), figurativas e sacras.<\/p>\n\n\n\n<p>Realizou exposi\u00e7\u00f5es no Brasil, em capitais como S\u00e3o Paulo, Rio de Janeiro, Belo Horizonte, Recife, Curitiba e, tamb\u00e9m, em Nova Lima e Par\u00e1 de Minas (ambas em MG), e no exterior: Porto e Lisboa (Portugal); Roma, Mil\u00e3o, Assis e P\u00e1dua (It\u00e1lia) e no Museu do Louvre, em Paris (Fran\u00e7a).<\/p>\n\n\n\n<p>Entre as suas mostras est\u00e3o: \u2018Meninas do Brasil\u2019, narrativas reais de mulheres em situa\u00e7\u00e3o de vulnerabilidade social transformadas em pinturas e literatura;<\/p>\n\n\n\n<p>\u2018Sagrado Primitivo &#8211; o interm\u00e9dio de dois mundos\u2019, que rompe com o preconceito em suas diversas formas e inaugura a quest\u00e3o inclusiva na arte sacra contempor\u00e2nea; \u2018A Vila do Sino\u2019, um mergulho nas ra\u00edzes mineiras; e \u2018O que os Olhos Veem\u2019, um resgate \u00e0 dignidade e a media\u00e7\u00e3o do olhar.<\/p>\n\n\n\n<p>Se dedica a arte h\u00e1 mais de 25 anos. Abra\u00e7ou a pintura como modo de express\u00e3o na inf\u00e2ncia, por volta dos sete anos de idade. \u00c9 ex-padre da Ordem dos Jesu\u00edtas e por anos atuou como diretor de comunica\u00e7\u00e3o da ANEAS \u2013 Rede Jesu\u00edta de Educa\u00e7\u00e3o e na dire\u00e7\u00e3o do Col\u00e9gio S\u00e3o Lu\u00eds, em S\u00e3o Paulo.<\/p>\n\n\n\n<p>Zaira Bellizia &#8212; Nasceu em 1973 em S\u00e3o Paulo. Deu in\u00edcio a sua carreira art\u00edstica no mundo da confeitaria. Trabalhou nos EUA e em S\u00e3o Paulo, transformando bolos em verdadeiras esculturas. Mais tarde fez diversos cursos aprendendo a trabalhar com metais, madeira e pedra. Quest\u00f5es l\u00fadicas, afetivas e banais, acompanham a trajet\u00f3ria da artista, dando forma, atrav\u00e9s de suas esculturas, \u00e0 vida cotidiana. O movimento lhe inspira, o sentimento lhe impulsiona e \u00e9 atrav\u00e9s do sentir que ela busca ser compreendida pelo p\u00fablico e fazer com que sua obra toque a todos, cada um a sua maneira.<\/p>\n\n\n\n<p>LACERDINE GALERIA DE ARTE<br>Inaugura\u00e7\u00e3o da Galeria com a exposi\u00e7\u00e3o: O Mundo Singular das Crian\u00e7as<br>Quando: de 20\/2 a 15\/3<br>Avenida Ang\u00e9lica, 2578 \u2013 Higien\u00f3polis<br>Hor\u00e1rio: Segunda a quarta-feira, das 8 \u00e0s 18h; quintas e sextas-feiras, das 8h \u00e0s 20h; e aos s\u00e1bados das 8h \u00e0s 18h<br>Organiza\u00e7\u00e3o: Curadoria de Geraldo Lacerdine<br>Entrada Gratuita<\/p>\n\n\n\n<p>Redes sociais:<br>Instagram: @lacerdinegaleriadearte<\/p>\n","protected":false},"excerpt":{"rendered":"<p>Com 400 m2 e localizado na av. Ang\u00e9lica 2578, pr\u00f3ximo da av. Paulista, o novo&#8230;<\/p>\n","protected":false},"author":1,"featured_media":22342,"comment_status":"open","ping_status":"open","sticky":false,"template":"","format":"standard","meta":{"footnotes":""},"categories":[2],"tags":[],"featured_image_urls":{"full":["https:\/\/novosaopaulo.com.br\/n1\/wp-content\/uploads\/2025\/02\/WhatsApp-Image-2025-02-11-at-15.41.46.jpeg",560,420,false],"thumbnail":["https:\/\/novosaopaulo.com.br\/n1\/wp-content\/uploads\/2025\/02\/WhatsApp-Image-2025-02-11-at-15.41.46-150x150.jpeg",150,150,true],"medium":["https:\/\/novosaopaulo.com.br\/n1\/wp-content\/uploads\/2025\/02\/WhatsApp-Image-2025-02-11-at-15.41.46-300x225.jpeg",300,225,true],"medium_large":["https:\/\/novosaopaulo.com.br\/n1\/wp-content\/uploads\/2025\/02\/WhatsApp-Image-2025-02-11-at-15.41.46.jpeg",560,420,false],"large":["https:\/\/novosaopaulo.com.br\/n1\/wp-content\/uploads\/2025\/02\/WhatsApp-Image-2025-02-11-at-15.41.46.jpeg",560,420,false],"1536x1536":["https:\/\/novosaopaulo.com.br\/n1\/wp-content\/uploads\/2025\/02\/WhatsApp-Image-2025-02-11-at-15.41.46.jpeg",560,420,false],"2048x2048":["https:\/\/novosaopaulo.com.br\/n1\/wp-content\/uploads\/2025\/02\/WhatsApp-Image-2025-02-11-at-15.41.46.jpeg",560,420,false],"newsever-slider-full":["https:\/\/novosaopaulo.com.br\/n1\/wp-content\/uploads\/2025\/02\/WhatsApp-Image-2025-02-11-at-15.41.46.jpeg",560,420,false],"newsever-featured":["https:\/\/novosaopaulo.com.br\/n1\/wp-content\/uploads\/2025\/02\/WhatsApp-Image-2025-02-11-at-15.41.46.jpeg",560,420,false],"newsever-medium":["https:\/\/novosaopaulo.com.br\/n1\/wp-content\/uploads\/2025\/02\/WhatsApp-Image-2025-02-11-at-15.41.46.jpeg",560,420,false]},"author_info":{"display_name":"Reda\u00e7\u00e3o","author_link":"https:\/\/novosaopaulo.com.br\/n1\/author\/g5poa\/"},"category_info":"<a href=\"https:\/\/novosaopaulo.com.br\/n1\/category\/cidades\/\" rel=\"category tag\">Cidades<\/a>","tag_info":"Cidades","comment_count":"0","_links":{"self":[{"href":"https:\/\/novosaopaulo.com.br\/n1\/wp-json\/wp\/v2\/posts\/22341"}],"collection":[{"href":"https:\/\/novosaopaulo.com.br\/n1\/wp-json\/wp\/v2\/posts"}],"about":[{"href":"https:\/\/novosaopaulo.com.br\/n1\/wp-json\/wp\/v2\/types\/post"}],"author":[{"embeddable":true,"href":"https:\/\/novosaopaulo.com.br\/n1\/wp-json\/wp\/v2\/users\/1"}],"replies":[{"embeddable":true,"href":"https:\/\/novosaopaulo.com.br\/n1\/wp-json\/wp\/v2\/comments?post=22341"}],"version-history":[{"count":1,"href":"https:\/\/novosaopaulo.com.br\/n1\/wp-json\/wp\/v2\/posts\/22341\/revisions"}],"predecessor-version":[{"id":22343,"href":"https:\/\/novosaopaulo.com.br\/n1\/wp-json\/wp\/v2\/posts\/22341\/revisions\/22343"}],"wp:featuredmedia":[{"embeddable":true,"href":"https:\/\/novosaopaulo.com.br\/n1\/wp-json\/wp\/v2\/media\/22342"}],"wp:attachment":[{"href":"https:\/\/novosaopaulo.com.br\/n1\/wp-json\/wp\/v2\/media?parent=22341"}],"wp:term":[{"taxonomy":"category","embeddable":true,"href":"https:\/\/novosaopaulo.com.br\/n1\/wp-json\/wp\/v2\/categories?post=22341"},{"taxonomy":"post_tag","embeddable":true,"href":"https:\/\/novosaopaulo.com.br\/n1\/wp-json\/wp\/v2\/tags?post=22341"}],"curies":[{"name":"wp","href":"https:\/\/api.w.org\/{rel}","templated":true}]}}