{"id":22327,"date":"2025-02-09T13:24:44","date_gmt":"2025-02-09T16:24:44","guid":{"rendered":"https:\/\/novosaopaulo.com.br\/n1\/?p=22327"},"modified":"2025-02-09T13:24:45","modified_gmt":"2025-02-09T16:24:45","slug":"acidentes-aereos-em-serie-podem-gerar-fobia-trauma-e-transtornos-psiquicos-em-passageiros-e-nao-passageiros-alerta-psicologa-e-psicanalista","status":"publish","type":"post","link":"https:\/\/novosaopaulo.com.br\/n1\/acidentes-aereos-em-serie-podem-gerar-fobia-trauma-e-transtornos-psiquicos-em-passageiros-e-nao-passageiros-alerta-psicologa-e-psicanalista\/","title":{"rendered":"Acidentes a\u00e9reos em s\u00e9rie podem gerar fobia, trauma e transtornos ps\u00edquicos em passageiros e n\u00e3o passageiros, alerta psic\u00f3loga e psicanalista"},"content":{"rendered":"\n<p>Especialista em Transtornos Graves das Psicoses, Luciana Inoc\u00eancio afirma que, quedas recorrentes de aeronaves no Brasil e no mundo est\u00e3o deixando sociedade em p\u00e2nico; recente estudo aponta que, s\u00f3 nos Estados Unidos, 25 milh\u00f5es de pessoas est\u00e3o com medo de voar<\/p>\n\n\n\n<p>Acidentes a\u00e9reos, embora estatisticamente raros, de uns tempos para c\u00e1, t\u00eam sido recorrentes pelo mundo. O impacto psicol\u00f3gico deste tipo de ocorr\u00eancia \u00e9 profundo n\u00e3o apenas para sobreviventes e familiares das v\u00edtimas, mas, tamb\u00e9m, para o p\u00fablico em geral, conforme explica a psic\u00f3loga e psicanalista Luciana Inoc\u00eancio. De acordo com a especialista em Transtornos Graves das Psicoses, pelo Col\u00e9gio de Psicoanal\u00edsis de Madrid (Espanha), as quedas recorrentes de aeronaves se tornaram gatilhos para a ansiedade e a fobia, fazendo com que muitos procurem ajuda no consult\u00f3rio para driblar o medo de voar e cumprir agendas profissionais e compromissos pessoais.<\/p>\n\n\n\n<p>E n\u00e3o \u00e9 para menos. Em pouco mais de um m\u00eas de 2025, somente o Brasil registrou 22 quedas, resultando em dez mortes, segundo o Sistema de Investiga\u00e7\u00e3o e Preven\u00e7\u00e3o de Acidentes Aeron\u00e1uticos (Sipaer) da For\u00e7a A\u00e9rea Brasileira (FAB). A colis\u00e3o mais recente ocorreu na manh\u00e3 dessa sexta-feira (7\/2), em S\u00e3o Paulo-SP, em movimentada avenida da Barra Funda, matando o dono da aeronave e o piloto. Nos Estados Unidos, 74 pessoas perderam a vida em dois acidentes a\u00e9reos ocorridos neste ano, em Washington e na Filad\u00e9lfia.<\/p>\n\n\n\n<p>Luciana tem percebido aumento de casos de aerofobia. E isso n\u00e3o tem rela\u00e7\u00e3o, t\u00e3o somente, com quem j\u00e1 passou por alguma experi\u00eancia traum\u00e1tica em voo &#8211; considerado um dos meios de transporte mais seguros do mundo. Recente estudo da Cleveland Clinic, centro m\u00e9dico acad\u00eamico americano sem fins lucrativos, com sede em Ohio, aponta que, s\u00f3 nos Estados Unidos, 25 milh\u00f5es de pessoas est\u00e3o, hoje, com medo de voar (https:\/\/my.clevelandclinic.org\/health\/diseases\/22431-aerophobia-fear-of-flying).<\/p>\n\n\n\n<p>O transtorno est\u00e1 acometendo tanto quem j\u00e1 era acostumado a viajar de helic\u00f3ptero ou de avi\u00e3o, a passeio ou a trabalho, como aqueles que nunca voaram, mas que est\u00e3o prestes a embarcar &#8211; seja por turismo ou demanda profissional. Para que a fobia n\u00e3o se agrave, a psic\u00f3loga e psicanalista sugere acompanhamento cl\u00ednico:<\/p>\n\n\n\n<p>\u201cA natureza inesperada e catastr\u00f3fica deste tipo de evento desencadeia um sem-n\u00famero de rea\u00e7\u00f5es emocionais. Seja o sujeito v\u00edtima ou n\u00e3o, ele pode desenvolver aerofobia. Para se ter ideia, se a ang\u00fastia for muito intensa, a pessoa chega ao ponto de acreditar que estar\u00e1 no pr\u00f3ximo acidente\u201d, observa Luciana, que j\u00e1 atuou no atendimento a v\u00edtimas e a sobreviventes de casos de grande repercuss\u00e3o, como o massacre da Escola Estadual (E.E.) \u201cRaul Brasil\u201d; a guerra entre Israel e Palestina, na Faixa de Gaza; e a enchente no Rio Grande do Sul.<\/p>\n\n\n\n<p>A profissional destaca ainda que, o bombardeamento midi\u00e1tico e a exposi\u00e7\u00e3o repetitiva a imagens impactantes ativam o sistema de alerta do c\u00e9rebro, que, por sua vez, associa a experi\u00eancia de um voo, que at\u00e9 ent\u00e3o era considerada normal, a um perigo iminente. A pessoa, ent\u00e3o, passa a superestimar a probalidade de novos desastres. A isso, a Psicologia d\u00e1 o nome de \u201chiperaten\u00e7\u00e3o ao risco\u201d e de \u201cheur\u00edstica da disponibilidade\u201d &#8211; quando eventos de grande impacto emocional s\u00e3o percebidos como mais frequentes do que realmente s\u00e3o:<\/p>\n\n\n\n<p>\u201c2024 j\u00e1 n\u00e3o foi f\u00e1cil para a avia\u00e7\u00e3o. Muitos acidentes ocorreram. Mas, neste ano, o pouco espa\u00e7o de tempo entre um desastre e outro mexe com a mente humana e pode desencadear o que chamamos de \u2018ansiedade antecipat\u00f3ria\u2019. Pessoas que precisam viajar de avi\u00e3o, a passeio ou a trabalho, passam a apresentar sintomas muito antes do hor\u00e1rio do embarque, como ins\u00f4nia, sudorese e crises de p\u00e2nico. \u00c9 uma agonia sem fim\u201d.<\/p>\n\n\n\n<p>Dependendo do grau do pavor de s\u00f3 se pensar em subir num avi\u00e3o, em caso de n\u00e3o revers\u00e3o do quadro e de desist\u00eancia sist\u00eamica em voar, o cidad\u00e3o pode, tamb\u00e9m, sofrer com frustra\u00e7\u00e3o e isolamento.<\/p>\n\n\n\n<p>Sobreviventes e luto<br>Para os sobreviventes de um acidente a\u00e9reo, o impacto emocional pode ser avassalador, de acordo com Luciana, que tamb\u00e9m \u00e9 especialista em Psicologia Hospitalar e em Especialidades M\u00e9dicas, pela Universidade de S\u00e3o Paulo (USP); e em Psicologia Cl\u00ednica e em Teoria Psicanal\u00edtica, pela Pontif\u00edcia Universidade Cat\u00f3lica (PUC):<\/p>\n\n\n\n<p>\u201cMuitos desenvolvem o que chamamos de TEPT (Transtorno do Estresse P\u00f3s-Traum\u00e1tico), caracterizado por flashbacks, hipervigil\u00e2ncia e pesadelos recorrentes. N\u00e3o podemos nos esquecer, ainda, da \u2018culpa do sobrevivente\u2019 &#8211; sentimento de culpa com direito a sofrimento ps\u00edquico intenso desencadeado, em regra, quando h\u00e1 perda de outras vidas. E tudo isso se torna ainda pior quando h\u00e1 aus\u00eancia de corpo de v\u00edtimas para as \u00faltimas homenagens e enterro\u201d.<\/p>\n","protected":false},"excerpt":{"rendered":"<p>Especialista em Transtornos Graves das Psicoses, Luciana Inoc\u00eancio afirma que, quedas recorrentes de aeronaves no&#8230;<\/p>\n","protected":false},"author":1,"featured_media":22328,"comment_status":"open","ping_status":"open","sticky":false,"template":"","format":"standard","meta":{"footnotes":""},"categories":[43],"tags":[],"featured_image_urls":{"full":["https:\/\/novosaopaulo.com.br\/n1\/wp-content\/uploads\/2025\/02\/WhatsApp-Image-2025-02-08-at-18.31.57.jpeg",1284,812,false],"thumbnail":["https:\/\/novosaopaulo.com.br\/n1\/wp-content\/uploads\/2025\/02\/WhatsApp-Image-2025-02-08-at-18.31.57-150x150.jpeg",150,150,true],"medium":["https:\/\/novosaopaulo.com.br\/n1\/wp-content\/uploads\/2025\/02\/WhatsApp-Image-2025-02-08-at-18.31.57-300x190.jpeg",300,190,true],"medium_large":["https:\/\/novosaopaulo.com.br\/n1\/wp-content\/uploads\/2025\/02\/WhatsApp-Image-2025-02-08-at-18.31.57-768x486.jpeg",640,405,true],"large":["https:\/\/novosaopaulo.com.br\/n1\/wp-content\/uploads\/2025\/02\/WhatsApp-Image-2025-02-08-at-18.31.57-1024x648.jpeg",640,405,true],"1536x1536":["https:\/\/novosaopaulo.com.br\/n1\/wp-content\/uploads\/2025\/02\/WhatsApp-Image-2025-02-08-at-18.31.57.jpeg",1284,812,false],"2048x2048":["https:\/\/novosaopaulo.com.br\/n1\/wp-content\/uploads\/2025\/02\/WhatsApp-Image-2025-02-08-at-18.31.57.jpeg",1284,812,false],"newsever-slider-full":["https:\/\/novosaopaulo.com.br\/n1\/wp-content\/uploads\/2025\/02\/WhatsApp-Image-2025-02-08-at-18.31.57-1280x812.jpeg",1280,812,true],"newsever-featured":["https:\/\/novosaopaulo.com.br\/n1\/wp-content\/uploads\/2025\/02\/WhatsApp-Image-2025-02-08-at-18.31.57-1024x648.jpeg",1024,648,true],"newsever-medium":["https:\/\/novosaopaulo.com.br\/n1\/wp-content\/uploads\/2025\/02\/WhatsApp-Image-2025-02-08-at-18.31.57-720x475.jpeg",720,475,true]},"author_info":{"display_name":"Reda\u00e7\u00e3o","author_link":"https:\/\/novosaopaulo.com.br\/n1\/author\/g5poa\/"},"category_info":"<a href=\"https:\/\/novosaopaulo.com.br\/n1\/category\/saude\/\" rel=\"category tag\">Sa\u00fade<\/a>","tag_info":"Sa\u00fade","comment_count":"0","_links":{"self":[{"href":"https:\/\/novosaopaulo.com.br\/n1\/wp-json\/wp\/v2\/posts\/22327"}],"collection":[{"href":"https:\/\/novosaopaulo.com.br\/n1\/wp-json\/wp\/v2\/posts"}],"about":[{"href":"https:\/\/novosaopaulo.com.br\/n1\/wp-json\/wp\/v2\/types\/post"}],"author":[{"embeddable":true,"href":"https:\/\/novosaopaulo.com.br\/n1\/wp-json\/wp\/v2\/users\/1"}],"replies":[{"embeddable":true,"href":"https:\/\/novosaopaulo.com.br\/n1\/wp-json\/wp\/v2\/comments?post=22327"}],"version-history":[{"count":1,"href":"https:\/\/novosaopaulo.com.br\/n1\/wp-json\/wp\/v2\/posts\/22327\/revisions"}],"predecessor-version":[{"id":22329,"href":"https:\/\/novosaopaulo.com.br\/n1\/wp-json\/wp\/v2\/posts\/22327\/revisions\/22329"}],"wp:featuredmedia":[{"embeddable":true,"href":"https:\/\/novosaopaulo.com.br\/n1\/wp-json\/wp\/v2\/media\/22328"}],"wp:attachment":[{"href":"https:\/\/novosaopaulo.com.br\/n1\/wp-json\/wp\/v2\/media?parent=22327"}],"wp:term":[{"taxonomy":"category","embeddable":true,"href":"https:\/\/novosaopaulo.com.br\/n1\/wp-json\/wp\/v2\/categories?post=22327"},{"taxonomy":"post_tag","embeddable":true,"href":"https:\/\/novosaopaulo.com.br\/n1\/wp-json\/wp\/v2\/tags?post=22327"}],"curies":[{"name":"wp","href":"https:\/\/api.w.org\/{rel}","templated":true}]}}