{"id":22321,"date":"2025-02-07T20:38:53","date_gmt":"2025-02-07T23:38:53","guid":{"rendered":"https:\/\/novosaopaulo.com.br\/n1\/?p=22321"},"modified":"2025-02-07T20:38:53","modified_gmt":"2025-02-07T23:38:53","slug":"poa-decreta-situacao-de-emergencia-apos-fortes-chuvas-registradas-no-final-de-semana","status":"publish","type":"post","link":"https:\/\/novosaopaulo.com.br\/n1\/poa-decreta-situacao-de-emergencia-apos-fortes-chuvas-registradas-no-final-de-semana\/","title":{"rendered":"Po\u00e1 decreta Situa\u00e7\u00e3o de Emerg\u00eancia ap\u00f3s fortes chuvas registradas no final de semana"},"content":{"rendered":"\n<p>Cidade sofreu com enchente na regi\u00e3o central e nas imedia\u00e7\u00f5es do piscin\u00e3o, diversos pontos de alagamento, al\u00e9m de um deslizamento de terra no Jardim Nova Po\u00e1, causando a interdi\u00e7\u00e3o de im\u00f3veis<\/p>\n\n\n\n<p>A Prefeitura de Po\u00e1 decretou Situa\u00e7\u00e3o de Emerg\u00eancia em fun\u00e7\u00e3o das fortes chuvas que ca\u00edram no final de semana, especialmente na madrugada do \u00faltimo s\u00e1bado (01), quando uma forte enchente atingiu a cidade, resultando em dezenas de pontos de alagamento, preju\u00edzos sociais e econ\u00f4micos para moradores e comerciantes, transbordamento do piscin\u00e3o da Vila Romana, deslizamento de terra no Jardim Nova Po\u00e1 e a interdi\u00e7\u00e3o de im\u00f3veis em \u00e1rea de risco.<\/p>\n\n\n\n<p>De acordo com o documento assinado pelo prefeito Saulo Souza, que classifica a enchente como desastre n\u00edvel II conforme portaria do Minist\u00e9rio do Desenvolvimento Regional, a partir de sua publica\u00e7\u00e3o fica autorizada a mobiliza\u00e7\u00e3o de todos os \u00f3rg\u00e3os municipais para atuarem sob o gerenciamento da Defesa Civil em a\u00e7\u00f5es de resposta ao desastre e reabilita\u00e7\u00e3o dos pontos atingidos; e a convoca\u00e7\u00e3o de volunt\u00e1rios para refor\u00e7ar essas a\u00e7\u00f5es. O decreto estabelece ainda que ficam dispensados de licita\u00e7\u00e3o os contratos de aquisi\u00e7\u00e3o de bens necess\u00e1rios \u00e0s atividades em resposta aos preju\u00edzos e problemas registrados na cidade .<\/p>\n\n\n\n<p>\u201cDiante das intensas chuvas que atingiram nosso munic\u00edpio nos \u00faltimos dias, causando enchentes, alagamentos e deslizamentos de terra, foi decretada Situa\u00e7\u00e3o de Emerg\u00eancia em Po\u00e1. Essa medida visa agilizar a mobiliza\u00e7\u00e3o de recursos, a execu\u00e7\u00e3o de a\u00e7\u00f5es emergenciais e a solicita\u00e7\u00e3o de apoio junto aos governos estadual e federal para minimizar os impactos \u00e0 popula\u00e7\u00e3o, que merece todo nosso esfor\u00e7o nesse momento e a seguran\u00e7a de que ser\u00e3o prontamente atendidos em situa\u00e7\u00f5es como essa\u201d, detalhou o prefeito.<\/p>\n\n\n\n<p>Saulo Souza, inclusive, recorreu ao governador Tarc\u00edsio de Freitas para debater sobre obras estruturantes e recursos necess\u00e1rios para o combate \u00e0s inunda\u00e7\u00f5es na cidade. Em reuni\u00e3o virtual realizada no \u00faltimo domingo (02) em seu gabinete, o progressista solicitou uma gest\u00e3o de custo compartilhada para limpeza e desassoreamento do piscin\u00e3o da Vila Romana, que transbordou ap\u00f3s n\u00e3o suportar o volume de \u00e1gua, al\u00e9m de obras estruturantes no c\u00f3rrego Itaim e apoio para as fam\u00edlias que vivem em \u00e1rea de risco no Jardim Nova Po\u00e1 e que tiveram suas casas interditadas em fun\u00e7\u00e3o da movimenta\u00e7\u00e3o de terra registrada no local.<\/p>\n\n\n\n<p>&#8220;N\u00f3s fizemos a li\u00e7\u00e3o de casa no in\u00edcio do m\u00eas, com o desassoreamento de todo o piscin\u00e3o e a remo\u00e7\u00e3o de 500 caminh\u00f5es de res\u00edduos. Debatemos com o governador que \u00e9 preciso pensar em formas de compartilhar a responsabilidade pelos res\u00edduos que chegam de outras cidades e v\u00e3o parar no nosso reservat\u00f3rio\u201d, pontuou o prefeito de Po\u00e1, que tamb\u00e9m falou sobre a import\u00e2ncia do planejamento e execu\u00e7\u00e3o de obras estruturantes, especialmente nos pontos onde o c\u00f3rrego Itaim transborda e atinge os bairros da cidade.<\/p>\n\n\n\n<p>Enchente<\/p>\n\n\n\n<p>A cidade de Po\u00e1 registrou na madrugada do \u00faltimo s\u00e1bado (01) 75 mm de chuva, causando enchentes em bairros como Vila L\u00facia, Calmon Viana e a regi\u00e3o central, al\u00e9m do transbordamento do piscin\u00e3o da Vila Romana. Uma movimenta\u00e7\u00e3o de terra no Jardim Nova Po\u00e1 tamb\u00e9m foi identificada.<\/p>\n\n\n\n<p>Conforme previsto no plano de a\u00e7\u00e3o da Opera\u00e7\u00e3o Ver\u00e3o, a cidade instalou um abrigo provis\u00f3rio na Pra\u00e7a de Eventos para atender a necessidade de acolhimento de fam\u00edlias em condi\u00e7\u00f5es de vulnerabilidade ambiental. At\u00e9 o momento 102 pessoas foram cadastradas na \u00e1rea de risco localizada entre os bairros Jardim S\u00e3o Jos\u00e9 e Nova Po\u00e1 pelas equipes da Secretaria de Assist\u00eancia e Desenvolvimento Social e informadas sobre a disponibilidade do abrigo.<\/p>\n\n\n\n<p>A Prefeitura de Po\u00e1 tamb\u00e9m est\u00e1 fazendo o atendimento das fam\u00edlias afetadas pela chuva, por meio do Fundo Social de Solidariedade, com doa\u00e7\u00e3o de colch\u00f5es, roupas, kits de limpeza, \u00e1gua, kits de higiene pessoal, cobertores e outros itens.<\/p>\n\n\n\n<p>Alerta<\/p>\n\n\n\n<p>A Defesa Civil prorrogou o alerta para chuvas intensas para todo o estado de S\u00e3o Paulo at\u00e9 a pr\u00f3xima quarta-feira (5). Na semana passada, o \u00f3rg\u00e3o j\u00e1 tinha emitido um alerta de temporais de intensidade moderada a alta entre quarta-feira (29) e domingo (2). Entre as regi\u00f5es mais afetadas est\u00e1 o Alto Tiet\u00ea.<\/p>\n","protected":false},"excerpt":{"rendered":"<p>Cidade sofreu com enchente na regi\u00e3o central e nas imedia\u00e7\u00f5es do piscin\u00e3o, diversos pontos de&#8230;<\/p>\n","protected":false},"author":1,"featured_media":22322,"comment_status":"open","ping_status":"open","sticky":false,"template":"","format":"standard","meta":{"footnotes":""},"categories":[8],"tags":[],"featured_image_urls":{"full":["https:\/\/novosaopaulo.com.br\/n1\/wp-content\/uploads\/2025\/02\/Decreto_emergencia_nova-Poa.jpg",560,374,false],"thumbnail":["https:\/\/novosaopaulo.com.br\/n1\/wp-content\/uploads\/2025\/02\/Decreto_emergencia_nova-Poa-150x150.jpg",150,150,true],"medium":["https:\/\/novosaopaulo.com.br\/n1\/wp-content\/uploads\/2025\/02\/Decreto_emergencia_nova-Poa-300x200.jpg",300,200,true],"medium_large":["https:\/\/novosaopaulo.com.br\/n1\/wp-content\/uploads\/2025\/02\/Decreto_emergencia_nova-Poa.jpg",560,374,false],"large":["https:\/\/novosaopaulo.com.br\/n1\/wp-content\/uploads\/2025\/02\/Decreto_emergencia_nova-Poa.jpg",560,374,false],"1536x1536":["https:\/\/novosaopaulo.com.br\/n1\/wp-content\/uploads\/2025\/02\/Decreto_emergencia_nova-Poa.jpg",560,374,false],"2048x2048":["https:\/\/novosaopaulo.com.br\/n1\/wp-content\/uploads\/2025\/02\/Decreto_emergencia_nova-Poa.jpg",560,374,false],"newsever-slider-full":["https:\/\/novosaopaulo.com.br\/n1\/wp-content\/uploads\/2025\/02\/Decreto_emergencia_nova-Poa.jpg",560,374,false],"newsever-featured":["https:\/\/novosaopaulo.com.br\/n1\/wp-content\/uploads\/2025\/02\/Decreto_emergencia_nova-Poa.jpg",560,374,false],"newsever-medium":["https:\/\/novosaopaulo.com.br\/n1\/wp-content\/uploads\/2025\/02\/Decreto_emergencia_nova-Poa.jpg",560,374,false]},"author_info":{"display_name":"Reda\u00e7\u00e3o","author_link":"https:\/\/novosaopaulo.com.br\/n1\/author\/g5poa\/"},"category_info":"<a href=\"https:\/\/novosaopaulo.com.br\/n1\/category\/poa\/\" rel=\"category tag\">Po\u00e1<\/a>","tag_info":"Po\u00e1","comment_count":"0","_links":{"self":[{"href":"https:\/\/novosaopaulo.com.br\/n1\/wp-json\/wp\/v2\/posts\/22321"}],"collection":[{"href":"https:\/\/novosaopaulo.com.br\/n1\/wp-json\/wp\/v2\/posts"}],"about":[{"href":"https:\/\/novosaopaulo.com.br\/n1\/wp-json\/wp\/v2\/types\/post"}],"author":[{"embeddable":true,"href":"https:\/\/novosaopaulo.com.br\/n1\/wp-json\/wp\/v2\/users\/1"}],"replies":[{"embeddable":true,"href":"https:\/\/novosaopaulo.com.br\/n1\/wp-json\/wp\/v2\/comments?post=22321"}],"version-history":[{"count":1,"href":"https:\/\/novosaopaulo.com.br\/n1\/wp-json\/wp\/v2\/posts\/22321\/revisions"}],"predecessor-version":[{"id":22323,"href":"https:\/\/novosaopaulo.com.br\/n1\/wp-json\/wp\/v2\/posts\/22321\/revisions\/22323"}],"wp:featuredmedia":[{"embeddable":true,"href":"https:\/\/novosaopaulo.com.br\/n1\/wp-json\/wp\/v2\/media\/22322"}],"wp:attachment":[{"href":"https:\/\/novosaopaulo.com.br\/n1\/wp-json\/wp\/v2\/media?parent=22321"}],"wp:term":[{"taxonomy":"category","embeddable":true,"href":"https:\/\/novosaopaulo.com.br\/n1\/wp-json\/wp\/v2\/categories?post=22321"},{"taxonomy":"post_tag","embeddable":true,"href":"https:\/\/novosaopaulo.com.br\/n1\/wp-json\/wp\/v2\/tags?post=22321"}],"curies":[{"name":"wp","href":"https:\/\/api.w.org\/{rel}","templated":true}]}}