{"id":22318,"date":"2025-02-07T20:37:38","date_gmt":"2025-02-07T23:37:38","guid":{"rendered":"https:\/\/novosaopaulo.com.br\/n1\/?p=22318"},"modified":"2025-02-07T20:37:39","modified_gmt":"2025-02-07T23:37:39","slug":"vereadores-pedem-melhorias-nos-servicos-da-edp-a-populacao-de-suzano","status":"publish","type":"post","link":"https:\/\/novosaopaulo.com.br\/n1\/vereadores-pedem-melhorias-nos-servicos-da-edp-a-populacao-de-suzano\/","title":{"rendered":"Vereadores pedem melhorias nos servi\u00e7os da EDP \u00e0 popula\u00e7\u00e3o de Suzano"},"content":{"rendered":"\n<p>Foi realizada uma reuni\u00e3o hoje (7) de manh\u00e3, na C\u00e2mara de Suzano, para solicitar \u00e0 EDP melhorias no atendimento e no servi\u00e7o prestado \u00e0 popula\u00e7\u00e3o da cidade. O encontro foi comandado pelo presidente da Casa de Leis, Artur Takayama (PL), e contou com a presen\u00e7a dos vereadores Jaime Siunte (Avante); Jo\u00e3o Batista Nogueira de Azevedo (PRD), o Jo\u00e3o Sabugo; Marcos Antonio dos Santos (PRD), o Maizena; Andr\u00e9 Dias Dourado (PT); Dirceu Carlos da Silva (Republicanos), o filho do Carl\u00e3o da Limpeza; Josias Ferreira da Silva (PcdoB), o Josias Mineiro; Denis Claudio da Silva (PSD), o Denis filho do Pedrinho do Mercado; Adilson de Lima Franco (Uni\u00e3o), o Adilson Horse; Max Eleno Benedito (PL), o Max do Futebol; e Marcel Pereira da Silva (PRD), o Marcel da ONG. A EDP foi representada por Renata de Souza Faedda.<\/p>\n\n\n\n<p>Os parlamentares explicaram que diariamente recebem v\u00e1rias reclama\u00e7\u00f5es, principalmente por conta do atendimento prec\u00e1rio que \u00e9 oferecido \u00e0 popula\u00e7\u00e3o na ag\u00eancia f\u00edsica da concession\u00e1ria, que fica na rua Presidente Get\u00falio Vargas, no centro da cidade. Eles relataram que idosos e pessoas humildes n\u00e3o conseguem concluir as solicita\u00e7\u00f5es por falta de um atendimento humanizado. Sobre isso, Renata afirmou que encaminhar\u00e1 a reclama\u00e7\u00e3o \u00e0 \u00e1rea respons\u00e1vel.<\/p>\n\n\n\n<p>Os vereadores tamb\u00e9m perguntaram sobre as trocas dos postes de madeiras; podas das \u00e1rvores que comprometem a energia el\u00e9trica e, acima de tudo, podem causas riscos de acidentes; e o atendimento nos dias de chuvas fortes e nas regi\u00f5es afastadas do centro de Suzano. A representante da EDP explicou os protocolos de trabalho da concession\u00e1ria e se colocou \u00e0 disposi\u00e7\u00e3o da C\u00e2mara para melhorar a qualidade do fornecimento do servi\u00e7o da empresa.<\/p>\n","protected":false},"excerpt":{"rendered":"<p>Foi realizada uma reuni\u00e3o hoje (7) de manh\u00e3, na C\u00e2mara de Suzano, para solicitar \u00e0&#8230;<\/p>\n","protected":false},"author":1,"featured_media":22319,"comment_status":"open","ping_status":"open","sticky":false,"template":"","format":"standard","meta":{"footnotes":""},"categories":[34],"tags":[],"featured_image_urls":{"full":["https:\/\/novosaopaulo.com.br\/n1\/wp-content\/uploads\/2025\/02\/Reuniao-vereadores-com-representantes-da-EDP_Bianca-Figueira_Camara-de-Suzano.jpeg",495,371,false],"thumbnail":["https:\/\/novosaopaulo.com.br\/n1\/wp-content\/uploads\/2025\/02\/Reuniao-vereadores-com-representantes-da-EDP_Bianca-Figueira_Camara-de-Suzano-150x150.jpeg",150,150,true],"medium":["https:\/\/novosaopaulo.com.br\/n1\/wp-content\/uploads\/2025\/02\/Reuniao-vereadores-com-representantes-da-EDP_Bianca-Figueira_Camara-de-Suzano-300x225.jpeg",300,225,true],"medium_large":["https:\/\/novosaopaulo.com.br\/n1\/wp-content\/uploads\/2025\/02\/Reuniao-vereadores-com-representantes-da-EDP_Bianca-Figueira_Camara-de-Suzano.jpeg",495,371,false],"large":["https:\/\/novosaopaulo.com.br\/n1\/wp-content\/uploads\/2025\/02\/Reuniao-vereadores-com-representantes-da-EDP_Bianca-Figueira_Camara-de-Suzano.jpeg",495,371,false],"1536x1536":["https:\/\/novosaopaulo.com.br\/n1\/wp-content\/uploads\/2025\/02\/Reuniao-vereadores-com-representantes-da-EDP_Bianca-Figueira_Camara-de-Suzano.jpeg",495,371,false],"2048x2048":["https:\/\/novosaopaulo.com.br\/n1\/wp-content\/uploads\/2025\/02\/Reuniao-vereadores-com-representantes-da-EDP_Bianca-Figueira_Camara-de-Suzano.jpeg",495,371,false],"newsever-slider-full":["https:\/\/novosaopaulo.com.br\/n1\/wp-content\/uploads\/2025\/02\/Reuniao-vereadores-com-representantes-da-EDP_Bianca-Figueira_Camara-de-Suzano.jpeg",495,371,false],"newsever-featured":["https:\/\/novosaopaulo.com.br\/n1\/wp-content\/uploads\/2025\/02\/Reuniao-vereadores-com-representantes-da-EDP_Bianca-Figueira_Camara-de-Suzano.jpeg",495,371,false],"newsever-medium":["https:\/\/novosaopaulo.com.br\/n1\/wp-content\/uploads\/2025\/02\/Reuniao-vereadores-com-representantes-da-EDP_Bianca-Figueira_Camara-de-Suzano.jpeg",495,371,false]},"author_info":{"display_name":"Reda\u00e7\u00e3o","author_link":"https:\/\/novosaopaulo.com.br\/n1\/author\/g5poa\/"},"category_info":"<a href=\"https:\/\/novosaopaulo.com.br\/n1\/category\/alto-tiete\/\" rel=\"category tag\">Alto Tiet\u00ea<\/a>","tag_info":"Alto Tiet\u00ea","comment_count":"0","_links":{"self":[{"href":"https:\/\/novosaopaulo.com.br\/n1\/wp-json\/wp\/v2\/posts\/22318"}],"collection":[{"href":"https:\/\/novosaopaulo.com.br\/n1\/wp-json\/wp\/v2\/posts"}],"about":[{"href":"https:\/\/novosaopaulo.com.br\/n1\/wp-json\/wp\/v2\/types\/post"}],"author":[{"embeddable":true,"href":"https:\/\/novosaopaulo.com.br\/n1\/wp-json\/wp\/v2\/users\/1"}],"replies":[{"embeddable":true,"href":"https:\/\/novosaopaulo.com.br\/n1\/wp-json\/wp\/v2\/comments?post=22318"}],"version-history":[{"count":1,"href":"https:\/\/novosaopaulo.com.br\/n1\/wp-json\/wp\/v2\/posts\/22318\/revisions"}],"predecessor-version":[{"id":22320,"href":"https:\/\/novosaopaulo.com.br\/n1\/wp-json\/wp\/v2\/posts\/22318\/revisions\/22320"}],"wp:featuredmedia":[{"embeddable":true,"href":"https:\/\/novosaopaulo.com.br\/n1\/wp-json\/wp\/v2\/media\/22319"}],"wp:attachment":[{"href":"https:\/\/novosaopaulo.com.br\/n1\/wp-json\/wp\/v2\/media?parent=22318"}],"wp:term":[{"taxonomy":"category","embeddable":true,"href":"https:\/\/novosaopaulo.com.br\/n1\/wp-json\/wp\/v2\/categories?post=22318"},{"taxonomy":"post_tag","embeddable":true,"href":"https:\/\/novosaopaulo.com.br\/n1\/wp-json\/wp\/v2\/tags?post=22318"}],"curies":[{"name":"wp","href":"https:\/\/api.w.org\/{rel}","templated":true}]}}