{"id":22270,"date":"2025-02-05T12:22:55","date_gmt":"2025-02-05T15:22:55","guid":{"rendered":"https:\/\/novosaopaulo.com.br\/n1\/?p=22270"},"modified":"2025-02-05T12:22:56","modified_gmt":"2025-02-05T15:22:56","slug":"itaqua-adota-medida-provisoria-para-coletar-lixo-em-bairros-alagados-e-prevenir-o-descarte-irregular","status":"publish","type":"post","link":"https:\/\/novosaopaulo.com.br\/n1\/itaqua-adota-medida-provisoria-para-coletar-lixo-em-bairros-alagados-e-prevenir-o-descarte-irregular\/","title":{"rendered":"Itaqu\u00e1 adota medida provis\u00f3ria para coletar lixo em bairros alagados e prevenir o descarte irregular"},"content":{"rendered":"\n<p>Coleta \u00e9 feita por m\u00e1quinas e ca\u00e7ambas<\/p>\n\n\n\n<p>Devido a dificuldade de acesso por conta dos&nbsp;alagamentos, a Prefeitura de Itaquaquecetuba, por meio da Secretaria de Meio Ambiente, est\u00e1 adaptando a coleta domiciliar e a destina\u00e7\u00e3o de res\u00edduos&nbsp;para garantir a manuten\u00e7\u00e3o do servi\u00e7o nos bairros Maria Augusta, Jardim Fiorelo, Vila Jap\u00e3o, Vila Bartira, Vila S\u00f4nia e Tip\u00f3ia.<\/p>\n\n\n\n<p>Para minimizar os transtornos e evitar o descarte irregular, foram posicionadas quatro ca\u00e7ambas no Maria Augusta e uma na Vila Jap\u00e3o para que os moradores possam descartar o lixo das resid\u00eancias.<\/p>\n\n\n\n<p>Outra contrapartida para garantir a manuten\u00e7\u00e3o nos bairros afestados pela chuva \u00e9 a coleta por meio do maquin\u00e1rio que circula nos pontos alagados devido a impossibilidade do caminh\u00e3o de coleta transitar nessas regi\u00f5es.<\/p>\n\n\n\n<p>&#8220;Orientamos a popula\u00e7\u00e3o que mantenha os res\u00edduos lacrados corretamente e separados por tipo em caso de materiais reciclados. \u00c9 importante amarrar bem as embalagens e n\u00e3o descart\u00e1-las nas ruas que est\u00e3o tomadas pela \u00e1gua para que o problema n\u00e3o se agrave&#8221;, destacou a secret\u00e1ria de Meio Ambiente, Yasmim Zampieri.<\/p>\n\n\n\n<p>&#8220;O armazenamento tempor\u00e1rio de lixo em \u00e1reas espec\u00edficas \u00e9 uma alternativa para manter a cidade limpa. Estamos enfrentando um momento dif\u00edcil, por isso precisamos nos unir e manter a ordem&#8221;, refor\u00e7ou o prefeito Eduardo Boigues<\/p>\n\n\n\n<p>O tr\u00e2nsito da cidade tamb\u00e9m tem dificultado a locomo\u00e7\u00e3o do caminh\u00e3o de coleta mesmo em bairros que n\u00e3o foram afetados pela enchente. Al\u00e9m disso, o aterro para onde o lixo dom\u00e9stico \u00e9 destinado enfrenta problemas de alagamento. A administra\u00e7\u00e3o municipal trabalha para buscar solu\u00e7\u00f5es e amenizar o transtorno \u00e0 cidade.<\/p>\n\n\n\n<p>Foto: Eduardo Borges<\/p>\n","protected":false},"excerpt":{"rendered":"<p>Coleta \u00e9 feita por m\u00e1quinas e ca\u00e7ambas Devido a dificuldade de acesso por conta dos&nbsp;alagamentos,&#8230;<\/p>\n","protected":false},"author":1,"featured_media":22271,"comment_status":"open","ping_status":"open","sticky":false,"template":"","format":"standard","meta":{"footnotes":""},"categories":[34],"tags":[],"featured_image_urls":{"full":["https:\/\/novosaopaulo.com.br\/n1\/wp-content\/uploads\/2025\/02\/WhatsApp-Image-2025-02-05-at-11.44.12.jpeg",560,374,false],"thumbnail":["https:\/\/novosaopaulo.com.br\/n1\/wp-content\/uploads\/2025\/02\/WhatsApp-Image-2025-02-05-at-11.44.12-150x150.jpeg",150,150,true],"medium":["https:\/\/novosaopaulo.com.br\/n1\/wp-content\/uploads\/2025\/02\/WhatsApp-Image-2025-02-05-at-11.44.12-300x200.jpeg",300,200,true],"medium_large":["https:\/\/novosaopaulo.com.br\/n1\/wp-content\/uploads\/2025\/02\/WhatsApp-Image-2025-02-05-at-11.44.12.jpeg",560,374,false],"large":["https:\/\/novosaopaulo.com.br\/n1\/wp-content\/uploads\/2025\/02\/WhatsApp-Image-2025-02-05-at-11.44.12.jpeg",560,374,false],"1536x1536":["https:\/\/novosaopaulo.com.br\/n1\/wp-content\/uploads\/2025\/02\/WhatsApp-Image-2025-02-05-at-11.44.12.jpeg",560,374,false],"2048x2048":["https:\/\/novosaopaulo.com.br\/n1\/wp-content\/uploads\/2025\/02\/WhatsApp-Image-2025-02-05-at-11.44.12.jpeg",560,374,false],"newsever-slider-full":["https:\/\/novosaopaulo.com.br\/n1\/wp-content\/uploads\/2025\/02\/WhatsApp-Image-2025-02-05-at-11.44.12.jpeg",560,374,false],"newsever-featured":["https:\/\/novosaopaulo.com.br\/n1\/wp-content\/uploads\/2025\/02\/WhatsApp-Image-2025-02-05-at-11.44.12.jpeg",560,374,false],"newsever-medium":["https:\/\/novosaopaulo.com.br\/n1\/wp-content\/uploads\/2025\/02\/WhatsApp-Image-2025-02-05-at-11.44.12.jpeg",560,374,false]},"author_info":{"display_name":"Reda\u00e7\u00e3o","author_link":"https:\/\/novosaopaulo.com.br\/n1\/author\/g5poa\/"},"category_info":"<a href=\"https:\/\/novosaopaulo.com.br\/n1\/category\/alto-tiete\/\" rel=\"category tag\">Alto Tiet\u00ea<\/a>","tag_info":"Alto Tiet\u00ea","comment_count":"0","_links":{"self":[{"href":"https:\/\/novosaopaulo.com.br\/n1\/wp-json\/wp\/v2\/posts\/22270"}],"collection":[{"href":"https:\/\/novosaopaulo.com.br\/n1\/wp-json\/wp\/v2\/posts"}],"about":[{"href":"https:\/\/novosaopaulo.com.br\/n1\/wp-json\/wp\/v2\/types\/post"}],"author":[{"embeddable":true,"href":"https:\/\/novosaopaulo.com.br\/n1\/wp-json\/wp\/v2\/users\/1"}],"replies":[{"embeddable":true,"href":"https:\/\/novosaopaulo.com.br\/n1\/wp-json\/wp\/v2\/comments?post=22270"}],"version-history":[{"count":1,"href":"https:\/\/novosaopaulo.com.br\/n1\/wp-json\/wp\/v2\/posts\/22270\/revisions"}],"predecessor-version":[{"id":22272,"href":"https:\/\/novosaopaulo.com.br\/n1\/wp-json\/wp\/v2\/posts\/22270\/revisions\/22272"}],"wp:featuredmedia":[{"embeddable":true,"href":"https:\/\/novosaopaulo.com.br\/n1\/wp-json\/wp\/v2\/media\/22271"}],"wp:attachment":[{"href":"https:\/\/novosaopaulo.com.br\/n1\/wp-json\/wp\/v2\/media?parent=22270"}],"wp:term":[{"taxonomy":"category","embeddable":true,"href":"https:\/\/novosaopaulo.com.br\/n1\/wp-json\/wp\/v2\/categories?post=22270"},{"taxonomy":"post_tag","embeddable":true,"href":"https:\/\/novosaopaulo.com.br\/n1\/wp-json\/wp\/v2\/tags?post=22270"}],"curies":[{"name":"wp","href":"https:\/\/api.w.org\/{rel}","templated":true}]}}