{"id":22252,"date":"2025-02-03T22:16:54","date_gmt":"2025-02-04T01:16:54","guid":{"rendered":"https:\/\/novosaopaulo.com.br\/n1\/?p=22252"},"modified":"2025-02-03T22:16:55","modified_gmt":"2025-02-04T01:16:55","slug":"retorno-as-aulas-e-adiado-em-seis-escolas-de-bairros-afetados-pelas-chuvas-em-itaqua","status":"publish","type":"post","link":"https:\/\/novosaopaulo.com.br\/n1\/retorno-as-aulas-e-adiado-em-seis-escolas-de-bairros-afetados-pelas-chuvas-em-itaqua\/","title":{"rendered":"Retorno \u00e0s aulas \u00e9 adiado em seis escolas de bairros afetados pelas chuvas em Itaqu\u00e1"},"content":{"rendered":"\n<p>Reposi\u00e7\u00e3o dos quatro dias j\u00e1 est\u00e1 prevista no calend\u00e1rio escolar<\/p>\n\n\n\n<p>A Prefeitura de Itaquaquecetuba, por meio da Secretaria de Educa\u00e7\u00e3o, alterou o calend\u00e1rio escolar de seis escolas municipais que ficam nos bairros afetados pelas chuvas do fim de semana para que os estudantes n\u00e3o sejam prejudicados.<\/p>\n\n\n\n<p>Nas escolas Jo\u00e3o Geraldo e Ver. Benedito Rocha (Vila Jap\u00e3o), Adenor Bonif\u00e1cio (Vila S\u00f4nia), Jos\u00e9 Marinho e Charles Michel de L&#8217;\u00e9p\u00e9e (Maria Augusta) e Ver. Augusto dos Santos (Esta\u00e7\u00e3o) o retorno vai ocorrer na pr\u00f3xima segunda-feira (10).<\/p>\n\n\n\n<p>Nas demais unidades da rede municipal, o retorno acontece normalmente nesta ter\u00e7a-feira (4). A reposi\u00e7\u00e3o dos quatro dias nas seis escolas citadas est\u00e1 prevista no calend\u00e1rio para 22 de mar\u00e7o, 5 de maio, bem como 24 e 25 de julho.<\/p>\n\n\n\n<p>\u201cTivemos que fazer esse ajuste na data para que as crian\u00e7as que j\u00e1 est\u00e3o sofrendo com as enchentes n\u00e3o fiquem atrasadas no aprendizado. Vamos dar todo o apoio que precisarem\u201d, destacou o prefeito Eduardo Boigues.<\/p>\n\n\n\n<p>Planejamento<\/p>\n\n\n\n<p>Na semana passada, diretores, vice-diretores, coordenadores pedag\u00f3gicos e t\u00e9cnicos dos departamentos se reuniram para definir estrat\u00e9gias e a\u00e7\u00f5es que visam garantir a qualidade no sistema de ensino.<\/p>\n\n\n\n<p>Foram discutidas as condicionalidades estipuladas para a educa\u00e7\u00e3o b\u00e1sica, a valoriza\u00e7\u00e3o dos profissionais, parcerias e a proje\u00e7\u00e3o de novas unidades escolares.<\/p>\n\n\n\n<p>\u201cAbordamos temas importantes para assegurar que o munic\u00edpio continue avan\u00e7ando na oferta de uma educa\u00e7\u00e3o de qualidade, reconhecendo e planejando a expans\u00e3o necess\u00e1ria para atender os estudantes\u201d, comentou o prefeito.<\/p>\n\n\n\n<p>\u201cEstamos comprometidos em criar estrat\u00e9gias eficazes que v\u00e3o al\u00e9m das demandas imediatas, sempre visando a qualidade do ensino\u201d, finalizou a chefe da pasta, Maria Cristina Perpetuo.<\/p>\n\n\n\n<p>Fotos: Divulga\u00e7\u00e3o<\/p>\n\n\n\n<figure class=\"wp-block-gallery has-nested-images columns-default is-cropped wp-block-gallery-1 is-layout-flex wp-block-gallery-is-layout-flex\">\n<figure class=\"wp-block-image size-large\"><a href=\"https:\/\/novosaopaulo.com.br\/n1\/wp-content\/uploads\/2025\/02\/WhatsApp-Image-2025-02-03-at-22.03.39.jpeg\"><img fetchpriority=\"high\" decoding=\"async\" width=\"518\" height=\"672\" data-id=\"22257\" src=\"https:\/\/novosaopaulo.com.br\/n1\/wp-content\/uploads\/2025\/02\/WhatsApp-Image-2025-02-03-at-22.03.39.jpeg\" alt=\"\" class=\"wp-image-22257\" srcset=\"https:\/\/novosaopaulo.com.br\/n1\/wp-content\/uploads\/2025\/02\/WhatsApp-Image-2025-02-03-at-22.03.39.jpeg 518w, https:\/\/novosaopaulo.com.br\/n1\/wp-content\/uploads\/2025\/02\/WhatsApp-Image-2025-02-03-at-22.03.39-231x300.jpeg 231w\" sizes=\"(max-width: 518px) 100vw, 518px\" \/><\/a><\/figure>\n\n\n\n<figure class=\"wp-block-image size-large\"><a href=\"https:\/\/novosaopaulo.com.br\/n1\/wp-content\/uploads\/2025\/02\/WhatsApp-Image-2025-02-03-at-22.03.39-1.jpeg\"><img decoding=\"async\" width=\"560\" height=\"415\" data-id=\"22256\" src=\"https:\/\/novosaopaulo.com.br\/n1\/wp-content\/uploads\/2025\/02\/WhatsApp-Image-2025-02-03-at-22.03.39-1.jpeg\" alt=\"\" class=\"wp-image-22256\" srcset=\"https:\/\/novosaopaulo.com.br\/n1\/wp-content\/uploads\/2025\/02\/WhatsApp-Image-2025-02-03-at-22.03.39-1.jpeg 560w, https:\/\/novosaopaulo.com.br\/n1\/wp-content\/uploads\/2025\/02\/WhatsApp-Image-2025-02-03-at-22.03.39-1-300x222.jpeg 300w\" sizes=\"(max-width: 560px) 100vw, 560px\" \/><\/a><\/figure>\n\n\n\n<figure class=\"wp-block-image size-large\"><a href=\"https:\/\/novosaopaulo.com.br\/n1\/wp-content\/uploads\/2025\/02\/WhatsApp-Image-2025-02-03-at-22.03.39-2.jpeg\"><img decoding=\"async\" width=\"420\" height=\"560\" data-id=\"22254\" src=\"https:\/\/novosaopaulo.com.br\/n1\/wp-content\/uploads\/2025\/02\/WhatsApp-Image-2025-02-03-at-22.03.39-2.jpeg\" alt=\"\" class=\"wp-image-22254\" srcset=\"https:\/\/novosaopaulo.com.br\/n1\/wp-content\/uploads\/2025\/02\/WhatsApp-Image-2025-02-03-at-22.03.39-2.jpeg 420w, https:\/\/novosaopaulo.com.br\/n1\/wp-content\/uploads\/2025\/02\/WhatsApp-Image-2025-02-03-at-22.03.39-2-225x300.jpeg 225w\" sizes=\"(max-width: 420px) 100vw, 420px\" \/><\/a><\/figure>\n\n\n\n<figure class=\"wp-block-image size-large\"><a href=\"https:\/\/novosaopaulo.com.br\/n1\/wp-content\/uploads\/2025\/02\/WhatsApp-Image-2025-02-03-at-22.03.39-3.jpeg\"><img loading=\"lazy\" decoding=\"async\" width=\"420\" height=\"560\" data-id=\"22253\" src=\"https:\/\/novosaopaulo.com.br\/n1\/wp-content\/uploads\/2025\/02\/WhatsApp-Image-2025-02-03-at-22.03.39-3.jpeg\" alt=\"\" class=\"wp-image-22253\" srcset=\"https:\/\/novosaopaulo.com.br\/n1\/wp-content\/uploads\/2025\/02\/WhatsApp-Image-2025-02-03-at-22.03.39-3.jpeg 420w, https:\/\/novosaopaulo.com.br\/n1\/wp-content\/uploads\/2025\/02\/WhatsApp-Image-2025-02-03-at-22.03.39-3-225x300.jpeg 225w\" sizes=\"(max-width: 420px) 100vw, 420px\" \/><\/a><\/figure>\n\n\n\n<figure class=\"wp-block-image size-large\"><a href=\"https:\/\/novosaopaulo.com.br\/n1\/wp-content\/uploads\/2025\/02\/WhatsApp-Image-2025-02-03-at-22.03.40.jpeg\"><img loading=\"lazy\" decoding=\"async\" width=\"560\" height=\"411\" data-id=\"22255\" src=\"https:\/\/novosaopaulo.com.br\/n1\/wp-content\/uploads\/2025\/02\/WhatsApp-Image-2025-02-03-at-22.03.40.jpeg\" alt=\"\" class=\"wp-image-22255\" srcset=\"https:\/\/novosaopaulo.com.br\/n1\/wp-content\/uploads\/2025\/02\/WhatsApp-Image-2025-02-03-at-22.03.40.jpeg 560w, https:\/\/novosaopaulo.com.br\/n1\/wp-content\/uploads\/2025\/02\/WhatsApp-Image-2025-02-03-at-22.03.40-300x220.jpeg 300w\" sizes=\"(max-width: 560px) 100vw, 560px\" \/><\/a><\/figure>\n<\/figure>\n","protected":false},"excerpt":{"rendered":"<p>Reposi\u00e7\u00e3o dos quatro dias j\u00e1 est\u00e1 prevista no calend\u00e1rio escolar A Prefeitura de Itaquaquecetuba, por&#8230;<\/p>\n","protected":false},"author":1,"featured_media":22255,"comment_status":"open","ping_status":"open","sticky":false,"template":"","format":"standard","meta":{"footnotes":""},"categories":[1],"tags":[],"featured_image_urls":{"full":["https:\/\/novosaopaulo.com.br\/n1\/wp-content\/uploads\/2025\/02\/WhatsApp-Image-2025-02-03-at-22.03.40.jpeg",560,411,false],"thumbnail":["https:\/\/novosaopaulo.com.br\/n1\/wp-content\/uploads\/2025\/02\/WhatsApp-Image-2025-02-03-at-22.03.40-150x150.jpeg",150,150,true],"medium":["https:\/\/novosaopaulo.com.br\/n1\/wp-content\/uploads\/2025\/02\/WhatsApp-Image-2025-02-03-at-22.03.40-300x220.jpeg",300,220,true],"medium_large":["https:\/\/novosaopaulo.com.br\/n1\/wp-content\/uploads\/2025\/02\/WhatsApp-Image-2025-02-03-at-22.03.40.jpeg",560,411,false],"large":["https:\/\/novosaopaulo.com.br\/n1\/wp-content\/uploads\/2025\/02\/WhatsApp-Image-2025-02-03-at-22.03.40.jpeg",560,411,false],"1536x1536":["https:\/\/novosaopaulo.com.br\/n1\/wp-content\/uploads\/2025\/02\/WhatsApp-Image-2025-02-03-at-22.03.40.jpeg",560,411,false],"2048x2048":["https:\/\/novosaopaulo.com.br\/n1\/wp-content\/uploads\/2025\/02\/WhatsApp-Image-2025-02-03-at-22.03.40.jpeg",560,411,false],"newsever-slider-full":["https:\/\/novosaopaulo.com.br\/n1\/wp-content\/uploads\/2025\/02\/WhatsApp-Image-2025-02-03-at-22.03.40.jpeg",560,411,false],"newsever-featured":["https:\/\/novosaopaulo.com.br\/n1\/wp-content\/uploads\/2025\/02\/WhatsApp-Image-2025-02-03-at-22.03.40.jpeg",560,411,false],"newsever-medium":["https:\/\/novosaopaulo.com.br\/n1\/wp-content\/uploads\/2025\/02\/WhatsApp-Image-2025-02-03-at-22.03.40.jpeg",560,411,false]},"author_info":{"display_name":"Reda\u00e7\u00e3o","author_link":"https:\/\/novosaopaulo.com.br\/n1\/author\/g5poa\/"},"category_info":"<a href=\"https:\/\/novosaopaulo.com.br\/n1\/category\/blog\/\" rel=\"category tag\">Blog<\/a>","tag_info":"Blog","comment_count":"0","_links":{"self":[{"href":"https:\/\/novosaopaulo.com.br\/n1\/wp-json\/wp\/v2\/posts\/22252"}],"collection":[{"href":"https:\/\/novosaopaulo.com.br\/n1\/wp-json\/wp\/v2\/posts"}],"about":[{"href":"https:\/\/novosaopaulo.com.br\/n1\/wp-json\/wp\/v2\/types\/post"}],"author":[{"embeddable":true,"href":"https:\/\/novosaopaulo.com.br\/n1\/wp-json\/wp\/v2\/users\/1"}],"replies":[{"embeddable":true,"href":"https:\/\/novosaopaulo.com.br\/n1\/wp-json\/wp\/v2\/comments?post=22252"}],"version-history":[{"count":1,"href":"https:\/\/novosaopaulo.com.br\/n1\/wp-json\/wp\/v2\/posts\/22252\/revisions"}],"predecessor-version":[{"id":22258,"href":"https:\/\/novosaopaulo.com.br\/n1\/wp-json\/wp\/v2\/posts\/22252\/revisions\/22258"}],"wp:featuredmedia":[{"embeddable":true,"href":"https:\/\/novosaopaulo.com.br\/n1\/wp-json\/wp\/v2\/media\/22255"}],"wp:attachment":[{"href":"https:\/\/novosaopaulo.com.br\/n1\/wp-json\/wp\/v2\/media?parent=22252"}],"wp:term":[{"taxonomy":"category","embeddable":true,"href":"https:\/\/novosaopaulo.com.br\/n1\/wp-json\/wp\/v2\/categories?post=22252"},{"taxonomy":"post_tag","embeddable":true,"href":"https:\/\/novosaopaulo.com.br\/n1\/wp-json\/wp\/v2\/tags?post=22252"}],"curies":[{"name":"wp","href":"https:\/\/api.w.org\/{rel}","templated":true}]}}