{"id":22244,"date":"2025-02-03T17:21:20","date_gmt":"2025-02-03T20:21:20","guid":{"rendered":"https:\/\/novosaopaulo.com.br\/n1\/?p=22244"},"modified":"2025-02-03T17:21:20","modified_gmt":"2025-02-03T20:21:20","slug":"itaqua-abre-concurso-de-marchinhas-e-blocos-de-carnaval-inscricoes-vao-ate-7-de-fevereiro","status":"publish","type":"post","link":"https:\/\/novosaopaulo.com.br\/n1\/itaqua-abre-concurso-de-marchinhas-e-blocos-de-carnaval-inscricoes-vao-ate-7-de-fevereiro\/","title":{"rendered":"Itaqu\u00e1 abre concurso de marchinhas e blocos de Carnaval; inscri\u00e7\u00f5es v\u00e3o at\u00e9 7 de fevereiro"},"content":{"rendered":"\n<p>Objetivo \u00e9 resgatar as origens culturais da cidade<\/p>\n\n\n\n<p>A Prefeitura de Itaquaquecetuba, por meio da Secretaria de Cultura, anunciou a retomada das celebra\u00e7\u00f5es carnavalescas com os concursos de marchinhas e blocos. O objetivo \u00e9 fortalecer e resgatar as origens culturais da cidade.<\/p>\n\n\n\n<p>O edital contempla quatro blocos carnavalescos, sendo que os grupos interessados devem ter no m\u00ednimo 50 membros e residir ou ter sede no munic\u00edpio. Cada bloco selecionado receber\u00e1 um incentivo de R$ 12,5 mil e o resultado da sele\u00e7\u00e3o ser\u00e1 divulgado no dia 14 de fevereiro.<\/p>\n\n\n\n<p>Para garantir que a festa seja inclusiva e acess\u00edvel, os blocos devem realizar atividades culturais em bairros descentralizados, uma forma de tornar a cultura mais acess\u00edvel. O edital est\u00e1 dispon\u00edvel em cutt.ly\/ne7zGrvY.<\/p>\n\n\n\n<p>J\u00e1 no concurso de marchinhas, as cinco melhores ser\u00e3o premiadas com R$ 4 mil cada, com trof\u00e9u para melhor int\u00e9rprete e melhor fantasia. A ideia \u00e9 estimular a cria\u00e7\u00e3o art\u00edstica e musical, em especial de autores locais, para difundir seus trabalhos e composi\u00e7\u00f5es.<\/p>\n\n\n\n<p>O participante deve residir em Itaqu\u00e1 e pode inscrever at\u00e9 duas composi\u00e7\u00f5es, podendo as duas serem selecionadas. As composi\u00e7\u00f5es devem ser originais e in\u00e9ditas, tanto na melodia como na letra, e as apresenta\u00e7\u00f5es acontecer\u00e3o no dia 1\u00ba de mar\u00e7o. O edital est\u00e1 dispon\u00edvel em cutt.ly\/9e7zF0aJ.<\/p>\n\n\n\n<p>\u201cO Carnaval \u00e9 uma manifesta\u00e7\u00e3o cultural rica e diversa, por isso queremos que os blocos levem energia para todos os cantos da cidade. Vamos retomar em grande estilo\u201d, destacou a secret\u00e1ria de Cultura, Maria Ana Rosa.<\/p>\n\n\n\n<p>As inscri\u00e7\u00f5es s\u00e3o gratuitas, ficam abertas at\u00e9 a pr\u00f3xima sexta-feira (7) e devem ser realizadas na Secretaria de Cultura (av. Ver. Jo\u00e3o Fernandes da Silva, 53 \u2013 Vila Virg\u00ednia), das 8h30 \u00e0s 16h30.<\/p>\n\n\n\n<p>O prefeito Eduardo Boigues refor\u00e7ou a import\u00e2ncia do evento. \u201cA cultura popular tem papel fundamental na identidade do munic\u00edpio e o retorno do Carnaval representa um grande reencontro da cidade com sua hist\u00f3ria e tradi\u00e7\u00e3o. Vamos fazer uma linda festa\u201d, completou.<\/p>\n\n\n\n<p>Fotos: Eduardo Borges<\/p>\n\n\n\n<figure class=\"wp-block-gallery has-nested-images columns-default is-cropped wp-block-gallery-1 is-layout-flex wp-block-gallery-is-layout-flex\">\n<figure class=\"wp-block-image size-large\"><a href=\"https:\/\/novosaopaulo.com.br\/n1\/?attachment_id=22246\"><img fetchpriority=\"high\" decoding=\"async\" width=\"480\" height=\"320\" data-id=\"22246\" src=\"https:\/\/novosaopaulo.com.br\/n1\/wp-content\/uploads\/2025\/02\/WhatsApp-Image-2025-02-03-at-16.45.43.jpeg\" alt=\"\" class=\"wp-image-22246\" srcset=\"https:\/\/novosaopaulo.com.br\/n1\/wp-content\/uploads\/2025\/02\/WhatsApp-Image-2025-02-03-at-16.45.43.jpeg 480w, https:\/\/novosaopaulo.com.br\/n1\/wp-content\/uploads\/2025\/02\/WhatsApp-Image-2025-02-03-at-16.45.43-300x200.jpeg 300w\" sizes=\"(max-width: 480px) 100vw, 480px\" \/><\/a><\/figure>\n\n\n\n<figure class=\"wp-block-image size-large\"><a href=\"https:\/\/novosaopaulo.com.br\/n1\/?attachment_id=22247\"><img decoding=\"async\" width=\"320\" height=\"480\" data-id=\"22247\" src=\"https:\/\/novosaopaulo.com.br\/n1\/wp-content\/uploads\/2025\/02\/WhatsApp-Image-2025-02-03-at-16.45.43-1.jpeg\" alt=\"\" class=\"wp-image-22247\" srcset=\"https:\/\/novosaopaulo.com.br\/n1\/wp-content\/uploads\/2025\/02\/WhatsApp-Image-2025-02-03-at-16.45.43-1.jpeg 320w, https:\/\/novosaopaulo.com.br\/n1\/wp-content\/uploads\/2025\/02\/WhatsApp-Image-2025-02-03-at-16.45.43-1-200x300.jpeg 200w\" sizes=\"(max-width: 320px) 100vw, 320px\" \/><\/a><\/figure>\n\n\n\n<figure class=\"wp-block-image size-large\"><a href=\"https:\/\/novosaopaulo.com.br\/n1\/?attachment_id=22245\"><img decoding=\"async\" width=\"400\" height=\"267\" data-id=\"22245\" src=\"https:\/\/novosaopaulo.com.br\/n1\/wp-content\/uploads\/2025\/02\/WhatsApp-Image-2025-02-03-at-16.45.43-2.jpeg\" alt=\"\" class=\"wp-image-22245\" srcset=\"https:\/\/novosaopaulo.com.br\/n1\/wp-content\/uploads\/2025\/02\/WhatsApp-Image-2025-02-03-at-16.45.43-2.jpeg 400w, https:\/\/novosaopaulo.com.br\/n1\/wp-content\/uploads\/2025\/02\/WhatsApp-Image-2025-02-03-at-16.45.43-2-300x200.jpeg 300w\" sizes=\"(max-width: 400px) 100vw, 400px\" \/><\/a><\/figure>\n<\/figure>\n","protected":false},"excerpt":{"rendered":"<p>Objetivo \u00e9 resgatar as origens culturais da cidade A Prefeitura de Itaquaquecetuba, por meio da&#8230;<\/p>\n","protected":false},"author":1,"featured_media":22246,"comment_status":"open","ping_status":"open","sticky":false,"template":"","format":"standard","meta":{"footnotes":""},"categories":[34],"tags":[],"featured_image_urls":{"full":["https:\/\/novosaopaulo.com.br\/n1\/wp-content\/uploads\/2025\/02\/WhatsApp-Image-2025-02-03-at-16.45.43.jpeg",480,320,false],"thumbnail":["https:\/\/novosaopaulo.com.br\/n1\/wp-content\/uploads\/2025\/02\/WhatsApp-Image-2025-02-03-at-16.45.43-150x150.jpeg",150,150,true],"medium":["https:\/\/novosaopaulo.com.br\/n1\/wp-content\/uploads\/2025\/02\/WhatsApp-Image-2025-02-03-at-16.45.43-300x200.jpeg",300,200,true],"medium_large":["https:\/\/novosaopaulo.com.br\/n1\/wp-content\/uploads\/2025\/02\/WhatsApp-Image-2025-02-03-at-16.45.43.jpeg",480,320,false],"large":["https:\/\/novosaopaulo.com.br\/n1\/wp-content\/uploads\/2025\/02\/WhatsApp-Image-2025-02-03-at-16.45.43.jpeg",480,320,false],"1536x1536":["https:\/\/novosaopaulo.com.br\/n1\/wp-content\/uploads\/2025\/02\/WhatsApp-Image-2025-02-03-at-16.45.43.jpeg",480,320,false],"2048x2048":["https:\/\/novosaopaulo.com.br\/n1\/wp-content\/uploads\/2025\/02\/WhatsApp-Image-2025-02-03-at-16.45.43.jpeg",480,320,false],"newsever-slider-full":["https:\/\/novosaopaulo.com.br\/n1\/wp-content\/uploads\/2025\/02\/WhatsApp-Image-2025-02-03-at-16.45.43.jpeg",480,320,false],"newsever-featured":["https:\/\/novosaopaulo.com.br\/n1\/wp-content\/uploads\/2025\/02\/WhatsApp-Image-2025-02-03-at-16.45.43.jpeg",480,320,false],"newsever-medium":["https:\/\/novosaopaulo.com.br\/n1\/wp-content\/uploads\/2025\/02\/WhatsApp-Image-2025-02-03-at-16.45.43.jpeg",480,320,false]},"author_info":{"display_name":"Reda\u00e7\u00e3o","author_link":"https:\/\/novosaopaulo.com.br\/n1\/author\/g5poa\/"},"category_info":"<a href=\"https:\/\/novosaopaulo.com.br\/n1\/category\/alto-tiete\/\" rel=\"category tag\">Alto Tiet\u00ea<\/a>","tag_info":"Alto Tiet\u00ea","comment_count":"0","_links":{"self":[{"href":"https:\/\/novosaopaulo.com.br\/n1\/wp-json\/wp\/v2\/posts\/22244"}],"collection":[{"href":"https:\/\/novosaopaulo.com.br\/n1\/wp-json\/wp\/v2\/posts"}],"about":[{"href":"https:\/\/novosaopaulo.com.br\/n1\/wp-json\/wp\/v2\/types\/post"}],"author":[{"embeddable":true,"href":"https:\/\/novosaopaulo.com.br\/n1\/wp-json\/wp\/v2\/users\/1"}],"replies":[{"embeddable":true,"href":"https:\/\/novosaopaulo.com.br\/n1\/wp-json\/wp\/v2\/comments?post=22244"}],"version-history":[{"count":1,"href":"https:\/\/novosaopaulo.com.br\/n1\/wp-json\/wp\/v2\/posts\/22244\/revisions"}],"predecessor-version":[{"id":22248,"href":"https:\/\/novosaopaulo.com.br\/n1\/wp-json\/wp\/v2\/posts\/22244\/revisions\/22248"}],"wp:featuredmedia":[{"embeddable":true,"href":"https:\/\/novosaopaulo.com.br\/n1\/wp-json\/wp\/v2\/media\/22246"}],"wp:attachment":[{"href":"https:\/\/novosaopaulo.com.br\/n1\/wp-json\/wp\/v2\/media?parent=22244"}],"wp:term":[{"taxonomy":"category","embeddable":true,"href":"https:\/\/novosaopaulo.com.br\/n1\/wp-json\/wp\/v2\/categories?post=22244"},{"taxonomy":"post_tag","embeddable":true,"href":"https:\/\/novosaopaulo.com.br\/n1\/wp-json\/wp\/v2\/tags?post=22244"}],"curies":[{"name":"wp","href":"https:\/\/api.w.org\/{rel}","templated":true}]}}