{"id":22231,"date":"2025-02-03T17:15:32","date_gmt":"2025-02-03T20:15:32","guid":{"rendered":"https:\/\/novosaopaulo.com.br\/n1\/?p=22231"},"modified":"2025-02-03T17:15:33","modified_gmt":"2025-02-03T20:15:33","slug":"sao-paulo-celebra-o-ano-novo-chines-com-espetaculos-gratuitos-de-danca-tradicional-da-china","status":"publish","type":"post","link":"https:\/\/novosaopaulo.com.br\/n1\/sao-paulo-celebra-o-ano-novo-chines-com-espetaculos-gratuitos-de-danca-tradicional-da-china\/","title":{"rendered":"S\u00e3o Paulo celebra o Ano Novo Chin\u00eas com espet\u00e1culos gratuitos de dan\u00e7a tradicional da China"},"content":{"rendered":"\n<p>Espet\u00e1culo &#8220;Cores da China&#8221; ser\u00e1 exibido em duas sess\u00f5es no Teatro Gazeta<\/p>\n\n\n\n<p>Em comemora\u00e7\u00e3o ao Ano Novo Chin\u00eas, um dos eventos mais importantes da cultura chinesa, S\u00e3o Paulo recebe o Grupo de Dan\u00e7as da Universidade Minzu do Centro-Sul da China para apresenta\u00e7\u00f5es gratuitas. O espet\u00e1culo \u201cCores da China\u201d acontecer\u00e1 no dia 8 de fevereiro, no Teatro Gazeta, localizado na Avenida Paulista.<\/p>\n\n\n\n<p>O evento, realizado pelo Instituto Sociocultural Brasil China (Ibrachina) e pelo Minist\u00e9rio da Cultura, trar\u00e1 duas sess\u00f5es no mesmo dia: \u00e0s 11h e \u00e0s 15h. Com capacidade para 700 lugares, a entrada \u00e9 franca, mediante reserva antecipada pela plataforma Sympla.<\/p>\n\n\n\n<p>Em 2025, marca o Ano da Serpente no calend\u00e1rio lunar chin\u00eas, um per\u00edodo associado \u00e0 sa\u00fade, crescimento e estabilidade. Com dan\u00e7a, m\u00fasica instrumental e outras express\u00f5es art\u00edsticas, o espet\u00e1culo celebra a rica heran\u00e7a cultural das minorias \u00e9tnicas chinesas, combinando tradi\u00e7\u00e3o e diversidade.<\/p>\n\n\n\n<p>A Universidade Minzu do Centro-Sul, sediada em Wuhan, \u00e9 reconhecida como refer\u00eancia na promo\u00e7\u00e3o da cultura das minorias \u00e9tnicas. Fundada em 1951, sua Escola de M\u00fasica e Dan\u00e7a conquistou pr\u00eamios em competi\u00e7\u00f5es nacionais e internacionais, com apresenta\u00e7\u00f5es realizadas em mais de 10 pa\u00edses.<\/p>\n\n\n\n<p>O evento \u00e9 realizado pelo Instituto Sociocultural Brasil-China (Ibrachina), a Universidade Minzu do Centro-Sul da China e o Minist\u00e9rio da Cultura por meio de financiamento da Lei de Incentivo \u00e0 Cultura (Lei Rouanet). O evento \u00e9 organizado pela Comiss\u00e3o Nacional de Assuntos \u00c9tnicos da China, pela Embaixada da China no Brasil e pelo Consulado da China em S\u00e3o Paulo. Tem o Instituto Conf\u00facio na UNESP como parceiro e apoio do Chinese Bridge Club in S\u00e3o Paulo e da State Grid. Patroc\u00ednio de BYD e CPFL Energia.<\/p>\n\n\n\n<p>Servi\u00e7o<br>Espet\u00e1culo: \u201cCores da China\u201d<br>Data: 8 de fevereiro de 2025<br>Hor\u00e1rios: Apresenta\u00e7\u00e3o 1 \u2013 11:00 e Apresenta\u00e7\u00e3o 2 \u2013 15:00<br>Local: Teatro Gazeta \u2013 Av. Paulista, 900 \u2013 Bela Vista, S\u00e3o Paulo<br>Capacidade: 700 lugares<br>Ingressos: Gratuitos, mediante reserva pelo Sympla<br>Classifica\u00e7\u00e3o: Livre<br>Acessibilidade: Espa\u00e7o adaptado para cadeirantes e int\u00e9rprete de libras na sess\u00e3o<\/p>\n\n\n\n<p>OBS: Para maior comodidade, \u00e9 recomendado chegar 1 hora antes do hor\u00e1rio marcado no ingressos<\/p>\n\n\n\n<p>Sobre o Ibrachina<\/p>\n\n\n\n<p>Fundado em 2018 pelo Dr. Thomas Law, advogado, o Ibrachina \u00e9 um Instituto sociocultural que tem como finalidade promover a integra\u00e7\u00e3o entre as culturas e os povos do Brasil, China e de pa\u00edses que falam a l\u00edngua portuguesa. O Ibrachina atua em parceria com universidades, entidades e associa\u00e7\u00f5es, al\u00e9m de fazer parte das Frentes Parlamentares Brasil\/China, BRICS, criadas pela C\u00e2mara dos Deputados, e de Coopera\u00e7\u00e3o Pol\u00edtica Cultural entre Brasil, China, Coreia e Jap\u00e3o, da C\u00e2mara Municipal de S\u00e3o Paulo.<\/p>\n\n\n\n<figure class=\"wp-block-image size-full\"><img fetchpriority=\"high\" decoding=\"async\" width=\"799\" height=\"533\" src=\"https:\/\/novosaopaulo.com.br\/n1\/wp-content\/uploads\/2025\/02\/WhatsApp-Image-2025-02-03-at-15.14.24.jpeg\" alt=\"\" class=\"wp-image-22232\" srcset=\"https:\/\/novosaopaulo.com.br\/n1\/wp-content\/uploads\/2025\/02\/WhatsApp-Image-2025-02-03-at-15.14.24.jpeg 799w, https:\/\/novosaopaulo.com.br\/n1\/wp-content\/uploads\/2025\/02\/WhatsApp-Image-2025-02-03-at-15.14.24-300x200.jpeg 300w, https:\/\/novosaopaulo.com.br\/n1\/wp-content\/uploads\/2025\/02\/WhatsApp-Image-2025-02-03-at-15.14.24-768x512.jpeg 768w\" sizes=\"(max-width: 799px) 100vw, 799px\" \/><\/figure>\n","protected":false},"excerpt":{"rendered":"<p>Espet\u00e1culo &#8220;Cores da China&#8221; ser\u00e1 exibido em duas sess\u00f5es no Teatro Gazeta Em comemora\u00e7\u00e3o ao&#8230;<\/p>\n","protected":false},"author":1,"featured_media":22233,"comment_status":"open","ping_status":"open","sticky":false,"template":"","format":"standard","meta":{"footnotes":""},"categories":[2],"tags":[],"featured_image_urls":{"full":["https:\/\/novosaopaulo.com.br\/n1\/wp-content\/uploads\/2025\/02\/WhatsApp-Image-2025-02-03-at-15.13.53.jpeg",1201,801,false],"thumbnail":["https:\/\/novosaopaulo.com.br\/n1\/wp-content\/uploads\/2025\/02\/WhatsApp-Image-2025-02-03-at-15.13.53-150x150.jpeg",150,150,true],"medium":["https:\/\/novosaopaulo.com.br\/n1\/wp-content\/uploads\/2025\/02\/WhatsApp-Image-2025-02-03-at-15.13.53-300x200.jpeg",300,200,true],"medium_large":["https:\/\/novosaopaulo.com.br\/n1\/wp-content\/uploads\/2025\/02\/WhatsApp-Image-2025-02-03-at-15.13.53-768x512.jpeg",640,427,true],"large":["https:\/\/novosaopaulo.com.br\/n1\/wp-content\/uploads\/2025\/02\/WhatsApp-Image-2025-02-03-at-15.13.53-1024x683.jpeg",640,427,true],"1536x1536":["https:\/\/novosaopaulo.com.br\/n1\/wp-content\/uploads\/2025\/02\/WhatsApp-Image-2025-02-03-at-15.13.53.jpeg",1201,801,false],"2048x2048":["https:\/\/novosaopaulo.com.br\/n1\/wp-content\/uploads\/2025\/02\/WhatsApp-Image-2025-02-03-at-15.13.53.jpeg",1201,801,false],"newsever-slider-full":["https:\/\/novosaopaulo.com.br\/n1\/wp-content\/uploads\/2025\/02\/WhatsApp-Image-2025-02-03-at-15.13.53.jpeg",1201,801,false],"newsever-featured":["https:\/\/novosaopaulo.com.br\/n1\/wp-content\/uploads\/2025\/02\/WhatsApp-Image-2025-02-03-at-15.13.53-1024x683.jpeg",1024,683,true],"newsever-medium":["https:\/\/novosaopaulo.com.br\/n1\/wp-content\/uploads\/2025\/02\/WhatsApp-Image-2025-02-03-at-15.13.53-720x475.jpeg",720,475,true]},"author_info":{"display_name":"Reda\u00e7\u00e3o","author_link":"https:\/\/novosaopaulo.com.br\/n1\/author\/g5poa\/"},"category_info":"<a href=\"https:\/\/novosaopaulo.com.br\/n1\/category\/cidades\/\" rel=\"category tag\">Cidades<\/a>","tag_info":"Cidades","comment_count":"0","_links":{"self":[{"href":"https:\/\/novosaopaulo.com.br\/n1\/wp-json\/wp\/v2\/posts\/22231"}],"collection":[{"href":"https:\/\/novosaopaulo.com.br\/n1\/wp-json\/wp\/v2\/posts"}],"about":[{"href":"https:\/\/novosaopaulo.com.br\/n1\/wp-json\/wp\/v2\/types\/post"}],"author":[{"embeddable":true,"href":"https:\/\/novosaopaulo.com.br\/n1\/wp-json\/wp\/v2\/users\/1"}],"replies":[{"embeddable":true,"href":"https:\/\/novosaopaulo.com.br\/n1\/wp-json\/wp\/v2\/comments?post=22231"}],"version-history":[{"count":1,"href":"https:\/\/novosaopaulo.com.br\/n1\/wp-json\/wp\/v2\/posts\/22231\/revisions"}],"predecessor-version":[{"id":22234,"href":"https:\/\/novosaopaulo.com.br\/n1\/wp-json\/wp\/v2\/posts\/22231\/revisions\/22234"}],"wp:featuredmedia":[{"embeddable":true,"href":"https:\/\/novosaopaulo.com.br\/n1\/wp-json\/wp\/v2\/media\/22233"}],"wp:attachment":[{"href":"https:\/\/novosaopaulo.com.br\/n1\/wp-json\/wp\/v2\/media?parent=22231"}],"wp:term":[{"taxonomy":"category","embeddable":true,"href":"https:\/\/novosaopaulo.com.br\/n1\/wp-json\/wp\/v2\/categories?post=22231"},{"taxonomy":"post_tag","embeddable":true,"href":"https:\/\/novosaopaulo.com.br\/n1\/wp-json\/wp\/v2\/tags?post=22231"}],"curies":[{"name":"wp","href":"https:\/\/api.w.org\/{rel}","templated":true}]}}