{"id":22206,"date":"2025-02-01T15:10:48","date_gmt":"2025-02-01T18:10:48","guid":{"rendered":"https:\/\/novosaopaulo.com.br\/n1\/?p=22206"},"modified":"2025-02-01T15:10:49","modified_gmt":"2025-02-01T18:10:49","slug":"van-irregular-em-poa","status":"publish","type":"post","link":"https:\/\/novosaopaulo.com.br\/n1\/van-irregular-em-poa\/","title":{"rendered":"Van irregular em Po\u00e1"},"content":{"rendered":"\n<p>Esta van estava hoje de manh\u00e3, 1\u2070 de fevereiro, no ponto de \u00f4nibus da esta\u00e7\u00e3o de Po\u00e1, captando passageiros para Aruj\u00e1. Se transporte por van \u00e9 proibido em Po\u00e1, por que est\u00e1 atuando na cidade? Com a palavra, a Secretaria de Transportes de Po\u00e1.<br>Falando na Secretaria de Transportes, todos sabem que \u00e9 come\u00e7o de mandato, mas ainda n\u00e3o deu tempo de consertar o sem\u00e1foro para pedestres do t\u00fanel? At\u00e9 agora est\u00e1 apagado, deixando os pedestres sem saber a hora de atravessar. Muitas pessoas quase foram atropeladas ali, todos achavam que consertar esse sem\u00e1foro seria uma das prioridades e n\u00e3o est\u00e1 sendo.<\/p>\n","protected":false},"excerpt":{"rendered":"<p>Esta van estava hoje de manh\u00e3, 1\u2070 de fevereiro, no ponto de \u00f4nibus da esta\u00e7\u00e3o&#8230;<\/p>\n","protected":false},"author":1,"featured_media":22207,"comment_status":"open","ping_status":"open","sticky":false,"template":"","format":"standard","meta":{"footnotes":""},"categories":[8],"tags":[],"featured_image_urls":{"full":["https:\/\/novosaopaulo.com.br\/n1\/wp-content\/uploads\/2025\/02\/WhatsApp-Image-2025-02-01-at-14.04.26.jpeg",338,371,false],"thumbnail":["https:\/\/novosaopaulo.com.br\/n1\/wp-content\/uploads\/2025\/02\/WhatsApp-Image-2025-02-01-at-14.04.26-150x150.jpeg",150,150,true],"medium":["https:\/\/novosaopaulo.com.br\/n1\/wp-content\/uploads\/2025\/02\/WhatsApp-Image-2025-02-01-at-14.04.26-273x300.jpeg",273,300,true],"medium_large":["https:\/\/novosaopaulo.com.br\/n1\/wp-content\/uploads\/2025\/02\/WhatsApp-Image-2025-02-01-at-14.04.26.jpeg",338,371,false],"large":["https:\/\/novosaopaulo.com.br\/n1\/wp-content\/uploads\/2025\/02\/WhatsApp-Image-2025-02-01-at-14.04.26.jpeg",338,371,false],"1536x1536":["https:\/\/novosaopaulo.com.br\/n1\/wp-content\/uploads\/2025\/02\/WhatsApp-Image-2025-02-01-at-14.04.26.jpeg",338,371,false],"2048x2048":["https:\/\/novosaopaulo.com.br\/n1\/wp-content\/uploads\/2025\/02\/WhatsApp-Image-2025-02-01-at-14.04.26.jpeg",338,371,false],"newsever-slider-full":["https:\/\/novosaopaulo.com.br\/n1\/wp-content\/uploads\/2025\/02\/WhatsApp-Image-2025-02-01-at-14.04.26.jpeg",338,371,false],"newsever-featured":["https:\/\/novosaopaulo.com.br\/n1\/wp-content\/uploads\/2025\/02\/WhatsApp-Image-2025-02-01-at-14.04.26.jpeg",338,371,false],"newsever-medium":["https:\/\/novosaopaulo.com.br\/n1\/wp-content\/uploads\/2025\/02\/WhatsApp-Image-2025-02-01-at-14.04.26.jpeg",338,371,false]},"author_info":{"display_name":"Reda\u00e7\u00e3o","author_link":"https:\/\/novosaopaulo.com.br\/n1\/author\/g5poa\/"},"category_info":"<a href=\"https:\/\/novosaopaulo.com.br\/n1\/category\/poa\/\" rel=\"category tag\">Po\u00e1<\/a>","tag_info":"Po\u00e1","comment_count":"0","_links":{"self":[{"href":"https:\/\/novosaopaulo.com.br\/n1\/wp-json\/wp\/v2\/posts\/22206"}],"collection":[{"href":"https:\/\/novosaopaulo.com.br\/n1\/wp-json\/wp\/v2\/posts"}],"about":[{"href":"https:\/\/novosaopaulo.com.br\/n1\/wp-json\/wp\/v2\/types\/post"}],"author":[{"embeddable":true,"href":"https:\/\/novosaopaulo.com.br\/n1\/wp-json\/wp\/v2\/users\/1"}],"replies":[{"embeddable":true,"href":"https:\/\/novosaopaulo.com.br\/n1\/wp-json\/wp\/v2\/comments?post=22206"}],"version-history":[{"count":1,"href":"https:\/\/novosaopaulo.com.br\/n1\/wp-json\/wp\/v2\/posts\/22206\/revisions"}],"predecessor-version":[{"id":22208,"href":"https:\/\/novosaopaulo.com.br\/n1\/wp-json\/wp\/v2\/posts\/22206\/revisions\/22208"}],"wp:featuredmedia":[{"embeddable":true,"href":"https:\/\/novosaopaulo.com.br\/n1\/wp-json\/wp\/v2\/media\/22207"}],"wp:attachment":[{"href":"https:\/\/novosaopaulo.com.br\/n1\/wp-json\/wp\/v2\/media?parent=22206"}],"wp:term":[{"taxonomy":"category","embeddable":true,"href":"https:\/\/novosaopaulo.com.br\/n1\/wp-json\/wp\/v2\/categories?post=22206"},{"taxonomy":"post_tag","embeddable":true,"href":"https:\/\/novosaopaulo.com.br\/n1\/wp-json\/wp\/v2\/tags?post=22206"}],"curies":[{"name":"wp","href":"https:\/\/api.w.org\/{rel}","templated":true}]}}