{"id":22186,"date":"2025-01-31T15:43:22","date_gmt":"2025-01-31T18:43:22","guid":{"rendered":"https:\/\/novosaopaulo.com.br\/n1\/?p=22186"},"modified":"2025-01-31T15:43:23","modified_gmt":"2025-01-31T18:43:23","slug":"educacao-de-poa-inicia-ano-letivo-e-firma-parceria-com-o-estado-para-reforcar-alfabetizacao","status":"publish","type":"post","link":"https:\/\/novosaopaulo.com.br\/n1\/educacao-de-poa-inicia-ano-letivo-e-firma-parceria-com-o-estado-para-reforcar-alfabetizacao\/","title":{"rendered":"Educa\u00e7\u00e3o de Po\u00e1 inicia ano letivo e firma parceria com o Estado para refor\u00e7ar alfabetiza\u00e7\u00e3o"},"content":{"rendered":"\n<p>Evento realizado na Pra\u00e7a de Eventos reuniu milhares de servidores da Rede Municipal de Ensino<\/p>\n\n\n\n<p>Em um grande encontro realizado nesta segunda-feira (27) para os profissionais da Rede Municipal de Ensino, o prefeito Saulo Souza e o secret\u00e1rio de Educa\u00e7\u00e3o, Diego Moreira, deram in\u00edcio ao ano letivo de 2025. Durante o evento, que aconteceu na Pra\u00e7a de Eventos Luc\u00edlia Gomes Felippe, foi assinado um Acordo de Coopera\u00e7\u00e3o T\u00e9cnica com o Governo do Estado para a implanta\u00e7\u00e3o do Programa Alfabetiza Juntos SP.<\/p>\n\n\n\n<p>A parceria foi anunciada juntamente com a assessora t\u00e9cnica da Secretaria de Estado da Educa\u00e7\u00e3o e membro do Conselho Estadual de Educa\u00e7\u00e3o, M\u00e1rcia Bernardes. Segundo ela, a iniciativa visa unir os munic\u00edpios e as diretorias de ensino com o objetivo de atingir a alfabetiza\u00e7\u00e3o de crian\u00e7as at\u00e9 os 7 anos de idade. &#8220;O governo estadual n\u00e3o faz distin\u00e7\u00e3o entre os alunos da rede municipal e estadual. Para o programa Alfabetiza Juntos s\u00e3o todos alunos da rede p\u00fablica e \u00e9 por isso que estamos juntos nesse regime de colabora\u00e7\u00e3o. N\u00f3s entendemos, enquanto Estado, que quanto melhor esse aluno for formado, melhor ele chegar\u00e1 na rede estadual de ensino&#8221;, destacou.<\/p>\n\n\n\n<p>Para o prefeito Saulo Souza, a parceria ser\u00e1 importante para melhorar o ensino e levar a educa\u00e7\u00e3o de Po\u00e1 para o pr\u00f3ximo n\u00edvel. \u201cCom essa a\u00e7\u00e3o, queremos garantir o direito \u00e0 alfabetiza\u00e7\u00e3o das crian\u00e7as na idade adequada, oferecendo um ensino de qualidade e promovendo o desenvolvimento integral dos alunos, com as mesmas oportunidades para todos\u201d, ressaltou.<\/p>\n\n\n\n<p>A reuni\u00e3o foi realizada nos per\u00edodos da manh\u00e3 e da tarde e contou tamb\u00e9m com a presen\u00e7a da primeira-dama e presidente do Fundo Social, Flavia Souza; do vice-prefeito e secret\u00e1rio de Seguran\u00e7a, Eliardo Jord\u00e3o; do presidente da C\u00e2mara, Lucas Ferrari; do secret\u00e1rio de Governo, Saul Souza; da dirigente regional de Ensino de Itaquaquecetuba, Viviane Ara\u00fajo Melo; da assessora de Rela\u00e7\u00f5es Institucionais da Secretaria de Educa\u00e7\u00e3o da Prefeitura de S\u00e3o Paulo, Stella Varzola; da professora doutora em Educa\u00e7\u00e3o, Em\u00edlia Cipriano, que ministrou a palestra \u201cOs Saberes e Sabores de Ser Professor\u201d, al\u00e9m de demais vereadores e secret\u00e1rios municipais que tamb\u00e9m prestigiaram o encontro.<\/p>\n\n\n\n<p>Para o chefe da pasta de Educa\u00e7\u00e3o de Po\u00e1, al\u00e9m de marcar o in\u00edcio do ano letivo, a a\u00e7\u00e3o foi uma oportunidade para apresentar as novas diretrizes da atual gest\u00e3o e dar as boas-vindas aos servidores que retornam do per\u00edodo de f\u00e9rias e recesso escolar. \u201cApresentamos a nova administra\u00e7\u00e3o, a equipe da Educa\u00e7\u00e3o e as propostas para elevar o patamar da educa\u00e7\u00e3o poaense. Nosso planejamento para 2025 coloca a crian\u00e7a no centro da aprendizagem, com inclus\u00e3o, profissionaliza\u00e7\u00e3o e gest\u00e3o qualificada\u201d, enfatizou.<\/p>\n\n\n\n<p>Vale-refei\u00e7\u00e3o<br>Durante o evento, que reuniu todo o quadro de apoio escolar e pedag\u00f3gico, incluindo servidores terceirizados, merendeiras, inspetores de alunos, agentes operacionais e administrativos, auxiliares de creche, gestores, coordenadores e professores, o prefeito aproveitou para anunciar uma boa not\u00edcia aos profissionais. \u201cPela primeira vez estamos reunindo toda a fam\u00edlia escolar para participar, juntos, da abertura do ano letivo no munic\u00edpio. Vamos sempre valorizar os profissionais da Educa\u00e7\u00e3o de Po\u00e1. Um exemplo disso \u00e9 a retomada do vale-alimenta\u00e7\u00e3o para nossos servidores a partir do pr\u00f3ximo m\u00eas\u201d, destacou o prefeito.<\/p>\n","protected":false},"excerpt":{"rendered":"<p>Evento realizado na Pra\u00e7a de Eventos reuniu milhares de servidores da Rede Municipal de Ensino&#8230;<\/p>\n","protected":false},"author":1,"featured_media":22187,"comment_status":"open","ping_status":"open","sticky":false,"template":"","format":"standard","meta":{"footnotes":""},"categories":[8],"tags":[],"featured_image_urls":{"full":["https:\/\/novosaopaulo.com.br\/n1\/wp-content\/uploads\/2025\/01\/Evento_abertura-ano-letivo-Poa.jpg",556,308,false],"thumbnail":["https:\/\/novosaopaulo.com.br\/n1\/wp-content\/uploads\/2025\/01\/Evento_abertura-ano-letivo-Poa-150x150.jpg",150,150,true],"medium":["https:\/\/novosaopaulo.com.br\/n1\/wp-content\/uploads\/2025\/01\/Evento_abertura-ano-letivo-Poa-300x166.jpg",300,166,true],"medium_large":["https:\/\/novosaopaulo.com.br\/n1\/wp-content\/uploads\/2025\/01\/Evento_abertura-ano-letivo-Poa.jpg",556,308,false],"large":["https:\/\/novosaopaulo.com.br\/n1\/wp-content\/uploads\/2025\/01\/Evento_abertura-ano-letivo-Poa.jpg",556,308,false],"1536x1536":["https:\/\/novosaopaulo.com.br\/n1\/wp-content\/uploads\/2025\/01\/Evento_abertura-ano-letivo-Poa.jpg",556,308,false],"2048x2048":["https:\/\/novosaopaulo.com.br\/n1\/wp-content\/uploads\/2025\/01\/Evento_abertura-ano-letivo-Poa.jpg",556,308,false],"newsever-slider-full":["https:\/\/novosaopaulo.com.br\/n1\/wp-content\/uploads\/2025\/01\/Evento_abertura-ano-letivo-Poa.jpg",556,308,false],"newsever-featured":["https:\/\/novosaopaulo.com.br\/n1\/wp-content\/uploads\/2025\/01\/Evento_abertura-ano-letivo-Poa.jpg",556,308,false],"newsever-medium":["https:\/\/novosaopaulo.com.br\/n1\/wp-content\/uploads\/2025\/01\/Evento_abertura-ano-letivo-Poa.jpg",556,308,false]},"author_info":{"display_name":"Reda\u00e7\u00e3o","author_link":"https:\/\/novosaopaulo.com.br\/n1\/author\/g5poa\/"},"category_info":"<a href=\"https:\/\/novosaopaulo.com.br\/n1\/category\/poa\/\" rel=\"category tag\">Po\u00e1<\/a>","tag_info":"Po\u00e1","comment_count":"0","_links":{"self":[{"href":"https:\/\/novosaopaulo.com.br\/n1\/wp-json\/wp\/v2\/posts\/22186"}],"collection":[{"href":"https:\/\/novosaopaulo.com.br\/n1\/wp-json\/wp\/v2\/posts"}],"about":[{"href":"https:\/\/novosaopaulo.com.br\/n1\/wp-json\/wp\/v2\/types\/post"}],"author":[{"embeddable":true,"href":"https:\/\/novosaopaulo.com.br\/n1\/wp-json\/wp\/v2\/users\/1"}],"replies":[{"embeddable":true,"href":"https:\/\/novosaopaulo.com.br\/n1\/wp-json\/wp\/v2\/comments?post=22186"}],"version-history":[{"count":1,"href":"https:\/\/novosaopaulo.com.br\/n1\/wp-json\/wp\/v2\/posts\/22186\/revisions"}],"predecessor-version":[{"id":22188,"href":"https:\/\/novosaopaulo.com.br\/n1\/wp-json\/wp\/v2\/posts\/22186\/revisions\/22188"}],"wp:featuredmedia":[{"embeddable":true,"href":"https:\/\/novosaopaulo.com.br\/n1\/wp-json\/wp\/v2\/media\/22187"}],"wp:attachment":[{"href":"https:\/\/novosaopaulo.com.br\/n1\/wp-json\/wp\/v2\/media?parent=22186"}],"wp:term":[{"taxonomy":"category","embeddable":true,"href":"https:\/\/novosaopaulo.com.br\/n1\/wp-json\/wp\/v2\/categories?post=22186"},{"taxonomy":"post_tag","embeddable":true,"href":"https:\/\/novosaopaulo.com.br\/n1\/wp-json\/wp\/v2\/tags?post=22186"}],"curies":[{"name":"wp","href":"https:\/\/api.w.org\/{rel}","templated":true}]}}