{"id":22183,"date":"2025-01-31T15:42:08","date_gmt":"2025-01-31T18:42:08","guid":{"rendered":"https:\/\/novosaopaulo.com.br\/n1\/?p=22183"},"modified":"2025-01-31T15:42:09","modified_gmt":"2025-01-31T18:42:09","slug":"vereador-joao-sabugo-solicita-ecoponto-para-o-jardim-casa-branca","status":"publish","type":"post","link":"https:\/\/novosaopaulo.com.br\/n1\/vereador-joao-sabugo-solicita-ecoponto-para-o-jardim-casa-branca\/","title":{"rendered":"Vereador Jo\u00e3o Sabugo solicita ecoponto para o Jardim Casa Branca"},"content":{"rendered":"\n<p>O vereador Jo\u00e3o Batista Nogueira de Azevedo (PRD), o Jo\u00e3o Sabugo, esteve com o secret\u00e1rio de Meio Ambiente, Andr\u00e9 Chiang, para solicitar a instala\u00e7\u00e3o de uma unidade de ecoponto no Jardim Casa Branca, para o descarte apropriado de res\u00edduos que n\u00e3o s\u00e3o atendidos pela coleta seletiva. A reuni\u00e3o foi realizada ontem (29), quando o parlamentar tamb\u00e9m entregou um of\u00edcio com o pedido ao chefe da pasta.<\/p>\n\n\n\n<p>No documento, Jo\u00e3o Sabugo salienta que, nos \u00faltimos anos, a regi\u00e3o da Casa Branca \u201ccresceu de maneira exponencial\u201d e est\u00e1 muito pr\u00f3xima de regi\u00f5es que s\u00e3o \u00e1reas de \u201cprote\u00e7\u00e3o e preserva\u00e7\u00e3o do patrim\u00f4nio ambiental natural de Suzano\u201d. Para o vereador, o ecoponto ir\u00e1 propiciar o descarte correto de lixo e reduzir o impacto ambiental; atender a uma popula\u00e7\u00e3o economicamente de baixa renda, melhorando o custo de vida; incentivar a separa\u00e7\u00e3o correta dos res\u00edduos, facilitando a reciclagem e o tratamento apropriado de cada material; impactar na melhoria da sa\u00fade f\u00edsica e mental; e melhorar o aspecto visual das ruas dos bairros da regi\u00e3o, como Sete Cruzes, Jardim Sa\u00fade, Caxang\u00e1 e Vila Barros.<\/p>\n\n\n\n<p>Jo\u00e3o Sabugo ainda destacou que a implanta\u00e7\u00e3o de um ecoponto na Casa Branca vai ao encontro do Plano de Governo do prefeito Pedro Ishi (PL). \u201cA proposta foi muito bem vista pelo secret\u00e1rio\u201d, afirmou o vereador, que ir\u00e1 acompanhar o andamento da solicita\u00e7\u00e3o.<\/p>\n","protected":false},"excerpt":{"rendered":"<p>O vereador Jo\u00e3o Batista Nogueira de Azevedo (PRD), o Jo\u00e3o Sabugo, esteve com o secret\u00e1rio&#8230;<\/p>\n","protected":false},"author":1,"featured_media":22184,"comment_status":"open","ping_status":"open","sticky":false,"template":"","format":"standard","meta":{"footnotes":""},"categories":[2],"tags":[],"featured_image_urls":{"full":["https:\/\/novosaopaulo.com.br\/n1\/wp-content\/uploads\/2025\/01\/Vereador-Joao-Sabugo-e-secretario-Andre-Chiang_Divulgacao.jpeg",624,416,false],"thumbnail":["https:\/\/novosaopaulo.com.br\/n1\/wp-content\/uploads\/2025\/01\/Vereador-Joao-Sabugo-e-secretario-Andre-Chiang_Divulgacao-150x150.jpeg",150,150,true],"medium":["https:\/\/novosaopaulo.com.br\/n1\/wp-content\/uploads\/2025\/01\/Vereador-Joao-Sabugo-e-secretario-Andre-Chiang_Divulgacao-300x200.jpeg",300,200,true],"medium_large":["https:\/\/novosaopaulo.com.br\/n1\/wp-content\/uploads\/2025\/01\/Vereador-Joao-Sabugo-e-secretario-Andre-Chiang_Divulgacao.jpeg",624,416,false],"large":["https:\/\/novosaopaulo.com.br\/n1\/wp-content\/uploads\/2025\/01\/Vereador-Joao-Sabugo-e-secretario-Andre-Chiang_Divulgacao.jpeg",624,416,false],"1536x1536":["https:\/\/novosaopaulo.com.br\/n1\/wp-content\/uploads\/2025\/01\/Vereador-Joao-Sabugo-e-secretario-Andre-Chiang_Divulgacao.jpeg",624,416,false],"2048x2048":["https:\/\/novosaopaulo.com.br\/n1\/wp-content\/uploads\/2025\/01\/Vereador-Joao-Sabugo-e-secretario-Andre-Chiang_Divulgacao.jpeg",624,416,false],"newsever-slider-full":["https:\/\/novosaopaulo.com.br\/n1\/wp-content\/uploads\/2025\/01\/Vereador-Joao-Sabugo-e-secretario-Andre-Chiang_Divulgacao.jpeg",624,416,false],"newsever-featured":["https:\/\/novosaopaulo.com.br\/n1\/wp-content\/uploads\/2025\/01\/Vereador-Joao-Sabugo-e-secretario-Andre-Chiang_Divulgacao.jpeg",624,416,false],"newsever-medium":["https:\/\/novosaopaulo.com.br\/n1\/wp-content\/uploads\/2025\/01\/Vereador-Joao-Sabugo-e-secretario-Andre-Chiang_Divulgacao.jpeg",624,416,false]},"author_info":{"display_name":"Reda\u00e7\u00e3o","author_link":"https:\/\/novosaopaulo.com.br\/n1\/author\/g5poa\/"},"category_info":"<a href=\"https:\/\/novosaopaulo.com.br\/n1\/category\/cidades\/\" rel=\"category tag\">Cidades<\/a>","tag_info":"Cidades","comment_count":"0","_links":{"self":[{"href":"https:\/\/novosaopaulo.com.br\/n1\/wp-json\/wp\/v2\/posts\/22183"}],"collection":[{"href":"https:\/\/novosaopaulo.com.br\/n1\/wp-json\/wp\/v2\/posts"}],"about":[{"href":"https:\/\/novosaopaulo.com.br\/n1\/wp-json\/wp\/v2\/types\/post"}],"author":[{"embeddable":true,"href":"https:\/\/novosaopaulo.com.br\/n1\/wp-json\/wp\/v2\/users\/1"}],"replies":[{"embeddable":true,"href":"https:\/\/novosaopaulo.com.br\/n1\/wp-json\/wp\/v2\/comments?post=22183"}],"version-history":[{"count":1,"href":"https:\/\/novosaopaulo.com.br\/n1\/wp-json\/wp\/v2\/posts\/22183\/revisions"}],"predecessor-version":[{"id":22185,"href":"https:\/\/novosaopaulo.com.br\/n1\/wp-json\/wp\/v2\/posts\/22183\/revisions\/22185"}],"wp:featuredmedia":[{"embeddable":true,"href":"https:\/\/novosaopaulo.com.br\/n1\/wp-json\/wp\/v2\/media\/22184"}],"wp:attachment":[{"href":"https:\/\/novosaopaulo.com.br\/n1\/wp-json\/wp\/v2\/media?parent=22183"}],"wp:term":[{"taxonomy":"category","embeddable":true,"href":"https:\/\/novosaopaulo.com.br\/n1\/wp-json\/wp\/v2\/categories?post=22183"},{"taxonomy":"post_tag","embeddable":true,"href":"https:\/\/novosaopaulo.com.br\/n1\/wp-json\/wp\/v2\/tags?post=22183"}],"curies":[{"name":"wp","href":"https:\/\/api.w.org\/{rel}","templated":true}]}}