{"id":22146,"date":"2025-01-29T19:32:24","date_gmt":"2025-01-29T22:32:24","guid":{"rendered":"https:\/\/novosaopaulo.com.br\/n1\/?p=22146"},"modified":"2025-01-29T19:32:24","modified_gmt":"2025-01-29T22:32:24","slug":"passos-da-dora","status":"publish","type":"post","link":"https:\/\/novosaopaulo.com.br\/n1\/passos-da-dora\/","title":{"rendered":"Passos da Dora"},"content":{"rendered":"\n<p>Nesse s\u00e1bado (1\/fev) \u00e0s 14h a P4 Produ\u00e7\u00f5es realizar\u00e1 a Oficina de Gest\u00e3o de Projetos no Espa\u00e7o Cultural Opereta que fica na Rua Dr Em\u00edlio Ribas, 168 na Vila Sopreter em Po\u00e1 gratuitamente e sem inscri\u00e7\u00e3o pr\u00e9via. Esta \u00e9 a primeira atividade p\u00fablica da Lei Paulo Gustavo (LPG) em Po\u00e1.<br>Esta oficina \u00e9 a contrapartida do projeto Passos da Dora, um curta metragem documental contemplado no edital 01\/2024 de Audiovisual que contar\u00e1 a hist\u00f3ria de Dora Nunes, (82 anos) e sua participa\u00e7\u00e3o nas 20 edi\u00e7\u00f5es do Passos da Paix\u00e3o, o maior espet\u00e1culo ao ar livre do Alto Tiet\u00ea que sempre acontecia na Sexta Feira Santa em Po\u00e1.<br>Na oficina, os interessados poder\u00e3o ter conhecimento de como se organizar para a presta\u00e7\u00e3o de contas final, principalmente dos projetos contemplados com a LPG na cidade. Ser\u00e3o tratados temas como a presta\u00e7\u00e3o de contas art\u00edstica, presta\u00e7\u00e3o de contas financeira, al\u00e9m de entender melhor o Termo de Execu\u00e7\u00e3o Cultural, este \u00faltimo instrumento do Minist\u00e9rio da Cultura e que est\u00e1 sendo aplicado no pa\u00eds todo.<br>Fernandes Junior, ministrador da oficina, acredita que este \u00e9 o melhor momento para a oficina acontecer: \u201cUma boa presta\u00e7\u00e3o de contas come\u00e7a com o proponente dos projetos se organizando a partir do momento em que o recurso financeiro cai na conta. Ent\u00e3o, para ficar mais f\u00e1cil l\u00e1 na frente, \u00e9 necess\u00e1rio entender tudo agora para evitar problemas futuros\u201d, salienta.<br>Mas a oficina tamb\u00e9m vai servir para aqueles que pretendem se inscrever em editais futuros na cidade haja visto que Po\u00e1 ter\u00e1 pela frente 5 edi\u00e7\u00f5es da Pol\u00edtica Nacional Aldir Blanc e tamb\u00e9m para produtores culturais da regi\u00e3o do Alto Tiet\u00ea.<br>Para o diretor do curta, Jeff Castanheira, a equipe est\u00e1 muito empolgada com a produ\u00e7\u00e3o do filme e tamb\u00e9m com as 3 exibi\u00e7\u00f5es que est\u00e3o previstas para acontecer ainda nesse semestre: \u201cA Dora \u00e9 um patrim\u00f4nio imaterial da cidade de Po\u00e1. Mulher, m\u00e3e, av\u00f3 e atriz se misturaram nessa carreira \u00fanica que precisa ser contada por ela e por aqueles que viveram com ela essas experi\u00eancias todas. Vai ser muito emocionante ver a rea\u00e7\u00e3o do p\u00fablico durante e depois das exibi\u00e7\u00f5es\u201d, revela.<\/p>\n","protected":false},"excerpt":{"rendered":"<p>Nesse s\u00e1bado (1\/fev) \u00e0s 14h a P4 Produ\u00e7\u00f5es realizar\u00e1 a Oficina de Gest\u00e3o de Projetos&#8230;<\/p>\n","protected":false},"author":1,"featured_media":22147,"comment_status":"open","ping_status":"open","sticky":false,"template":"","format":"standard","meta":{"footnotes":""},"categories":[45],"tags":[],"featured_image_urls":{"full":["https:\/\/novosaopaulo.com.br\/n1\/wp-content\/uploads\/2025\/01\/WhatsApp-Image-2025-01-29-at-11.22.22.jpeg",720,1080,false],"thumbnail":["https:\/\/novosaopaulo.com.br\/n1\/wp-content\/uploads\/2025\/01\/WhatsApp-Image-2025-01-29-at-11.22.22-150x150.jpeg",150,150,true],"medium":["https:\/\/novosaopaulo.com.br\/n1\/wp-content\/uploads\/2025\/01\/WhatsApp-Image-2025-01-29-at-11.22.22-200x300.jpeg",200,300,true],"medium_large":["https:\/\/novosaopaulo.com.br\/n1\/wp-content\/uploads\/2025\/01\/WhatsApp-Image-2025-01-29-at-11.22.22.jpeg",640,960,false],"large":["https:\/\/novosaopaulo.com.br\/n1\/wp-content\/uploads\/2025\/01\/WhatsApp-Image-2025-01-29-at-11.22.22-683x1024.jpeg",640,960,true],"1536x1536":["https:\/\/novosaopaulo.com.br\/n1\/wp-content\/uploads\/2025\/01\/WhatsApp-Image-2025-01-29-at-11.22.22.jpeg",720,1080,false],"2048x2048":["https:\/\/novosaopaulo.com.br\/n1\/wp-content\/uploads\/2025\/01\/WhatsApp-Image-2025-01-29-at-11.22.22.jpeg",720,1080,false],"newsever-slider-full":["https:\/\/novosaopaulo.com.br\/n1\/wp-content\/uploads\/2025\/01\/WhatsApp-Image-2025-01-29-at-11.22.22-720x845.jpeg",720,845,true],"newsever-featured":["https:\/\/novosaopaulo.com.br\/n1\/wp-content\/uploads\/2025\/01\/WhatsApp-Image-2025-01-29-at-11.22.22.jpeg",720,1080,false],"newsever-medium":["https:\/\/novosaopaulo.com.br\/n1\/wp-content\/uploads\/2025\/01\/WhatsApp-Image-2025-01-29-at-11.22.22-720x475.jpeg",720,475,true]},"author_info":{"display_name":"Reda\u00e7\u00e3o","author_link":"https:\/\/novosaopaulo.com.br\/n1\/author\/g5poa\/"},"category_info":"<a href=\"https:\/\/novosaopaulo.com.br\/n1\/category\/cultura\/\" rel=\"category tag\">Cultura<\/a>","tag_info":"Cultura","comment_count":"0","_links":{"self":[{"href":"https:\/\/novosaopaulo.com.br\/n1\/wp-json\/wp\/v2\/posts\/22146"}],"collection":[{"href":"https:\/\/novosaopaulo.com.br\/n1\/wp-json\/wp\/v2\/posts"}],"about":[{"href":"https:\/\/novosaopaulo.com.br\/n1\/wp-json\/wp\/v2\/types\/post"}],"author":[{"embeddable":true,"href":"https:\/\/novosaopaulo.com.br\/n1\/wp-json\/wp\/v2\/users\/1"}],"replies":[{"embeddable":true,"href":"https:\/\/novosaopaulo.com.br\/n1\/wp-json\/wp\/v2\/comments?post=22146"}],"version-history":[{"count":1,"href":"https:\/\/novosaopaulo.com.br\/n1\/wp-json\/wp\/v2\/posts\/22146\/revisions"}],"predecessor-version":[{"id":22148,"href":"https:\/\/novosaopaulo.com.br\/n1\/wp-json\/wp\/v2\/posts\/22146\/revisions\/22148"}],"wp:featuredmedia":[{"embeddable":true,"href":"https:\/\/novosaopaulo.com.br\/n1\/wp-json\/wp\/v2\/media\/22147"}],"wp:attachment":[{"href":"https:\/\/novosaopaulo.com.br\/n1\/wp-json\/wp\/v2\/media?parent=22146"}],"wp:term":[{"taxonomy":"category","embeddable":true,"href":"https:\/\/novosaopaulo.com.br\/n1\/wp-json\/wp\/v2\/categories?post=22146"},{"taxonomy":"post_tag","embeddable":true,"href":"https:\/\/novosaopaulo.com.br\/n1\/wp-json\/wp\/v2\/tags?post=22146"}],"curies":[{"name":"wp","href":"https:\/\/api.w.org\/{rel}","templated":true}]}}