{"id":22090,"date":"2025-01-22T13:56:27","date_gmt":"2025-01-22T16:56:27","guid":{"rendered":"https:\/\/novosaopaulo.com.br\/n1\/?p=22090"},"modified":"2025-01-22T13:56:28","modified_gmt":"2025-01-22T16:56:28","slug":"itaqua-promove-circuito-de-palestras-sobre-liberdade-religiosa","status":"publish","type":"post","link":"https:\/\/novosaopaulo.com.br\/n1\/itaqua-promove-circuito-de-palestras-sobre-liberdade-religiosa\/","title":{"rendered":"Itaqu\u00e1 promove circuito de palestras sobre liberdade religiosa"},"content":{"rendered":"\n<p>Atividades v\u00e3o ocorrer nos CRAS e CEMI entre 23 e 31 de janeiro<\/p>\n\n\n\n<p>A Secretaria de Desenvolvimento Social de Itaquaquecetuba vai realizar, a partir desta quinta-feira (23), uma s\u00e9rie de palestras e rodas de conversa voltadas ao tema &#8220;Liberdade religiosa e liberdade de culto&#8221;. Os eventos v\u00e3o ocorrer nas unidades do Centro de Refer\u00eancia de Assist\u00eancia Social (CRAS) e do Centro de Conviv\u00eancia da Melhor Idade (CEMI) para promover o di\u00e1logo e a reflex\u00e3o.<\/p>\n\n\n\n<p>\u201cQueremos refor\u00e7ar que a liberdade religiosa \u00e9 um princ\u00edpio fundamental que assegura a todos a liberdade de professar e praticar sua f\u00e9, sem discrimina\u00e7\u00e3o ou intoler\u00e2ncia. A a\u00e7\u00e3o tamb\u00e9m busca fortalecer os la\u00e7os de respeito e conviv\u00eancia entre as pessoas e suas cren\u00e7as\u201d, explicou a secret\u00e1ria de Desenvolvimento Social, Elaine Loureiro.<\/p>\n\n\n\n<p>Na quinta (23), \u00e0s 10h, a programa\u00e7\u00e3o se inicia no CRAS Recanto M\u00f4nica (rua Gov. Adhemar Pereira Barros, 222) e na sexta (24), \u00e0s 8h30, no CEMI (av. \u00cdtalo Adami, 136 &#8211; Vila Zeferina). Na segunda (27), \u00e0s 9h, as atividades ocorrem no Morro Branco (av. \u00cdtalo Adami, 2.023) e na ter\u00e7a (28), \u00e0s 9h30, no Caiuby (rua Ribeir\u00e3o Preto, 9) e, \u00e0s 10h, no Paineira (rua Serra dos Caraj\u00e1s, 570). Por fim, na sexta (31), \u00e0s 9h30, ser\u00e1 na Quinta da Boa Vista (estr. de S\u00e3o Bento, 1.691).<\/p>\n\n\n\n<p>\u201cDefendemos o livre direito de express\u00e3o de todas as religi\u00f5es e por isso \u00e9 fundamental espalharmos o respeito e a empatia por todas as cren\u00e7as. N\u00e3o \u00e9 poss\u00edvel tolerarmos qualquer discrimina\u00e7\u00e3o, ainda mais de ordem religiosa\u201d, completou o prefeito Eduardo Boigues.<\/p>\n\n\n\n<p>Fotos: Dayane Oliveira<\/p>\n\n\n<div class=\"wp-block-image\">\n<figure class=\"aligncenter size-full\"><img fetchpriority=\"high\" decoding=\"async\" width=\"560\" height=\"357\" src=\"https:\/\/novosaopaulo.com.br\/n1\/wp-content\/uploads\/2025\/01\/WhatsApp-Image-2025-01-22-at-10.35.57.jpeg\" alt=\"\" class=\"wp-image-22091\" srcset=\"https:\/\/novosaopaulo.com.br\/n1\/wp-content\/uploads\/2025\/01\/WhatsApp-Image-2025-01-22-at-10.35.57.jpeg 560w, https:\/\/novosaopaulo.com.br\/n1\/wp-content\/uploads\/2025\/01\/WhatsApp-Image-2025-01-22-at-10.35.57-300x191.jpeg 300w\" sizes=\"(max-width: 560px) 100vw, 560px\" \/><\/figure><\/div>","protected":false},"excerpt":{"rendered":"<p>Atividades v\u00e3o ocorrer nos CRAS e CEMI entre 23 e 31 de janeiro A Secretaria&#8230;<\/p>\n","protected":false},"author":1,"featured_media":22092,"comment_status":"open","ping_status":"open","sticky":false,"template":"","format":"standard","meta":{"footnotes":""},"categories":[34],"tags":[],"featured_image_urls":{"full":["https:\/\/novosaopaulo.com.br\/n1\/wp-content\/uploads\/2025\/01\/WhatsApp-Image-2025-01-22-at-10.35.57-1.jpeg",560,375,false],"thumbnail":["https:\/\/novosaopaulo.com.br\/n1\/wp-content\/uploads\/2025\/01\/WhatsApp-Image-2025-01-22-at-10.35.57-1-150x150.jpeg",150,150,true],"medium":["https:\/\/novosaopaulo.com.br\/n1\/wp-content\/uploads\/2025\/01\/WhatsApp-Image-2025-01-22-at-10.35.57-1-300x201.jpeg",300,201,true],"medium_large":["https:\/\/novosaopaulo.com.br\/n1\/wp-content\/uploads\/2025\/01\/WhatsApp-Image-2025-01-22-at-10.35.57-1.jpeg",560,375,false],"large":["https:\/\/novosaopaulo.com.br\/n1\/wp-content\/uploads\/2025\/01\/WhatsApp-Image-2025-01-22-at-10.35.57-1.jpeg",560,375,false],"1536x1536":["https:\/\/novosaopaulo.com.br\/n1\/wp-content\/uploads\/2025\/01\/WhatsApp-Image-2025-01-22-at-10.35.57-1.jpeg",560,375,false],"2048x2048":["https:\/\/novosaopaulo.com.br\/n1\/wp-content\/uploads\/2025\/01\/WhatsApp-Image-2025-01-22-at-10.35.57-1.jpeg",560,375,false],"newsever-slider-full":["https:\/\/novosaopaulo.com.br\/n1\/wp-content\/uploads\/2025\/01\/WhatsApp-Image-2025-01-22-at-10.35.57-1.jpeg",560,375,false],"newsever-featured":["https:\/\/novosaopaulo.com.br\/n1\/wp-content\/uploads\/2025\/01\/WhatsApp-Image-2025-01-22-at-10.35.57-1.jpeg",560,375,false],"newsever-medium":["https:\/\/novosaopaulo.com.br\/n1\/wp-content\/uploads\/2025\/01\/WhatsApp-Image-2025-01-22-at-10.35.57-1.jpeg",560,375,false]},"author_info":{"display_name":"Reda\u00e7\u00e3o","author_link":"https:\/\/novosaopaulo.com.br\/n1\/author\/g5poa\/"},"category_info":"<a href=\"https:\/\/novosaopaulo.com.br\/n1\/category\/alto-tiete\/\" rel=\"category tag\">Alto Tiet\u00ea<\/a>","tag_info":"Alto Tiet\u00ea","comment_count":"0","_links":{"self":[{"href":"https:\/\/novosaopaulo.com.br\/n1\/wp-json\/wp\/v2\/posts\/22090"}],"collection":[{"href":"https:\/\/novosaopaulo.com.br\/n1\/wp-json\/wp\/v2\/posts"}],"about":[{"href":"https:\/\/novosaopaulo.com.br\/n1\/wp-json\/wp\/v2\/types\/post"}],"author":[{"embeddable":true,"href":"https:\/\/novosaopaulo.com.br\/n1\/wp-json\/wp\/v2\/users\/1"}],"replies":[{"embeddable":true,"href":"https:\/\/novosaopaulo.com.br\/n1\/wp-json\/wp\/v2\/comments?post=22090"}],"version-history":[{"count":1,"href":"https:\/\/novosaopaulo.com.br\/n1\/wp-json\/wp\/v2\/posts\/22090\/revisions"}],"predecessor-version":[{"id":22093,"href":"https:\/\/novosaopaulo.com.br\/n1\/wp-json\/wp\/v2\/posts\/22090\/revisions\/22093"}],"wp:featuredmedia":[{"embeddable":true,"href":"https:\/\/novosaopaulo.com.br\/n1\/wp-json\/wp\/v2\/media\/22092"}],"wp:attachment":[{"href":"https:\/\/novosaopaulo.com.br\/n1\/wp-json\/wp\/v2\/media?parent=22090"}],"wp:term":[{"taxonomy":"category","embeddable":true,"href":"https:\/\/novosaopaulo.com.br\/n1\/wp-json\/wp\/v2\/categories?post=22090"},{"taxonomy":"post_tag","embeddable":true,"href":"https:\/\/novosaopaulo.com.br\/n1\/wp-json\/wp\/v2\/tags?post=22090"}],"curies":[{"name":"wp","href":"https:\/\/api.w.org\/{rel}","templated":true}]}}