{"id":22087,"date":"2025-01-22T13:54:24","date_gmt":"2025-01-22T16:54:24","guid":{"rendered":"https:\/\/novosaopaulo.com.br\/n1\/?p=22087"},"modified":"2025-01-22T13:54:24","modified_gmt":"2025-01-22T16:54:24","slug":"saulo-souza-recebe-secretario-de-estado-e-garante-pacote-de-obras-estruturantes-para-poa","status":"publish","type":"post","link":"https:\/\/novosaopaulo.com.br\/n1\/saulo-souza-recebe-secretario-de-estado-e-garante-pacote-de-obras-estruturantes-para-poa\/","title":{"rendered":"Saulo Souza recebe secret\u00e1rio de Estado e garante pacote de obras estruturantes para Po\u00e1"},"content":{"rendered":"\n<p>Al\u00e7as de sa\u00edda para o Rodoanel, mudan\u00e7as no portal de entrada pela SP-66 e o alargamento do c\u00f3rrego Itaim para o fim das enchentes est\u00e3o entre as melhorias confirmadas por Rafael Benini<\/p>\n\n\n\n<p>Po\u00e1 receber\u00e1 um pacote de investimentos estaduais para realiza\u00e7\u00e3o de obras estruturantes que permitir\u00e3o melhorar a mobilidade urbana na cidade, por meio de al\u00e7as de sa\u00edda do Trecho Leste do Rodoanel M\u00e1rio Covas, reestruturar o portal de entrada da cidade pela rodovia Henrique Eroles (SP-66), al\u00e9m de combater \u00e0s enchentes na regi\u00e3o central com o alargamento do c\u00f3rrego Itaim. As melhorias foram garantidas nesta segunda-feira (20\/01) pelo secret\u00e1rio de Parcerias em Investimentos do Estado, Rafael Benini, que esteve na cidade em reuni\u00e3o com o prefeito Saulo Souza.<\/p>\n\n\n\n<p>Durante encontro, o chefe da pasta estadual recebeu as demandas do munic\u00edpio e afirmou que parte das melhorias estar\u00e3o previstas no contrato de concess\u00e3o das Linhas 11-Coral e 12-Safira da Companhia Paulista de Trens Metropolitanos (CPTM). Entre elas as obras de conten\u00e7\u00e3o de enchentes e alagamentos. A expectativa \u00e9 que seja feito o alargamento do c\u00f3rrego Itaim e criado um novo canal.<\/p>\n\n\n\n<p>Outro pedido feito pelo prefeito de Po\u00e1 e atendido por Benini diz respeito \u00e0s duas sa\u00eddas do Rodoanel pela estrada Padre Eust\u00e1quio, permitindo que o poaense possa acessar e sair do anel vi\u00e1rio no pr\u00f3prio munic\u00edpio. Tamb\u00e9m foi decidido que a manuten\u00e7\u00e3o da Passagem Subterr\u00e2nea \u201cAntonio Mantarano\u201d e da Casa da Esta\u00e7\u00e3o, localizadas no centro, passar\u00e1 a ser de responsabilidade da CPTM.<\/p>\n\n\n\n<p>\u201cTivemos uma conversa muito produtiva com o prefeito Saulo, que acompanhou as audi\u00eancias e debates sobre a concess\u00e3o das linhas antes mesmo de se eleger e j\u00e1 tinha apresentado seus pedidos. Nesse encontro de hoje ele exp\u00f4s demandas hist\u00f3ricas da cidade e n\u00f3s vamos trabalhar para atender o m\u00e1ximo poss\u00edvel porque realmente n\u00f3s vimos a necessidade de fazer esses investimentos em Po\u00e1. O que foi debatido aqui n\u00f3s conseguimos implementar\u201d, destacou o secret\u00e1rio de Estado de Parcerias em Investimentos.<\/p>\n\n\n\n<p>Esta\u00e7\u00f5es<\/p>\n\n\n\n<p>Durante sua passagem por Po\u00e1, Benini tamb\u00e9m reafirmou o compromisso de modernizar e ampliar as esta\u00e7\u00f5es de trem do centro e de Calmon Viana, em Po\u00e1, bem como reformar as seis passarelas da cidade, com investimento de R$ 355 milh\u00f5es por parte do Governo do Estado.<\/p>\n\n\n\n<p>A esta\u00e7\u00e3o de Calmon Viana ser\u00e1 ampliada e receber\u00e1 uma passarela coberta, enquanto a de Po\u00e1 ser\u00e1 beneficiada com a cobertura total das plataformas e da passarela j\u00e1 existente. As duas receber\u00e3o adequa\u00e7\u00f5es para melhoria das condi\u00e7\u00f5es de conforto e acessibilidade para os usu\u00e1rios.<\/p>\n\n\n\n<p>Sobre as passarelas, de acordo com a Secretaria de Parcerias em Investimentos do Estado, as seis existentes no munic\u00edpio receber\u00e3o melhorias importantes que incluem acessibilidade, moderniza\u00e7\u00e3o e monitoramento por meio de c\u00e2meras de seguran\u00e7a.<\/p>\n\n\n\n<p>\u201cHoje \u00e9 mais um dia hist\u00f3rico para Po\u00e1 porque conseguimos os investimentos em obras estruturantes que s\u00e3o muito importantes para o desenvolvimento da nossa cidade. Teremos al\u00e7as de sa\u00edda do Rodoanel, vamos combater as enchentes que causam a paralisa\u00e7\u00e3o das linhas de trem que cortam o munic\u00edpio, vamos ter um novo portal para acessar a cidade com mais fluidez e seguran\u00e7a e contaremos com esta\u00e7\u00f5es realmente acess\u00edveis e modernas para atender nossa popula\u00e7\u00e3o como ela merece\u201d, finalizou o prefeito.<\/p>\n\n\n\n<p>Cr\u00e9dito imagens: Nivaldo Alves<\/p>\n","protected":false},"excerpt":{"rendered":"<p>Al\u00e7as de sa\u00edda para o Rodoanel, mudan\u00e7as no portal de entrada pela SP-66 e o&#8230;<\/p>\n","protected":false},"author":1,"featured_media":22088,"comment_status":"open","ping_status":"open","sticky":false,"template":"","format":"standard","meta":{"footnotes":""},"categories":[8],"tags":[],"featured_image_urls":{"full":["https:\/\/novosaopaulo.com.br\/n1\/wp-content\/uploads\/2025\/01\/WhatsApp-Image-2025-01-22-at-10.12.55.jpeg",448,299,false],"thumbnail":["https:\/\/novosaopaulo.com.br\/n1\/wp-content\/uploads\/2025\/01\/WhatsApp-Image-2025-01-22-at-10.12.55-150x150.jpeg",150,150,true],"medium":["https:\/\/novosaopaulo.com.br\/n1\/wp-content\/uploads\/2025\/01\/WhatsApp-Image-2025-01-22-at-10.12.55-300x200.jpeg",300,200,true],"medium_large":["https:\/\/novosaopaulo.com.br\/n1\/wp-content\/uploads\/2025\/01\/WhatsApp-Image-2025-01-22-at-10.12.55.jpeg",448,299,false],"large":["https:\/\/novosaopaulo.com.br\/n1\/wp-content\/uploads\/2025\/01\/WhatsApp-Image-2025-01-22-at-10.12.55.jpeg",448,299,false],"1536x1536":["https:\/\/novosaopaulo.com.br\/n1\/wp-content\/uploads\/2025\/01\/WhatsApp-Image-2025-01-22-at-10.12.55.jpeg",448,299,false],"2048x2048":["https:\/\/novosaopaulo.com.br\/n1\/wp-content\/uploads\/2025\/01\/WhatsApp-Image-2025-01-22-at-10.12.55.jpeg",448,299,false],"newsever-slider-full":["https:\/\/novosaopaulo.com.br\/n1\/wp-content\/uploads\/2025\/01\/WhatsApp-Image-2025-01-22-at-10.12.55.jpeg",448,299,false],"newsever-featured":["https:\/\/novosaopaulo.com.br\/n1\/wp-content\/uploads\/2025\/01\/WhatsApp-Image-2025-01-22-at-10.12.55.jpeg",448,299,false],"newsever-medium":["https:\/\/novosaopaulo.com.br\/n1\/wp-content\/uploads\/2025\/01\/WhatsApp-Image-2025-01-22-at-10.12.55.jpeg",448,299,false]},"author_info":{"display_name":"Reda\u00e7\u00e3o","author_link":"https:\/\/novosaopaulo.com.br\/n1\/author\/g5poa\/"},"category_info":"<a href=\"https:\/\/novosaopaulo.com.br\/n1\/category\/poa\/\" rel=\"category tag\">Po\u00e1<\/a>","tag_info":"Po\u00e1","comment_count":"0","_links":{"self":[{"href":"https:\/\/novosaopaulo.com.br\/n1\/wp-json\/wp\/v2\/posts\/22087"}],"collection":[{"href":"https:\/\/novosaopaulo.com.br\/n1\/wp-json\/wp\/v2\/posts"}],"about":[{"href":"https:\/\/novosaopaulo.com.br\/n1\/wp-json\/wp\/v2\/types\/post"}],"author":[{"embeddable":true,"href":"https:\/\/novosaopaulo.com.br\/n1\/wp-json\/wp\/v2\/users\/1"}],"replies":[{"embeddable":true,"href":"https:\/\/novosaopaulo.com.br\/n1\/wp-json\/wp\/v2\/comments?post=22087"}],"version-history":[{"count":1,"href":"https:\/\/novosaopaulo.com.br\/n1\/wp-json\/wp\/v2\/posts\/22087\/revisions"}],"predecessor-version":[{"id":22089,"href":"https:\/\/novosaopaulo.com.br\/n1\/wp-json\/wp\/v2\/posts\/22087\/revisions\/22089"}],"wp:featuredmedia":[{"embeddable":true,"href":"https:\/\/novosaopaulo.com.br\/n1\/wp-json\/wp\/v2\/media\/22088"}],"wp:attachment":[{"href":"https:\/\/novosaopaulo.com.br\/n1\/wp-json\/wp\/v2\/media?parent=22087"}],"wp:term":[{"taxonomy":"category","embeddable":true,"href":"https:\/\/novosaopaulo.com.br\/n1\/wp-json\/wp\/v2\/categories?post=22087"},{"taxonomy":"post_tag","embeddable":true,"href":"https:\/\/novosaopaulo.com.br\/n1\/wp-json\/wp\/v2\/tags?post=22087"}],"curies":[{"name":"wp","href":"https:\/\/api.w.org\/{rel}","templated":true}]}}