{"id":22047,"date":"2025-01-19T00:13:24","date_gmt":"2025-01-19T03:13:24","guid":{"rendered":"https:\/\/novosaopaulo.com.br\/n1\/?p=22047"},"modified":"2025-01-19T00:13:24","modified_gmt":"2025-01-19T03:13:24","slug":"desligamento-de-professores-auxiliares-gera-revolta-em-suzano","status":"publish","type":"post","link":"https:\/\/novosaopaulo.com.br\/n1\/desligamento-de-professores-auxiliares-gera-revolta-em-suzano\/","title":{"rendered":"Desligamento de professores auxiliares gera revolta em Suzano"},"content":{"rendered":"\n<p>A demiss\u00e3o de v\u00e1rios professores auxiliares em algumas escolas estaduais de Suzano, provocou revolta e reclama\u00e7\u00f5es, tanto dos profissionais como de pais de alunos com defici\u00eancias.<br>A educa\u00e7\u00e3o especial foi criada para atender necessidades espec\u00edficas de alunos deficientes e com dificuldades de aprendizagem. Assim, os professores auxiliares oferecem atendimento individualizado, garantindo que o aluno tenha oportunidades iguais de acesso \u00e0 educa\u00e7\u00e3o. Mas nos \u00faltimos dias, a Seduc, Secretaria de Educa\u00e7\u00e3o, deu ordem para o desligamento de v\u00e1rios professores, reduzindo o n\u00famero de profissionais para atender a demanda da educa\u00e7\u00e3o especial.<br>A determina\u00e7\u00e3o \u00e9 para ter apenas um professor auxiliar por turno, um de manh\u00e3 e outro \u00e0 tarde, o que vai resultar em apenas um professor para at\u00e9 cinco crian\u00e7as. Nesse cen\u00e1rio, ser\u00e1 comprometida a qualidade do atendimento prestado e do aprendizado, pois o professor ter\u00e1 dificuldades para fazer o acompanhamento individual.<br>A falta de professores tamb\u00e9m dever\u00e1 impactar o desenvolvimento escolar e emocional dos alunos com necessidades especiais, ocasionando um retrocesso em tudo que foi conquistado at\u00e9 agora e colocando em risco o princ\u00edpio da educa\u00e7\u00e3o inclusiva, que \u00e9 justamente a igualdade de oportunidades para todos os alunos.<br>Os professores tamb\u00e9m denunciam que o Estado est\u00e1 descumprindo ordens judiciais. Muitos alunos t\u00eam professores auxiliares garantidos por liminares e at\u00e9 esses professores foram desligados, sendo que a liminar \u00e9 individualizada para cada aluno. Outra reclama\u00e7\u00e3o \u00e9 que o Estado aproveitou o recesso judici\u00e1rio para fazer as demiss\u00f5es. Os professores pretendem pedir apoio de deputados estaduais, Minist\u00e9rio Publico e respons\u00e1veis pelos alunos para derrubar essa determina\u00e7\u00e3o que coloca em risco a educa\u00e7\u00e3o inclusiva.<\/p>\n","protected":false},"excerpt":{"rendered":"<p>A demiss\u00e3o de v\u00e1rios professores auxiliares em algumas escolas estaduais de Suzano, provocou revolta e&#8230;<\/p>\n","protected":false},"author":1,"featured_media":22048,"comment_status":"open","ping_status":"open","sticky":false,"template":"","format":"standard","meta":{"footnotes":""},"categories":[34],"tags":[],"featured_image_urls":{"full":["https:\/\/novosaopaulo.com.br\/n1\/wp-content\/uploads\/2025\/01\/WhatsApp-Image-2025-01-19-at-00.10.56.jpeg",1008,1600,false],"thumbnail":["https:\/\/novosaopaulo.com.br\/n1\/wp-content\/uploads\/2025\/01\/WhatsApp-Image-2025-01-19-at-00.10.56-150x150.jpeg",150,150,true],"medium":["https:\/\/novosaopaulo.com.br\/n1\/wp-content\/uploads\/2025\/01\/WhatsApp-Image-2025-01-19-at-00.10.56-189x300.jpeg",189,300,true],"medium_large":["https:\/\/novosaopaulo.com.br\/n1\/wp-content\/uploads\/2025\/01\/WhatsApp-Image-2025-01-19-at-00.10.56-768x1219.jpeg",640,1016,true],"large":["https:\/\/novosaopaulo.com.br\/n1\/wp-content\/uploads\/2025\/01\/WhatsApp-Image-2025-01-19-at-00.10.56-645x1024.jpeg",640,1016,true],"1536x1536":["https:\/\/novosaopaulo.com.br\/n1\/wp-content\/uploads\/2025\/01\/WhatsApp-Image-2025-01-19-at-00.10.56-968x1536.jpeg",968,1536,true],"2048x2048":["https:\/\/novosaopaulo.com.br\/n1\/wp-content\/uploads\/2025\/01\/WhatsApp-Image-2025-01-19-at-00.10.56.jpeg",1008,1600,false],"newsever-slider-full":["https:\/\/novosaopaulo.com.br\/n1\/wp-content\/uploads\/2025\/01\/WhatsApp-Image-2025-01-19-at-00.10.56-1008x845.jpeg",1008,845,true],"newsever-featured":["https:\/\/novosaopaulo.com.br\/n1\/wp-content\/uploads\/2025\/01\/WhatsApp-Image-2025-01-19-at-00.10.56.jpeg",1008,1600,false],"newsever-medium":["https:\/\/novosaopaulo.com.br\/n1\/wp-content\/uploads\/2025\/01\/WhatsApp-Image-2025-01-19-at-00.10.56-720x475.jpeg",720,475,true]},"author_info":{"display_name":"Reda\u00e7\u00e3o","author_link":"https:\/\/novosaopaulo.com.br\/n1\/author\/g5poa\/"},"category_info":"<a href=\"https:\/\/novosaopaulo.com.br\/n1\/category\/alto-tiete\/\" rel=\"category tag\">Alto Tiet\u00ea<\/a>","tag_info":"Alto Tiet\u00ea","comment_count":"0","_links":{"self":[{"href":"https:\/\/novosaopaulo.com.br\/n1\/wp-json\/wp\/v2\/posts\/22047"}],"collection":[{"href":"https:\/\/novosaopaulo.com.br\/n1\/wp-json\/wp\/v2\/posts"}],"about":[{"href":"https:\/\/novosaopaulo.com.br\/n1\/wp-json\/wp\/v2\/types\/post"}],"author":[{"embeddable":true,"href":"https:\/\/novosaopaulo.com.br\/n1\/wp-json\/wp\/v2\/users\/1"}],"replies":[{"embeddable":true,"href":"https:\/\/novosaopaulo.com.br\/n1\/wp-json\/wp\/v2\/comments?post=22047"}],"version-history":[{"count":1,"href":"https:\/\/novosaopaulo.com.br\/n1\/wp-json\/wp\/v2\/posts\/22047\/revisions"}],"predecessor-version":[{"id":22049,"href":"https:\/\/novosaopaulo.com.br\/n1\/wp-json\/wp\/v2\/posts\/22047\/revisions\/22049"}],"wp:featuredmedia":[{"embeddable":true,"href":"https:\/\/novosaopaulo.com.br\/n1\/wp-json\/wp\/v2\/media\/22048"}],"wp:attachment":[{"href":"https:\/\/novosaopaulo.com.br\/n1\/wp-json\/wp\/v2\/media?parent=22047"}],"wp:term":[{"taxonomy":"category","embeddable":true,"href":"https:\/\/novosaopaulo.com.br\/n1\/wp-json\/wp\/v2\/categories?post=22047"},{"taxonomy":"post_tag","embeddable":true,"href":"https:\/\/novosaopaulo.com.br\/n1\/wp-json\/wp\/v2\/tags?post=22047"}],"curies":[{"name":"wp","href":"https:\/\/api.w.org\/{rel}","templated":true}]}}