{"id":21936,"date":"2025-01-14T18:44:15","date_gmt":"2025-01-14T21:44:15","guid":{"rendered":"https:\/\/novosaopaulo.com.br\/n1\/?p=21936"},"modified":"2025-01-14T18:44:16","modified_gmt":"2025-01-14T21:44:16","slug":"espaco-opereta-reabre-as-portas-de-visual-novo-apos-reforma","status":"publish","type":"post","link":"https:\/\/novosaopaulo.com.br\/n1\/espaco-opereta-reabre-as-portas-de-visual-novo-apos-reforma\/","title":{"rendered":"Espa\u00e7o Opereta reabre as portas de visual novo ap\u00f3s reforma"},"content":{"rendered":"\n<p>Local recebeu melhorias na infraestrutura e novas ilustra\u00e7\u00f5es; neste s\u00e1bado (18), programa\u00e7\u00e3o come\u00e7ar\u00e1 \u00e0s 17h com exibi\u00e7\u00e3o de curta-metragem e entrega de certificados<\/p>\n\n\n\n<p>Ap\u00f3s nove meses de reforma e um breve recesso de final de ano, o Espa\u00e7o Cultural Opereta, em Po\u00e1-SP, reabrir\u00e1 suas portas ao p\u00fablico neste s\u00e1bado com um coquetel e uma programa\u00e7\u00e3o cultural para celebrar os trabalhos e os artistas que participaram dessa revitaliza\u00e7\u00e3o. A atividade come\u00e7a a partir das 17 horas e a classifica\u00e7\u00e3o \u00e9 Livre.<\/p>\n\n\n\n<p>Ao chegar no espa\u00e7o cultural, o p\u00fablico j\u00e1 vai notar a diferen\u00e7a logo na fachada. As paredes ganharam novas ilustra\u00e7\u00f5es feitas por artistas visuais contratados pela associa\u00e7\u00e3o. Participaram deste trabalho os artistas, Al\u00ea 140, Shiro, Brenna Lyra, William Ferro, Ricardo (Irm\u00e3o), Jhony Uriel e Wesley (Coletivo Barbane). As artes s\u00e3o de estilos variados como pintura em parede, grafite, entre outros.<\/p>\n\n\n\n<p>Outro destaque desta revitaliza\u00e7\u00e3o \u00e9 a cria\u00e7\u00e3o do novo camarim, que agora ficar\u00e1 atr\u00e1s das cortinas do espa\u00e7o c\u00eanico. O espa\u00e7o ganhou nova estrutura el\u00e9trica e hidr\u00e1ulica, forro amadeirado em PVC, pintura, mobili\u00e1rio e acesso ao banheiro e \u00e0 \u00e1rea externa. Uma comodidade para os artistas que forem se apresentar no espa\u00e7o cultural.<\/p>\n\n\n\n<p>Som<\/p>\n\n\n\n<p>A estrutura t\u00e9cnica de som tamb\u00e9m passou por manuten\u00e7\u00e3o e moderniza\u00e7\u00e3o com novos equipamentos como caixas, cabos, microfones sem fio, entre outros. A \u00e1rea c\u00eanica conta ainda com o novo lin\u00f3leo, um piso emborrachado apropriado para apresenta\u00e7\u00f5es art\u00edsticas.<\/p>\n\n\n\n<p>As mam\u00e3es tamb\u00e9m podem sentir o espa\u00e7o mais acolhedor com a instala\u00e7\u00e3o de um frald\u00e1rio no banheiro de entrada do espa\u00e7o, uma requisi\u00e7\u00e3o antiga das frequentadoras da Opereta, que n\u00e3o tinham um local adequado para cuidar de seus beb\u00eas.<\/p>\n\n\n\n<p>\u00c1rea verde<\/p>\n\n\n\n<p>No quintal, o terreno passou por readequa\u00e7\u00e3o do sistema de esgotamento sanit\u00e1rio, ro\u00e7agem e limpeza de terreno para que em breve, outras a\u00e7\u00f5es sejam desenvolvidas no local. Neste espa\u00e7o tamb\u00e9m houve a reforma da ed\u00edcula, com a instala\u00e7\u00e3o de uma pia, tanque e um novo banheiro.<\/p>\n\n\n\n<p>Durante todo o per\u00edodo de reforma, o Espa\u00e7o Cultural Opereta n\u00e3o deixou de funcionar. Segundo a diretoria da associa\u00e7\u00e3o, houve a necessidade de um bom planejamento e adequa\u00e7\u00f5es na agenda para garantir a manuten\u00e7\u00e3o das a\u00e7\u00f5es e eventos realizados, como as oficinas culturais, por exemplo. Todo esse investimento recebeu apoio da Secretaria de Estado da Cultura, Economia e Ind\u00fastrias Criativas de S\u00e3o Paulo, por meio do Programa de A\u00e7\u00e3o Cultural (ProAC Editais 2023).<\/p>\n\n\n\n<p>Programa\u00e7\u00e3o<\/p>\n\n\n\n<p>Para esta reabertura, a Opereta preparou uma programa\u00e7\u00e3o que contar\u00e1 com a exibi\u00e7\u00e3o do filme \u201cEstrela, Estrela\u201d, dirigido por Nat\u00e1lia Rodrigues de Souza, exibido no 1\u00ba Festival de Cinema de Ferraz de Vasconcelos. Trata-se de um curta-metragem que narra a hist\u00f3ria de Ana, uma menina apaixonada pelo universo. Apesar dos desafios que enfrenta em sua vida, Ana descobre conforto e inspira\u00e7\u00e3o no brilho das estrelas. No elenco est\u00e3o as atrizes Priscila Klesse e a pequena Ana Beatrice. A produ\u00e7\u00e3o \u00e9 de Thabata Vecchio. A classifica\u00e7\u00e3o indicativa \u00e9 Livre.<\/p>\n\n\n\n<p>Na sequ\u00eancia haver\u00e1 a entrega dos certificados aos alunos da 15\u00aa edi\u00e7\u00e3o das oficinas culturais do projeto M\u00e3os \u00e0 Obra. Realizado ao longo de sete meses, os cursos de forma\u00e7\u00e3o art\u00edstica desenvolvidos em 2024 foram divididos em dois ciclos nas \u00e1reas de Montagem de Espet\u00e1culo, Viv\u00eancia Teatral, Inicia\u00e7\u00e3o ao Italiano, Inicia\u00e7\u00e3o ao Viol\u00e3o, Vozes e Cantos e BrincArte (para crian\u00e7as). Al\u00e9m disso, ao longo do ano houve tamb\u00e9m workshops nas \u00e1reas de Figurino e Costura, Maquiagem para Teatro, Fotografia e Cenografia. O projeto M\u00e3os \u00e0 Obra conta com o apoio da Secretaria de Cultura de Po\u00e1, por meio dos Termos de Fomento n\u00ba 026 e 027\/2024.<\/p>\n\n\n\n<p>SERVI\u00c7O<\/p>\n\n\n\n<p>Reabertura da Opereta<\/p>\n\n\n\n<p>Data: 18\/01<\/p>\n\n\n\n<p>Hor\u00e1rio: 17h<\/p>\n\n\n\n<p>Classifica\u00e7\u00e3o: Livre<\/p>\n\n\n\n<p>Valor: Gr\u00e1tis<\/p>\n\n\n\n<p>Local: Espa\u00e7o Cultural Opereta &#8211; R. Dr. Em\u00edlio Ribas, 168 &#8211; Vila Sopreter, Po\u00e1 SP<\/p>\n\n\n\n<p>Capacidade: 100 pessoas<\/p>\n\n\n\n<p>Informa\u00e7\u00f5es: 11 4634-1175 (WhatsApp)<\/p>\n\n\n\n<figure class=\"wp-block-image size-large\"><img fetchpriority=\"high\" decoding=\"async\" width=\"1024\" height=\"683\" src=\"https:\/\/novosaopaulo.com.br\/n1\/wp-content\/uploads\/2025\/01\/Foto-Turma-de-Montagem-de-Espetaculo@Giulia-Martins-1024x683.jpg\" alt=\"\" class=\"wp-image-21937\" srcset=\"https:\/\/novosaopaulo.com.br\/n1\/wp-content\/uploads\/2025\/01\/Foto-Turma-de-Montagem-de-Espetaculo@Giulia-Martins-1024x683.jpg 1024w, https:\/\/novosaopaulo.com.br\/n1\/wp-content\/uploads\/2025\/01\/Foto-Turma-de-Montagem-de-Espetaculo@Giulia-Martins-300x200.jpg 300w, https:\/\/novosaopaulo.com.br\/n1\/wp-content\/uploads\/2025\/01\/Foto-Turma-de-Montagem-de-Espetaculo@Giulia-Martins-768x512.jpg 768w, https:\/\/novosaopaulo.com.br\/n1\/wp-content\/uploads\/2025\/01\/Foto-Turma-de-Montagem-de-Espetaculo@Giulia-Martins.jpg 1500w\" sizes=\"(max-width: 1024px) 100vw, 1024px\" \/><\/figure>\n","protected":false},"excerpt":{"rendered":"<p>Local recebeu melhorias na infraestrutura e novas ilustra\u00e7\u00f5es; neste s\u00e1bado (18), programa\u00e7\u00e3o come\u00e7ar\u00e1 \u00e0s 17h&#8230;<\/p>\n","protected":false},"author":1,"featured_media":21938,"comment_status":"open","ping_status":"open","sticky":false,"template":"","format":"standard","meta":{"footnotes":""},"categories":[45],"tags":[],"featured_image_urls":{"full":["https:\/\/novosaopaulo.com.br\/n1\/wp-content\/uploads\/2025\/01\/Fachada-Opereta@Delcimar-Ferreira.jpg",500,281,false],"thumbnail":["https:\/\/novosaopaulo.com.br\/n1\/wp-content\/uploads\/2025\/01\/Fachada-Opereta@Delcimar-Ferreira-150x150.jpg",150,150,true],"medium":["https:\/\/novosaopaulo.com.br\/n1\/wp-content\/uploads\/2025\/01\/Fachada-Opereta@Delcimar-Ferreira-300x169.jpg",300,169,true],"medium_large":["https:\/\/novosaopaulo.com.br\/n1\/wp-content\/uploads\/2025\/01\/Fachada-Opereta@Delcimar-Ferreira.jpg",500,281,false],"large":["https:\/\/novosaopaulo.com.br\/n1\/wp-content\/uploads\/2025\/01\/Fachada-Opereta@Delcimar-Ferreira.jpg",500,281,false],"1536x1536":["https:\/\/novosaopaulo.com.br\/n1\/wp-content\/uploads\/2025\/01\/Fachada-Opereta@Delcimar-Ferreira.jpg",500,281,false],"2048x2048":["https:\/\/novosaopaulo.com.br\/n1\/wp-content\/uploads\/2025\/01\/Fachada-Opereta@Delcimar-Ferreira.jpg",500,281,false],"newsever-slider-full":["https:\/\/novosaopaulo.com.br\/n1\/wp-content\/uploads\/2025\/01\/Fachada-Opereta@Delcimar-Ferreira.jpg",500,281,false],"newsever-featured":["https:\/\/novosaopaulo.com.br\/n1\/wp-content\/uploads\/2025\/01\/Fachada-Opereta@Delcimar-Ferreira.jpg",500,281,false],"newsever-medium":["https:\/\/novosaopaulo.com.br\/n1\/wp-content\/uploads\/2025\/01\/Fachada-Opereta@Delcimar-Ferreira.jpg",500,281,false]},"author_info":{"display_name":"Reda\u00e7\u00e3o","author_link":"https:\/\/novosaopaulo.com.br\/n1\/author\/g5poa\/"},"category_info":"<a href=\"https:\/\/novosaopaulo.com.br\/n1\/category\/cultura\/\" rel=\"category tag\">Cultura<\/a>","tag_info":"Cultura","comment_count":"0","_links":{"self":[{"href":"https:\/\/novosaopaulo.com.br\/n1\/wp-json\/wp\/v2\/posts\/21936"}],"collection":[{"href":"https:\/\/novosaopaulo.com.br\/n1\/wp-json\/wp\/v2\/posts"}],"about":[{"href":"https:\/\/novosaopaulo.com.br\/n1\/wp-json\/wp\/v2\/types\/post"}],"author":[{"embeddable":true,"href":"https:\/\/novosaopaulo.com.br\/n1\/wp-json\/wp\/v2\/users\/1"}],"replies":[{"embeddable":true,"href":"https:\/\/novosaopaulo.com.br\/n1\/wp-json\/wp\/v2\/comments?post=21936"}],"version-history":[{"count":1,"href":"https:\/\/novosaopaulo.com.br\/n1\/wp-json\/wp\/v2\/posts\/21936\/revisions"}],"predecessor-version":[{"id":21939,"href":"https:\/\/novosaopaulo.com.br\/n1\/wp-json\/wp\/v2\/posts\/21936\/revisions\/21939"}],"wp:featuredmedia":[{"embeddable":true,"href":"https:\/\/novosaopaulo.com.br\/n1\/wp-json\/wp\/v2\/media\/21938"}],"wp:attachment":[{"href":"https:\/\/novosaopaulo.com.br\/n1\/wp-json\/wp\/v2\/media?parent=21936"}],"wp:term":[{"taxonomy":"category","embeddable":true,"href":"https:\/\/novosaopaulo.com.br\/n1\/wp-json\/wp\/v2\/categories?post=21936"},{"taxonomy":"post_tag","embeddable":true,"href":"https:\/\/novosaopaulo.com.br\/n1\/wp-json\/wp\/v2\/tags?post=21936"}],"curies":[{"name":"wp","href":"https:\/\/api.w.org\/{rel}","templated":true}]}}