{"id":21930,"date":"2025-01-14T18:06:11","date_gmt":"2025-01-14T21:06:11","guid":{"rendered":"https:\/\/novosaopaulo.com.br\/n1\/?p=21930"},"modified":"2025-01-14T18:06:11","modified_gmt":"2025-01-14T21:06:11","slug":"itaqua-promove-1a-pre-conferencia-dos-direitos-das-pessoas-lgbtqia-nesta-sexta-17","status":"publish","type":"post","link":"https:\/\/novosaopaulo.com.br\/n1\/itaqua-promove-1a-pre-conferencia-dos-direitos-das-pessoas-lgbtqia-nesta-sexta-17\/","title":{"rendered":"Itaqu\u00e1 promove 1\u00aa Pr\u00e9-Confer\u00eancia dos Direitos das Pessoas LGBTQIA+ nesta sexta (17)"},"content":{"rendered":"\n<p>Credenciamento on-line j\u00e1 est\u00e1 dispon\u00edvel<\/p>\n\n\n\n<p>Nesta sexta-feira (17), \u00e0s 18h, a Prefeitura de Itaquaquecetuba promove a 1\u00aa Pr\u00e9-Confer\u00eancia dos Direitos das Pessoas LGBTQIA+ na Casa da Mulher. O objetivo \u00e9 definir as pautas sobre direitos e representatividade para que sejam discutidas na confer\u00eancia que vai ocorrer em fevereiro.<\/p>\n\n\n\n<p>\u201cEsse encontro ser\u00e1 fundamental na garantia da representatividade, organiza\u00e7\u00e3o e engajamento das pautas LGBTQIA+. A demanda local ser\u00e1 o primeiro passo para a elabora\u00e7\u00e3o de propostas e articula\u00e7\u00e3o de pol\u00edticas p\u00fablicas\u201d, disse a secret\u00e1ria da Mulher Direitos Humanos e Cidadania, Hadla Issa.<\/p>\n\n\n\n<p>O evento contar\u00e1 com 100 vagas e para participar \u00e9 necess\u00e1rio realizar o credenciamento on-line: cutt.ly\/6e9aqazZ. No dia do encontro, a abertura dos port\u00f5es acontecer\u00e1 \u00e0s 17h30 com o confirma\u00e7\u00e3o de presen\u00e7a e entrega do crach\u00e1. A Casa da Mulher fica na rua Guariri, 261 &#8211; Vila S\u00e3o Carlos.<\/p>\n\n\n\n<p>\u201cConvidamos a popula\u00e7\u00e3o para se inscrever na pr\u00e9-confer\u00eancia, que \u00e9 de grande import\u00e2ncia para o nosso munic\u00edpio. Queremos propor diretrizes para a cria\u00e7\u00e3o e a implementa\u00e7\u00e3o de pol\u00edticas p\u00fablicas destinadas ao enfrentamento da discrimina\u00e7\u00e3o e a promo\u00e7\u00e3o dos direitos humanos e cidadania,\u201dfinalizou o prefeito Eduardo Boigues.<\/p>\n\n\n\n<p>Foto: Dayane Oliveira<\/p>\n","protected":false},"excerpt":{"rendered":"<p>Credenciamento on-line j\u00e1 est\u00e1 dispon\u00edvel Nesta sexta-feira (17), \u00e0s 18h, a Prefeitura de Itaquaquecetuba promove&#8230;<\/p>\n","protected":false},"author":1,"featured_media":21931,"comment_status":"open","ping_status":"open","sticky":false,"template":"","format":"standard","meta":{"footnotes":""},"categories":[34],"tags":[],"featured_image_urls":{"full":["https:\/\/novosaopaulo.com.br\/n1\/wp-content\/uploads\/2025\/01\/WhatsApp-Image-2025-01-14-at-16.59.28.jpeg",1600,1130,false],"thumbnail":["https:\/\/novosaopaulo.com.br\/n1\/wp-content\/uploads\/2025\/01\/WhatsApp-Image-2025-01-14-at-16.59.28-150x150.jpeg",150,150,true],"medium":["https:\/\/novosaopaulo.com.br\/n1\/wp-content\/uploads\/2025\/01\/WhatsApp-Image-2025-01-14-at-16.59.28-300x212.jpeg",300,212,true],"medium_large":["https:\/\/novosaopaulo.com.br\/n1\/wp-content\/uploads\/2025\/01\/WhatsApp-Image-2025-01-14-at-16.59.28-768x542.jpeg",640,452,true],"large":["https:\/\/novosaopaulo.com.br\/n1\/wp-content\/uploads\/2025\/01\/WhatsApp-Image-2025-01-14-at-16.59.28-1024x723.jpeg",640,452,true],"1536x1536":["https:\/\/novosaopaulo.com.br\/n1\/wp-content\/uploads\/2025\/01\/WhatsApp-Image-2025-01-14-at-16.59.28-1536x1085.jpeg",1536,1085,true],"2048x2048":["https:\/\/novosaopaulo.com.br\/n1\/wp-content\/uploads\/2025\/01\/WhatsApp-Image-2025-01-14-at-16.59.28.jpeg",1600,1130,false],"newsever-slider-full":["https:\/\/novosaopaulo.com.br\/n1\/wp-content\/uploads\/2025\/01\/WhatsApp-Image-2025-01-14-at-16.59.28-1280x845.jpeg",1280,845,true],"newsever-featured":["https:\/\/novosaopaulo.com.br\/n1\/wp-content\/uploads\/2025\/01\/WhatsApp-Image-2025-01-14-at-16.59.28-1024x723.jpeg",1024,723,true],"newsever-medium":["https:\/\/novosaopaulo.com.br\/n1\/wp-content\/uploads\/2025\/01\/WhatsApp-Image-2025-01-14-at-16.59.28-720x475.jpeg",720,475,true]},"author_info":{"display_name":"Reda\u00e7\u00e3o","author_link":"https:\/\/novosaopaulo.com.br\/n1\/author\/g5poa\/"},"category_info":"<a href=\"https:\/\/novosaopaulo.com.br\/n1\/category\/alto-tiete\/\" rel=\"category tag\">Alto Tiet\u00ea<\/a>","tag_info":"Alto Tiet\u00ea","comment_count":"0","_links":{"self":[{"href":"https:\/\/novosaopaulo.com.br\/n1\/wp-json\/wp\/v2\/posts\/21930"}],"collection":[{"href":"https:\/\/novosaopaulo.com.br\/n1\/wp-json\/wp\/v2\/posts"}],"about":[{"href":"https:\/\/novosaopaulo.com.br\/n1\/wp-json\/wp\/v2\/types\/post"}],"author":[{"embeddable":true,"href":"https:\/\/novosaopaulo.com.br\/n1\/wp-json\/wp\/v2\/users\/1"}],"replies":[{"embeddable":true,"href":"https:\/\/novosaopaulo.com.br\/n1\/wp-json\/wp\/v2\/comments?post=21930"}],"version-history":[{"count":1,"href":"https:\/\/novosaopaulo.com.br\/n1\/wp-json\/wp\/v2\/posts\/21930\/revisions"}],"predecessor-version":[{"id":21932,"href":"https:\/\/novosaopaulo.com.br\/n1\/wp-json\/wp\/v2\/posts\/21930\/revisions\/21932"}],"wp:featuredmedia":[{"embeddable":true,"href":"https:\/\/novosaopaulo.com.br\/n1\/wp-json\/wp\/v2\/media\/21931"}],"wp:attachment":[{"href":"https:\/\/novosaopaulo.com.br\/n1\/wp-json\/wp\/v2\/media?parent=21930"}],"wp:term":[{"taxonomy":"category","embeddable":true,"href":"https:\/\/novosaopaulo.com.br\/n1\/wp-json\/wp\/v2\/categories?post=21930"},{"taxonomy":"post_tag","embeddable":true,"href":"https:\/\/novosaopaulo.com.br\/n1\/wp-json\/wp\/v2\/tags?post=21930"}],"curies":[{"name":"wp","href":"https:\/\/api.w.org\/{rel}","templated":true}]}}