{"id":21914,"date":"2025-01-13T17:42:52","date_gmt":"2025-01-13T20:42:52","guid":{"rendered":"https:\/\/novosaopaulo.com.br\/n1\/?p=21914"},"modified":"2025-01-13T17:42:53","modified_gmt":"2025-01-13T20:42:53","slug":"o-risco-do-desequilibrio-na-economia","status":"publish","type":"post","link":"https:\/\/novosaopaulo.com.br\/n1\/o-risco-do-desequilibrio-na-economia\/","title":{"rendered":"O risco do desequil\u00edbrio na Economia"},"content":{"rendered":"\n<p>Especialistas em Economia, Finan\u00e7as e Administra\u00e7\u00e3o P\u00fablica prev\u00eaem que o Brasil em breve no desequ\u00edibrio por n\u00e3o conter o crucial gasto p\u00fablico e, ao mesmo tempo, elevar a tributa\u00e7\u00e3o para fazer frente \u00e0 gastan\u00e7a.<br>Ao mesmo tempo que mant\u00e9m as bolsas e outras medidas eleitoreiras, que tendem a se ampliar com a aproxima\u00e7\u00e3o do pleito de 2026, Enquanto convive com o perdul\u00e1rio regime das emendas parlamentares milion\u00e1rias e nada (ou pouco) faz contra os sal\u00e1rios acima do limite constitucional, pago aos maraj\u00e1s da administra\u00e7\u00e3o p\u00fablica, em consequ\u00eancia, a atividade econ\u00f4mica tende a escorregar em perigoso desequilibrio.<br>Recorde-se que, s\u00f3 em 2024, o d\u00f3lar desvalorizou-se 24%, batendo n\u00edveis nunca alcan\u00e7ados desde a cria\u00e7\u00e3o do Plano Real de Estabiliza\u00e7\u00e3o Econ\u00f4mica (1994) e, mesmo assim, nada se faz pela revers\u00e3o. Nem a desova de grande soma da moeda norte americana pelo Banco Central, em sucessivos leil\u00f5es, foi capaz de conter a queda e &#8211; o pior &#8211; evitar a fuga de investidores nacionais e estrangeiros da economia brasileira para mercados que se tornam mais atrativos.<br>Desde que se colocou a fazer a inadi\u00e1vel reforma tribut\u00e1ria, o governo petista tem enfrentado dificuldades com o Congresso Nacional (onde tem de aprovar os projetos) e com as classes mais poderosas do funcionalismo, que n\u00e3o abrem m\u00e3o dos penduricalhos e de outros benef\u00edcios que as tornam extremamente privilegiada. E o presidente, com todo o seu traquejo para negocia\u00e7\u00e3o, trazido do tempo do sindicalismo, tem cedido e deixado tudo do mesmo tamanho.<br>A tend\u00eancia \u00e9 que, com o aumento dos custos determinado pela eleva\u00e7\u00e3o dos impostos, os produtos brasileiros percam competitividade no mercado e, por conta disso, a atividade econ\u00f4mica decline. \u00c9 preciso encontrar ant\u00eddotos para esse fen\u00f4meno.<br>Al\u00e9m do problema local, as autoridades brasileiras n\u00e3o podem se esquecer que o mundo \u2013 especialmente a Am\u00e9rica Latina \u2013 come\u00e7a a viver um per\u00edodo de tens\u00e3o. Concretizada na Venezuela a posse de Nicolas Maduro, que tem sua elei\u00e7\u00e3o contestada e poder\u00e1 sofrer san\u00e7\u00f5es dos outros pa\u00edses, temos a subida ao poder de Donald Trump nos Estados Unidos, que promete uma s\u00e9rie de medidas. Sua equipe promete 100 decretos de a\u00e7\u00e3o imediata e parte deles dever\u00e1 impactar toda a Am\u00e9rica, notadamente na quest\u00e3o da imigra\u00e7\u00e3o. Tamb\u00e9m h\u00e1 a expectativa de que haja um tarifa\u00e7o para a entrada de mercadorias nos Estados Unidos, principalmente se os pa\u00edses parceiros tentarem substituir o d\u00f3lar por outra moeda, como prop\u00f5em os pa\u00edses do Bricks, entre eles o Brasil.<br>A previs\u00e3o de desequil\u00edbrio econ\u00f4mico e das desintelig\u00eancias entre os pa\u00edses do continente \u00e9 preocupa\u00e7\u00e3o que nenhum brasileiro \u2013 especialmente as autoridades \u2013 deve ignorar. O presidente Lula, seus ministros, os congressistas e at\u00e9 o Poder Judici\u00e1rio &#8211; que nos \u00faltimos anos tem atuado politicamente \u2013 devem estar atentos e mitigar tudo o que for poss\u00edvel. Se aguardarem a crise instalar-se a solu\u00e7\u00e3o estar\u00e1 mais dif\u00edcil do que combat\u00ea-la antes de sua chegada. Lembrem-se que dinheiro \u00e9 uma das coisas mais importantes e vol\u00e1teis do Mundo, que maltratada traz grandes problemas. Cuidem da crise antes dela bater \u00e0s postas de nossa Economia.<\/p>\n\n\n\n<pre class=\"wp-block-code\"><code>No Brasil, particularmente,  h\u00e1 o fen\u00f4meno da campanha eleitoral permanente. Embora haja um calend\u00e1rio em curso para a postula\u00e7\u00e3o de votos, a classe pol\u00edtica n\u00e3o faz outra coisa. Com elei\u00e7\u00e3o a cada dois anos, assim que termina uma, come\u00e7am os movimentos para viabilizar a seguinte. Em outubro passado elegemos prefeitos e vereadores de todos os munic\u00edpios brasileiros. Senadores, deputados e outros cacique pol\u00edticos ajudaram seus correligion\u00e1rios em disputa na esperan\u00e7a de t\u00ea-los como cabos eleitorais de luxo nas elei\u00e7\u00f5es de 2026, quando ser\u00e3o eleitos (ou reeleitos) presidente da Rep\u00fablica, governador estadual, senador, e deputados. O grande problema \u00e9 que, embora a elei\u00e7\u00e3o geral seja em 2026, seus prov\u00e1veis candidatos \u2013 desde o mais simpl\u00f3rio at\u00e9 o mais significativo \u2013 j\u00e1 est\u00e1 em tratativas. Melhor seria que apenas trabalhassem para solucionar os problemas do Pa\u00eds e deixassem a corrida aos votos para o tempo certo...\n<\/code><\/pre>\n\n\n\n<p>Tenente Dirceu Cardoso Gon\u00e7alves &#8211; dirigente da ASPOMIL (Associa\u00e7\u00e3o de Assist. Social dos Policiais Militares de S\u00e3o Paulo).<\/p>\n","protected":false},"excerpt":{"rendered":"<p>Especialistas em Economia, Finan\u00e7as e Administra\u00e7\u00e3o P\u00fablica prev\u00eaem que o Brasil em breve no desequ\u00edibrio&#8230;<\/p>\n","protected":false},"author":1,"featured_media":16147,"comment_status":"open","ping_status":"open","sticky":false,"template":"","format":"standard","meta":{"footnotes":""},"categories":[9],"tags":[],"featured_image_urls":{"full":["https:\/\/novosaopaulo.com.br\/n1\/wp-content\/uploads\/2023\/12\/dirceu.jpg",225,225,false],"thumbnail":["https:\/\/novosaopaulo.com.br\/n1\/wp-content\/uploads\/2023\/12\/dirceu-150x150.jpg",150,150,true],"medium":["https:\/\/novosaopaulo.com.br\/n1\/wp-content\/uploads\/2023\/12\/dirceu.jpg",225,225,false],"medium_large":["https:\/\/novosaopaulo.com.br\/n1\/wp-content\/uploads\/2023\/12\/dirceu.jpg",225,225,false],"large":["https:\/\/novosaopaulo.com.br\/n1\/wp-content\/uploads\/2023\/12\/dirceu.jpg",225,225,false],"1536x1536":["https:\/\/novosaopaulo.com.br\/n1\/wp-content\/uploads\/2023\/12\/dirceu.jpg",225,225,false],"2048x2048":["https:\/\/novosaopaulo.com.br\/n1\/wp-content\/uploads\/2023\/12\/dirceu.jpg",225,225,false],"newsever-slider-full":["https:\/\/novosaopaulo.com.br\/n1\/wp-content\/uploads\/2023\/12\/dirceu.jpg",225,225,false],"newsever-featured":["https:\/\/novosaopaulo.com.br\/n1\/wp-content\/uploads\/2023\/12\/dirceu.jpg",225,225,false],"newsever-medium":["https:\/\/novosaopaulo.com.br\/n1\/wp-content\/uploads\/2023\/12\/dirceu.jpg",225,225,false]},"author_info":{"display_name":"Reda\u00e7\u00e3o","author_link":"https:\/\/novosaopaulo.com.br\/n1\/author\/g5poa\/"},"category_info":"<a href=\"https:\/\/novosaopaulo.com.br\/n1\/category\/geral\/\" rel=\"category tag\">Geral<\/a>","tag_info":"Geral","comment_count":"0","_links":{"self":[{"href":"https:\/\/novosaopaulo.com.br\/n1\/wp-json\/wp\/v2\/posts\/21914"}],"collection":[{"href":"https:\/\/novosaopaulo.com.br\/n1\/wp-json\/wp\/v2\/posts"}],"about":[{"href":"https:\/\/novosaopaulo.com.br\/n1\/wp-json\/wp\/v2\/types\/post"}],"author":[{"embeddable":true,"href":"https:\/\/novosaopaulo.com.br\/n1\/wp-json\/wp\/v2\/users\/1"}],"replies":[{"embeddable":true,"href":"https:\/\/novosaopaulo.com.br\/n1\/wp-json\/wp\/v2\/comments?post=21914"}],"version-history":[{"count":1,"href":"https:\/\/novosaopaulo.com.br\/n1\/wp-json\/wp\/v2\/posts\/21914\/revisions"}],"predecessor-version":[{"id":21915,"href":"https:\/\/novosaopaulo.com.br\/n1\/wp-json\/wp\/v2\/posts\/21914\/revisions\/21915"}],"wp:featuredmedia":[{"embeddable":true,"href":"https:\/\/novosaopaulo.com.br\/n1\/wp-json\/wp\/v2\/media\/16147"}],"wp:attachment":[{"href":"https:\/\/novosaopaulo.com.br\/n1\/wp-json\/wp\/v2\/media?parent=21914"}],"wp:term":[{"taxonomy":"category","embeddable":true,"href":"https:\/\/novosaopaulo.com.br\/n1\/wp-json\/wp\/v2\/categories?post=21914"},{"taxonomy":"post_tag","embeddable":true,"href":"https:\/\/novosaopaulo.com.br\/n1\/wp-json\/wp\/v2\/tags?post=21914"}],"curies":[{"name":"wp","href":"https:\/\/api.w.org\/{rel}","templated":true}]}}