{"id":21881,"date":"2025-01-08T19:00:15","date_gmt":"2025-01-08T22:00:15","guid":{"rendered":"https:\/\/novosaopaulo.com.br\/n1\/?p=21881"},"modified":"2025-01-08T19:00:16","modified_gmt":"2025-01-08T22:00:16","slug":"vila-don-patto-anuncia-sua-quinta-edicao-da-tradicional-festa-da-colheita-da-uva","status":"publish","type":"post","link":"https:\/\/novosaopaulo.com.br\/n1\/vila-don-patto-anuncia-sua-quinta-edicao-da-tradicional-festa-da-colheita-da-uva\/","title":{"rendered":"Vila Don Patto anuncia sua quinta edi\u00e7\u00e3o da tradicional festa da \u201cColheita da Uva\u201d"},"content":{"rendered":"\n<p>Colheita de Uvas rememora tradi\u00e7\u00e3o secular da fam\u00edlia Patto na produ\u00e7\u00e3o de vinhos e objetiva promover aos participantes experi\u00eancias inesquec\u00edveis<\/p>\n\n\n\n<p>A Vila Don Patto, complexo que envolve natureza, lazer e gastronomia, na cidade de S\u00e3o Roque mant\u00e9m sua tradi\u00e7\u00e3o no primeiro m\u00eas do ano e anuncia a 5\u00aa edi\u00e7\u00e3o da Colheita de Uvas. Neste ano, os visitantes ter\u00e3o a oportunidade para conferirem a experi\u00eancia inesquec\u00edvel nos pr\u00f3ximos dois finais de semana, quando estar\u00e1 programada a realiza\u00e7\u00e3o de quatro grupos que realizar\u00e3o a visita ao parreiral para realizarem a colheita das uvas direto das videiras, al\u00e9m de saborearem um delicioso buffet de caf\u00e9 da manh\u00e3.<\/p>\n\n\n\n<p>\u201cEsse importante encontro que marca a realiza\u00e7\u00e3o da colheita remete a tradi\u00e7\u00e3o da fam\u00edlia Patto, que em sua trajet\u00f3ria no Brasil, iniciou a produ\u00e7\u00e3o de vinhos nessa fant\u00e1stica e importante cidade de S\u00e3o Roque. Chegamos a nossa quinta edi\u00e7\u00e3o e esperamos o mesmo sucesso das anteriores. Trata-se de um momento bastante aguardado pelos clientes que promovem momentos memor\u00e1veis junto aos membros da fam\u00edlia\u201d, pontua o presidente do Grupo Don Patto, T\u00falio Patto.<\/p>\n\n\n\n<p>A Vindima (Pisa da Uva) \u00e9 uma festa tradicional em S\u00e3o Roque, conhecida como uma das principais cidades produtoras de vinho do pa\u00eds, e que este ano ser\u00e1 nos dias 15 e 16 de fevereiro. A celebra\u00e7\u00e3o organizada pela Vila Don Patto, come\u00e7a bem cedo tendo como objetivo que todos os participantes aproveitem cada momento da experi\u00eancia inesquec\u00edvel que envolve o encontro. Pela manh\u00e3, os visitantes ser\u00e3o recepcionados com uma saborosa e deliciosa mesa de caf\u00e9 da manh\u00e3 especial, montada num cen\u00e1rio que destaca a beleza e o charme da Mata Atl\u00e2ntica. Com assinatura do chef Jos\u00e9 Miranda, os participantes ter\u00e3o op\u00e7\u00f5es de variados p\u00e3es, bolos, sucos, frios e diversas del\u00edcias para iniciar a programa\u00e7\u00e3o.<\/p>\n\n\n\n<p>Na sequ\u00eancia, os turistas ir\u00e3o at\u00e9 o parreiral onde acontece a colheita das uvas que ser\u00e3o pisadas, seguindo para a famosa e divertida pisa da uva, que \u00e9 o ponto alto da festa.<\/p>\n\n\n\n<p>Amassar a uva com os p\u00e9s para fazer vinho, \u00e9 um m\u00e9todo comumente utilizado pelos antigos produtores artesanais de vinho. A t\u00e9cnica que foi passada de pai para filhos foi reproduzida pelos participantes da Vindima.<\/p>\n\n\n\n<p>Ao finalizar a pisa, os visitantes ser\u00e3o direcionados para um delicioso almo\u00e7o no restaurante portugu\u00eas. O buffet preparado pelo chef poder\u00e1 se acompanhado pelo delicioso de suco de uva e uma ta\u00e7a de espumante Edma Don Patto.<\/p>\n\n\n\n<p>Para a ocasi\u00e3o, os clientes participam munidos de tesoura, cestinhas e chap\u00e9us para a realiza\u00e7\u00e3o da colheita, al\u00e9m de confraternizar e participarem das atividades, que incluem o caf\u00e9 da manh\u00e3.<\/p>\n\n\n\n<p>SOBRE A VILA DON PATTO<\/p>\n\n\n\n<p>A Vila Don Patto celebra seus 15 anos de atua\u00e7\u00e3o na cidade de S\u00e3o Roque, pr\u00f3ximo a capital paulista. O espa\u00e7o que re\u00fane lazer e divers\u00e3o para toda a fam\u00edlia, conta com uma programa\u00e7\u00e3o bastante variada, distribu\u00edda em seus 40 mil metros quadrados de \u00e1rea, que possibilitam experi\u00eancias e momentos inesquec\u00edveis aos visitantes.<\/p>\n\n\n\n<p>No empreendimento est\u00e3o distribu\u00eddos diversos espa\u00e7os, como o Playground, espa\u00e7o preferido dos baixinhos, onde \u00e9 poss\u00edvel aproveitar o Mini Carrossel, a Mini Roda-Gigante, a Cama El\u00e1stica, o Escorregador, a Casinha de Boneca, o Gira-Gira, entre outras atra\u00e7\u00f5es. Tamb\u00e9m conta com um espa\u00e7o kids para os menores de cinco anos de idade; lojas de artesanatos, red\u00e1rio, sorveteria, caf\u00e9, padaria, adega\/emp\u00f3rio, casa de doces de portugueses e os requisitados Restaurante Portugu\u00eas, o restaurante italiano La Pasta e o restaurante Bistro &amp; Parrilla.<\/p>\n\n\n\n<p>SERVI\u00c7O<\/p>\n\n\n\n<p>Vila Don Patto<\/p>\n\n\n\n<p>Onde: Km 2,5 do Roteiro do Vinho. S\u00e3o Roque\/ SP<\/p>\n\n\n\n<p>COLHEITA 2025 : Dias 11, 12, 18 e 19 de janeiro de 2025<\/p>\n\n\n\n<p>Inclui: chap\u00e9u, buffet de caf\u00e9 da manh\u00e3 (no restaurante italiano LA PASTA), cesta para colheita (que poder\u00e1 ser levada com um quilo de uvas).<br>Investimento: R$236,00\/adutlo e R$180,00\/crian\u00e7as de 04 a 11 anos (reservas antecipadas).<br>Hor\u00e1rio: 9h.<br>Reservas pelo Whatsapp 11 97563-9637. Mais informa\u00e7\u00f5es pelas redes sociais @viladonpatto ou pelo site www.viladonpatto.com.br<\/p>\n\n\n\n<p>VINDIMA 2025 (pisa da uva): dias 15\/02\/2025 e 16\/02\/2025<\/p>\n\n\n\n<p>Inclui: chap\u00e9u, buffet de caf\u00e9 da manh\u00e3 (no restaurante Bistr\u00f4 &amp; Parrilla), almo\u00e7o ( no restaurante portugu\u00eas) e a pisa da uva em nosso lagar.<br>Investimento: R$465,00\/adulto e R$315,00\/crian\u00e7as de 04 a 11 anos (reserva antecipada)<br>Hor\u00e1rio: 9h<\/p>\n\n\n\n<p>A experi\u00eancia come\u00e7a na Vila Don Patto, \u00e0s 9h com o delicioso buffet de caf\u00e9 da manh\u00e3 no nosso restaurante Bistr\u00f4 &amp; Parrilla.<\/p>\n\n\n\n<p>Local: Vila Don Patto, estrada do Vinho Km 2,5 &#8211; S\u00e3o Roque &#8211; SP<br>www.viladonpatto.com.br<\/p>\n\n\n\n<figure class=\"wp-block-gallery has-nested-images columns-default is-cropped wp-block-gallery-1 is-layout-flex wp-block-gallery-is-layout-flex\">\n<figure class=\"wp-block-image size-large\"><a href=\"https:\/\/novosaopaulo.com.br\/n1\/?attachment_id=21882\"><img fetchpriority=\"high\" decoding=\"async\" width=\"720\" height=\"894\" data-id=\"21882\" src=\"https:\/\/novosaopaulo.com.br\/n1\/wp-content\/uploads\/2025\/01\/WhatsApp-Image-2025-01-08-at-16.51.41.jpeg\" alt=\"\" class=\"wp-image-21882\" srcset=\"https:\/\/novosaopaulo.com.br\/n1\/wp-content\/uploads\/2025\/01\/WhatsApp-Image-2025-01-08-at-16.51.41.jpeg 720w, https:\/\/novosaopaulo.com.br\/n1\/wp-content\/uploads\/2025\/01\/WhatsApp-Image-2025-01-08-at-16.51.41-242x300.jpeg 242w\" sizes=\"(max-width: 720px) 100vw, 720px\" \/><\/a><\/figure>\n\n\n\n<figure class=\"wp-block-image size-large\"><a href=\"https:\/\/novosaopaulo.com.br\/n1\/?attachment_id=21883\"><img decoding=\"async\" width=\"720\" height=\"892\" data-id=\"21883\" src=\"https:\/\/novosaopaulo.com.br\/n1\/wp-content\/uploads\/2025\/01\/WhatsApp-Image-2025-01-08-at-16.51.40-1.jpeg\" alt=\"\" class=\"wp-image-21883\" srcset=\"https:\/\/novosaopaulo.com.br\/n1\/wp-content\/uploads\/2025\/01\/WhatsApp-Image-2025-01-08-at-16.51.40-1.jpeg 720w, https:\/\/novosaopaulo.com.br\/n1\/wp-content\/uploads\/2025\/01\/WhatsApp-Image-2025-01-08-at-16.51.40-1-242x300.jpeg 242w\" sizes=\"(max-width: 720px) 100vw, 720px\" \/><\/a><\/figure>\n\n\n\n<figure class=\"wp-block-image size-large\"><a href=\"https:\/\/novosaopaulo.com.br\/n1\/?attachment_id=21884\"><img decoding=\"async\" width=\"720\" height=\"884\" data-id=\"21884\" src=\"https:\/\/novosaopaulo.com.br\/n1\/wp-content\/uploads\/2025\/01\/WhatsApp-Image-2025-01-08-at-16.51.40.jpeg\" alt=\"\" class=\"wp-image-21884\" srcset=\"https:\/\/novosaopaulo.com.br\/n1\/wp-content\/uploads\/2025\/01\/WhatsApp-Image-2025-01-08-at-16.51.40.jpeg 720w, https:\/\/novosaopaulo.com.br\/n1\/wp-content\/uploads\/2025\/01\/WhatsApp-Image-2025-01-08-at-16.51.40-244x300.jpeg 244w\" sizes=\"(max-width: 720px) 100vw, 720px\" \/><\/a><\/figure>\n<\/figure>\n","protected":false},"excerpt":{"rendered":"<p>Colheita de Uvas rememora tradi\u00e7\u00e3o secular da fam\u00edlia Patto na produ\u00e7\u00e3o de vinhos e objetiva&#8230;<\/p>\n","protected":false},"author":1,"featured_media":21884,"comment_status":"open","ping_status":"open","sticky":false,"template":"","format":"standard","meta":{"footnotes":""},"categories":[38],"tags":[],"featured_image_urls":{"full":["https:\/\/novosaopaulo.com.br\/n1\/wp-content\/uploads\/2025\/01\/WhatsApp-Image-2025-01-08-at-16.51.40.jpeg",720,884,false],"thumbnail":["https:\/\/novosaopaulo.com.br\/n1\/wp-content\/uploads\/2025\/01\/WhatsApp-Image-2025-01-08-at-16.51.40-150x150.jpeg",150,150,true],"medium":["https:\/\/novosaopaulo.com.br\/n1\/wp-content\/uploads\/2025\/01\/WhatsApp-Image-2025-01-08-at-16.51.40-244x300.jpeg",244,300,true],"medium_large":["https:\/\/novosaopaulo.com.br\/n1\/wp-content\/uploads\/2025\/01\/WhatsApp-Image-2025-01-08-at-16.51.40.jpeg",640,786,false],"large":["https:\/\/novosaopaulo.com.br\/n1\/wp-content\/uploads\/2025\/01\/WhatsApp-Image-2025-01-08-at-16.51.40.jpeg",640,786,false],"1536x1536":["https:\/\/novosaopaulo.com.br\/n1\/wp-content\/uploads\/2025\/01\/WhatsApp-Image-2025-01-08-at-16.51.40.jpeg",720,884,false],"2048x2048":["https:\/\/novosaopaulo.com.br\/n1\/wp-content\/uploads\/2025\/01\/WhatsApp-Image-2025-01-08-at-16.51.40.jpeg",720,884,false],"newsever-slider-full":["https:\/\/novosaopaulo.com.br\/n1\/wp-content\/uploads\/2025\/01\/WhatsApp-Image-2025-01-08-at-16.51.40-720x845.jpeg",720,845,true],"newsever-featured":["https:\/\/novosaopaulo.com.br\/n1\/wp-content\/uploads\/2025\/01\/WhatsApp-Image-2025-01-08-at-16.51.40.jpeg",720,884,false],"newsever-medium":["https:\/\/novosaopaulo.com.br\/n1\/wp-content\/uploads\/2025\/01\/WhatsApp-Image-2025-01-08-at-16.51.40-720x475.jpeg",720,475,true]},"author_info":{"display_name":"Reda\u00e7\u00e3o","author_link":"https:\/\/novosaopaulo.com.br\/n1\/author\/g5poa\/"},"category_info":"<a href=\"https:\/\/novosaopaulo.com.br\/n1\/category\/joao-costa\/\" rel=\"category tag\">Jo\u00e3o Costa<\/a>","tag_info":"Jo\u00e3o Costa","comment_count":"0","_links":{"self":[{"href":"https:\/\/novosaopaulo.com.br\/n1\/wp-json\/wp\/v2\/posts\/21881"}],"collection":[{"href":"https:\/\/novosaopaulo.com.br\/n1\/wp-json\/wp\/v2\/posts"}],"about":[{"href":"https:\/\/novosaopaulo.com.br\/n1\/wp-json\/wp\/v2\/types\/post"}],"author":[{"embeddable":true,"href":"https:\/\/novosaopaulo.com.br\/n1\/wp-json\/wp\/v2\/users\/1"}],"replies":[{"embeddable":true,"href":"https:\/\/novosaopaulo.com.br\/n1\/wp-json\/wp\/v2\/comments?post=21881"}],"version-history":[{"count":1,"href":"https:\/\/novosaopaulo.com.br\/n1\/wp-json\/wp\/v2\/posts\/21881\/revisions"}],"predecessor-version":[{"id":21885,"href":"https:\/\/novosaopaulo.com.br\/n1\/wp-json\/wp\/v2\/posts\/21881\/revisions\/21885"}],"wp:featuredmedia":[{"embeddable":true,"href":"https:\/\/novosaopaulo.com.br\/n1\/wp-json\/wp\/v2\/media\/21884"}],"wp:attachment":[{"href":"https:\/\/novosaopaulo.com.br\/n1\/wp-json\/wp\/v2\/media?parent=21881"}],"wp:term":[{"taxonomy":"category","embeddable":true,"href":"https:\/\/novosaopaulo.com.br\/n1\/wp-json\/wp\/v2\/categories?post=21881"},{"taxonomy":"post_tag","embeddable":true,"href":"https:\/\/novosaopaulo.com.br\/n1\/wp-json\/wp\/v2\/tags?post=21881"}],"curies":[{"name":"wp","href":"https:\/\/api.w.org\/{rel}","templated":true}]}}