{"id":21849,"date":"2025-01-06T18:09:32","date_gmt":"2025-01-06T21:09:32","guid":{"rendered":"https:\/\/novosaopaulo.com.br\/n1\/?p=21849"},"modified":"2025-01-06T18:10:09","modified_gmt":"2025-01-06T21:10:09","slug":"com-a-marca-da-inovacao-o-10o-ilumina-festival-de-musica-de-camara-chega-a-sao-paulo","status":"publish","type":"post","link":"https:\/\/novosaopaulo.com.br\/n1\/com-a-marca-da-inovacao-o-10o-ilumina-festival-de-musica-de-camara-chega-a-sao-paulo\/","title":{"rendered":"Com a marca da inova\u00e7\u00e3o, o 10\u00ba Ilumina Festival de M\u00fasica de c\u00e2mara chega a S\u00e3o Paulo"},"content":{"rendered":"\n<p>Com a marca da inova\u00e7\u00e3o, o 10\u00ba Ilumina Festival de M\u00fasica de c\u00e2mara chega a S\u00e3o Paulo<br>Ser\u00e3o tr\u00eas dias de concertos e espet\u00e1culos multim\u00eddia, na capital, inteiramente gratuitos, na Sala S\u00e3o Paulo e Casa das Caldeiras<\/p>\n\n\n\n<p>Jennifer Stumm &#8212; diretora art\u00edstica, violista e fundadora do Ilumina. Cr\u00e9dito: Rodrigo Rosenthal<br>Fotos em alta<br>Considerado um dos mais prestigiados festivais de m\u00fasica de c\u00e2mara internacionais, o Ilumina Festival ter\u00e1 nessa edi\u00e7\u00e3o, de 10 a 12 de janeiro, um coletivo de 28 jovens artistas selecionados (18 a 26 anos) e 13 solistas renomados do Brasil e de outros pa\u00edses da Am\u00e9rica Latina; Europa e Estados Unidos. Antes de S\u00e3o Paulo, o coletivo se apresenta em concertos no alto da Serra da Mantiqueira em (Caconde) e na cidade de Mococa.<br>A diretora art\u00edstica, violista e fundadora do Ilumina, Jennifer Stumm, fala sobre o significado do tema do festival deste ano, FUTUR_: \u201cA 10\u00aa edi\u00e7\u00e3o do Festival Ilumina olha para o futuro. Reunindo m\u00fasicos, artistas e pensadores do mundo da inova\u00e7\u00e3o, o festival apresenta a m\u00fasica como um espelho para as grandes quest\u00f5es e os grandes desafios da vida. Intelig\u00eancia artificial, mudan\u00e7as clim\u00e1ticas e a epidemia de solid\u00e3o: esses s\u00e3o temas nos quais a m\u00fasica pode lan\u00e7ar luz. Em uma era de automa\u00e7\u00e3o, a arte ainda \u00e9 relevante?\u201d<br>A 10\u00aa edi\u00e7\u00e3o tamb\u00e9m se caracteriza pela diversidade dos jovens artistas, dos solistas internacionais, da programa\u00e7\u00e3o e das conex\u00f5es com as ideias atuais.<br>Entre os solistas, nomes de forte presen\u00e7a no cen\u00e1rio internacional subir\u00e3o ao palco em S\u00e3o Paulo, como Adrian Brendel (violoncelo, Reino Unido), Clarice Assad (compositora, Brasil), Cristian Budu (piano, Brasil), Edmundo Carneiro (percuss\u00e3o, Brasil), Florian Donderer (violino, Alemanha), Gareth Lubbe (viola e voz, \u00c1frica do Sul), Jennifer Stumm (viola, EUA), Matthew Hunt (clarineta, Reino Unido), Rachell Ellen Wong (violino, EUA), Seth Parker Woods (violoncelo, EUA), e Tai Murray (violino, EUA).<br>Ainda como destaque da programa\u00e7\u00e3o, a estreia da obra da compositora brasileira premiada internacionalmente Clarice Assad.<br>Sobre os solistas e Fotos dos m\u00fasicos<br>Al\u00e9m dos concertos, o Ilumina apresentar\u00e1 o Ilumina U, voltado a artistas jovens e adultos. A atividade interdisciplinar ter\u00e1 oficinas sobre temas como tecnologia, finan\u00e7as, lideran\u00e7a e sa\u00fade mental, ampliando a forma\u00e7\u00e3o de jovens m\u00fasicos para outras \u00e1reas importantes da vida e carreira.<br>O Ilumina<br>Ao longo de 10 anos, o Ilumina ajudou 186 jovens m\u00fasicos a lidar com as dificuldades para ingressar em 32 conservat\u00f3rios na Europa e nos EUA, e ganhar bolsas de estudo, um investimento total de mais de R$ 3 milh\u00f5es. Chegando ao patamar profissional, esses m\u00fasicos agora tocam na Europa e no Brasil. Muitos criaram seus pr\u00f3prios programas sociais em suas comunidades de origem, impactando uma outra gera\u00e7\u00e3o de jovens.<br>Em pouco tempo, o coletivo do Ilumina come\u00e7ou a ter mais visibilidade nos palcos europeus e em festivais internacionais. Apresentando-se como um ensemble flex\u00edvel da m\u00fasica da c\u00e2mara, o Ilumina fez sua estreia europeia no Festival de Lucerna em 2022. Em 2024, fez estreias na grande sala de Het Concertgebouw, no Festival Internacional de Edimburgo, e no prestigioso Kronberg Academy, em Frankfurt, que deu a Jennifer Stumm o pr\u00eamio 2024 Pablo Casals Prize For a Better World, pela radical vis\u00e3o social do Ilumina.<br>Mais informa\u00e7\u00f5es sobre o Ilumina<\/p>\n\n\n\n<p>2025: Novas frentes em nova d\u00e9cada<br>O d\u00e9cimo anivers\u00e1rio do Ilumina ser\u00e1 comemorado com uma ampla expans\u00e3o de atividades do projeto em S\u00e3o Paulo, ao longo do ano. A S\u00e9rie Ilumina apresentar\u00e1 quatro concertos na Sala S\u00e3o Paulo nos dias 2 de abril, 16 de junho, 16 de setembro e 12 de novembro.<br>Confira a programa\u00e7\u00e3o:<br>10 de janeiro, das 19h30 \u00e0s 22h30<br>FUTUROLOGIA: Casa das Caldeiras (Av. Francisco Matarazzo, 2000)<br>Ingressos gratuitos por meio de Sympla a partir de 5 de janeiro<\/p>\n\n\n\n<p>Programa*<br>Pachelbel C\u00e2none em R\u00e9<br>Purcell Curtain Music from Timon of Athens<br>Vaughan Williams The Lark Ascending<br>Saariaho Cloud Music<br>Clarice Leite Lendas, e nada mais<br>Widmann Once Upon a Time: The Ice Cave<br>Schulhoff In Futurum<br>Debussy Sunken Cathedral<br>Clarice Assad Estreia da nova obra<br>Brahms Sexteto em sol maior, opus 36: Allegro non troppo<br>Chico Buarque Roda Viva<\/p>\n\n\n\n<p>11 de janeiro, \u00e0s 20h<br>NOITE TRANSFIGURADA<br>Sala S\u00e3o Paulo &#8211; Pra\u00e7a J\u00falio Prestes, 16<br>Ingressos gratuitos, por meio de Sala S\u00e3o Paulo, dispon\u00edveis a partir de 5 de janeiro<\/p>\n\n\n\n<p>\u201cEpidemia de solid\u00e3o. Em um momento em que o mundo est\u00e1 mais conectado do que nunca na hist\u00f3ria, por que nos sentimos cada vez mais distantes? Neste s\u00e1bado, exploraremos o futuro da conex\u00e3o humana, terminando com a incr\u00edvel pe\u00e7a Noite Transfigurada, baseada em um poema sobre as complexidades do amor entre as pessoas e de como a compaix\u00e3o pode transfigurar tudo.<br>A \u201cNoite Transfigurada\u201d incluir\u00e1 v\u00eddeomapping do Coletivo Coletores.<\/p>\n\n\n\n<p>Programa*<br>Thomas Ades Darknesse Visible for piano solo<br>Osvaldo Golijov The Dreams and Prayers of Isaac the Blind: K vakarat<br>Niel Gow for the Death of his Second Wife para violino solo<br>Nina Simone Wild is the Wind<br>George Crumb Makrokosmos: Dream Music<br>Schubert Notturno for Piano Trio in E Flat Major<br>Schoenberg Noite Transfigurada<\/p>\n\n\n\n<p>12 de janeiro, \u00e0s 16h<br>R\/EVOLU\u00c7\u00d5ES<br>Sala S\u00e3o Paulo \u2013 Pra\u00e7a J\u00falio Prestes, 16<br>Ingressos gratuitos, dispon\u00edveis na bilheteria a partir de 5 de janeiro<\/p>\n\n\n\n<p>\u201cNo encerramento do 10\u00ba festival, analisamos a conex\u00e3o do universo, como tudo o que somos cont\u00e9m tudo o que veio antes. Nas vozes de nossos ancestrais, suas lendas e sabedoria. Em nosso impacto sobre a Terra e na vis\u00e3o de um futuro em que as cidades est\u00e3o submersas nos restos de gelo derretido. Por meio da m\u00fasica baseada na repeti\u00e7\u00e3o, como a inova\u00e7\u00e3o extraordin\u00e1ria pode nascer da simplicidade. Um novo trabalho da compositora em resid\u00eancia Clarice Assad tece o poder da IA e da rob\u00f3tica na narrativa de instrumentos anal\u00f3gicos; e o concerto completa o c\u00edrculo com o mesmo trabalho que encerrou o primeiro Festival Ilumina em 2015, o sexteto em sol maior de Brahms. A roda do futuro continua girando e, com ela, n\u00f3s evolu\u00edmos\u201d.<\/p>\n\n\n\n<p>Programa*<br>Pachelbel C\u00e2none em R\u00e9<br>Purcell Curtain Music from Timon of Athens<br>Vaughan Williams The Lark Ascending<br>Saariaho Cloud Music<br>Clarice Leite Lendas, e nada mais<br>Widmann Once Upon a Time: The Ice Cave<br>Schulhoff In Futurum<br>Debussy Sunken Cathedral<br>Clarice Assad Estreia da nova obra<br>Brahms Sexteto em sol maior, opus 36: Allegro non troppo<br>Chico Buarque Roda Viva<\/p>\n\n\n\n<p>*Repert\u00f3rios sujeitos a altera\u00e7\u00f5es<\/p>\n\n\n\n<p>Informa\u00e7\u00f5es: https:\/\/iluminamusic.com\/br\/festival-top &#8211; Telefone: +55 11 93772-9278<br>Data: 5 a 12 de janeiro &#8211; Ingressos gratuitos<\/p>\n\n\n\n<figure class=\"wp-block-image size-full\"><img fetchpriority=\"high\" decoding=\"async\" width=\"536\" height=\"804\" src=\"https:\/\/novosaopaulo.com.br\/n1\/wp-content\/uploads\/2025\/01\/WhatsApp-Image-2025-01-06-at-17.45.44.jpeg\" alt=\"\" class=\"wp-image-21850\" srcset=\"https:\/\/novosaopaulo.com.br\/n1\/wp-content\/uploads\/2025\/01\/WhatsApp-Image-2025-01-06-at-17.45.44.jpeg 536w, https:\/\/novosaopaulo.com.br\/n1\/wp-content\/uploads\/2025\/01\/WhatsApp-Image-2025-01-06-at-17.45.44-200x300.jpeg 200w\" sizes=\"(max-width: 536px) 100vw, 536px\" \/><figcaption class=\"wp-element-caption\">Na foto: Jennifer Stumm &#8211; fundadora do Ilumina<\/figcaption><\/figure>\n\n\n\n<figure class=\"wp-block-image size-large\"><img decoding=\"async\" width=\"683\" height=\"1024\" src=\"https:\/\/novosaopaulo.com.br\/n1\/wp-content\/uploads\/2025\/01\/WhatsApp-Image-2025-01-06-at-17.45.44-1-683x1024.jpeg\" alt=\"\" class=\"wp-image-21851\" srcset=\"https:\/\/novosaopaulo.com.br\/n1\/wp-content\/uploads\/2025\/01\/WhatsApp-Image-2025-01-06-at-17.45.44-1-683x1024.jpeg 683w, https:\/\/novosaopaulo.com.br\/n1\/wp-content\/uploads\/2025\/01\/WhatsApp-Image-2025-01-06-at-17.45.44-1-200x300.jpeg 200w, https:\/\/novosaopaulo.com.br\/n1\/wp-content\/uploads\/2025\/01\/WhatsApp-Image-2025-01-06-at-17.45.44-1-768x1152.jpeg 768w, https:\/\/novosaopaulo.com.br\/n1\/wp-content\/uploads\/2025\/01\/WhatsApp-Image-2025-01-06-at-17.45.44-1.jpeg 800w\" sizes=\"(max-width: 683px) 100vw, 683px\" \/><figcaption class=\"wp-element-caption\">violista<\/figcaption><\/figure>\n","protected":false},"excerpt":{"rendered":"<p>Com a marca da inova\u00e7\u00e3o, o 10\u00ba Ilumina Festival de M\u00fasica de c\u00e2mara chega a&#8230;<\/p>\n","protected":false},"author":1,"featured_media":21850,"comment_status":"open","ping_status":"open","sticky":false,"template":"","format":"standard","meta":{"footnotes":""},"categories":[2,45],"tags":[],"featured_image_urls":{"full":["https:\/\/novosaopaulo.com.br\/n1\/wp-content\/uploads\/2025\/01\/WhatsApp-Image-2025-01-06-at-17.45.44.jpeg",536,804,false],"thumbnail":["https:\/\/novosaopaulo.com.br\/n1\/wp-content\/uploads\/2025\/01\/WhatsApp-Image-2025-01-06-at-17.45.44-150x150.jpeg",150,150,true],"medium":["https:\/\/novosaopaulo.com.br\/n1\/wp-content\/uploads\/2025\/01\/WhatsApp-Image-2025-01-06-at-17.45.44-200x300.jpeg",200,300,true],"medium_large":["https:\/\/novosaopaulo.com.br\/n1\/wp-content\/uploads\/2025\/01\/WhatsApp-Image-2025-01-06-at-17.45.44.jpeg",536,804,false],"large":["https:\/\/novosaopaulo.com.br\/n1\/wp-content\/uploads\/2025\/01\/WhatsApp-Image-2025-01-06-at-17.45.44.jpeg",536,804,false],"1536x1536":["https:\/\/novosaopaulo.com.br\/n1\/wp-content\/uploads\/2025\/01\/WhatsApp-Image-2025-01-06-at-17.45.44.jpeg",536,804,false],"2048x2048":["https:\/\/novosaopaulo.com.br\/n1\/wp-content\/uploads\/2025\/01\/WhatsApp-Image-2025-01-06-at-17.45.44.jpeg",536,804,false],"newsever-slider-full":["https:\/\/novosaopaulo.com.br\/n1\/wp-content\/uploads\/2025\/01\/WhatsApp-Image-2025-01-06-at-17.45.44.jpeg",536,804,false],"newsever-featured":["https:\/\/novosaopaulo.com.br\/n1\/wp-content\/uploads\/2025\/01\/WhatsApp-Image-2025-01-06-at-17.45.44.jpeg",536,804,false],"newsever-medium":["https:\/\/novosaopaulo.com.br\/n1\/wp-content\/uploads\/2025\/01\/WhatsApp-Image-2025-01-06-at-17.45.44-536x475.jpeg",536,475,true]},"author_info":{"display_name":"Reda\u00e7\u00e3o","author_link":"https:\/\/novosaopaulo.com.br\/n1\/author\/g5poa\/"},"category_info":"<a href=\"https:\/\/novosaopaulo.com.br\/n1\/category\/cidades\/\" rel=\"category tag\">Cidades<\/a> <a href=\"https:\/\/novosaopaulo.com.br\/n1\/category\/cultura\/\" rel=\"category tag\">Cultura<\/a>","tag_info":"Cultura","comment_count":"0","_links":{"self":[{"href":"https:\/\/novosaopaulo.com.br\/n1\/wp-json\/wp\/v2\/posts\/21849"}],"collection":[{"href":"https:\/\/novosaopaulo.com.br\/n1\/wp-json\/wp\/v2\/posts"}],"about":[{"href":"https:\/\/novosaopaulo.com.br\/n1\/wp-json\/wp\/v2\/types\/post"}],"author":[{"embeddable":true,"href":"https:\/\/novosaopaulo.com.br\/n1\/wp-json\/wp\/v2\/users\/1"}],"replies":[{"embeddable":true,"href":"https:\/\/novosaopaulo.com.br\/n1\/wp-json\/wp\/v2\/comments?post=21849"}],"version-history":[{"count":1,"href":"https:\/\/novosaopaulo.com.br\/n1\/wp-json\/wp\/v2\/posts\/21849\/revisions"}],"predecessor-version":[{"id":21852,"href":"https:\/\/novosaopaulo.com.br\/n1\/wp-json\/wp\/v2\/posts\/21849\/revisions\/21852"}],"wp:featuredmedia":[{"embeddable":true,"href":"https:\/\/novosaopaulo.com.br\/n1\/wp-json\/wp\/v2\/media\/21850"}],"wp:attachment":[{"href":"https:\/\/novosaopaulo.com.br\/n1\/wp-json\/wp\/v2\/media?parent=21849"}],"wp:term":[{"taxonomy":"category","embeddable":true,"href":"https:\/\/novosaopaulo.com.br\/n1\/wp-json\/wp\/v2\/categories?post=21849"},{"taxonomy":"post_tag","embeddable":true,"href":"https:\/\/novosaopaulo.com.br\/n1\/wp-json\/wp\/v2\/tags?post=21849"}],"curies":[{"name":"wp","href":"https:\/\/api.w.org\/{rel}","templated":true}]}}