{"id":21822,"date":"2025-01-06T17:03:07","date_gmt":"2025-01-06T20:03:07","guid":{"rendered":"https:\/\/novosaopaulo.com.br\/n1\/?p=21822"},"modified":"2025-01-06T17:03:08","modified_gmt":"2025-01-06T20:03:08","slug":"psicologa-fala-sobre-a-importancia-do-janeiro-branco-2025-um-convite-nacional-para-a-promocao-da-saude-mental","status":"publish","type":"post","link":"https:\/\/novosaopaulo.com.br\/n1\/psicologa-fala-sobre-a-importancia-do-janeiro-branco-2025-um-convite-nacional-para-a-promocao-da-saude-mental\/","title":{"rendered":"Psic\u00f3loga fala sobre a import\u00e2ncia do Janeiro Branco 2025: um convite nacional para a promo\u00e7\u00e3o da sa\u00fade mental"},"content":{"rendered":"\n<p>No in\u00edcio de 2025, o Brasil se prepara para mais uma edi\u00e7\u00e3o da Campanha Janeiro Branco, um movimento que h\u00e1 mais de uma d\u00e9cada convida a sociedade a refletir, dialogar e agir em prol do bem-estar emocional. Criada em 2014 pelo psic\u00f3logo e palestrante Leonardo Abrah\u00e3o, a campanha se consolidou como um marco no calend\u00e1rio brasileiro e, desde 2023, \u00e9 reconhecida oficialmente como Lei Federal (Lei 14.556\/23).<\/p>\n\n\n\n<p>Com o tema deste ano, \u201cO que fazer pela sa\u00fade mental agora e sempre?\u201d, \u00e9 uma campanha que busca engajar indiv\u00edduos, fam\u00edlias, empresas e institui\u00e7\u00f5es em a\u00e7\u00f5es concretas que promovam a valoriza\u00e7\u00e3o do estado de bem-estar vivido pelo indiv\u00edduo. Palestras, rodas de conversa, workshops, caminhadas, corridas e eventos culturais est\u00e3o programados em diversas cidades, reunindo profissionais da sa\u00fade mental e a popula\u00e7\u00e3o em geral.<\/p>\n\n\n\n<p>A psic\u00f3loga Rosemary Andriani tem sido uma figura central na promo\u00e7\u00e3o dessa campanha, utilizando sua experi\u00eancia e conhecimento para alertar a popula\u00e7\u00e3o sobre a import\u00e2ncia da sa\u00fade mental. \u201c\u00c9 essencial que todos n\u00f3s repensemos nossas vidas e cuidemos de nossos aspectos emocionais, especialmente em um pa\u00eds que enfrenta altas taxas de transtornos mentais\u201d, afirma. Ela destaca que o Janeiro Branco \u00e9 uma oportunidade para que as pessoas se sintam encorajadas a buscar ajuda e a dialogar sobre suas emo\u00e7\u00f5es.<\/p>\n\n\n\n<p>O m\u00eas de janeiro foi escolhido para simbolizar um novo ciclo, incentivando as pessoas a estabelecerem metas pessoais e a cuidarem de aspectos emocionais que, muitas vezes, s\u00e3o gerenciados. A cor branca, por sua vez, convida \u00e0 reflex\u00e3o sobre a vida como uma &#8216;tela em branco&#8217;, pronta para receber novas hist\u00f3rias e experi\u00eancias.<\/p>\n\n\n\n<p>Os dados sobre sa\u00fade mental no Brasil s\u00e3o alarmantes. O pa\u00eds apresenta maior preval\u00eancia de depress\u00e3o na Am\u00e9rica Latina e lidera o ranking mundial em transtornos de ansiedade, segundo a Organiza\u00e7\u00e3o Mundial da Sa\u00fade (OMS). Al\u00e9m disso, a taxa de suic\u00eddio entre jovens cresceu em m\u00e9dia 6% ao ano entre 2011 e 2022, um cen\u00e1rio que exige aten\u00e7\u00e3o e a\u00e7\u00e3o imediata.<\/p>\n\n\n\n<p>Cuidados com a sa\u00fade mental para aposentados e para quem trabalha<\/p>\n\n\n\n<p>Falar de sa\u00fade mental acarreta, logicamente, falar do assunto tamb\u00e9m no ambiente de trabalho. A S\u00edndrome de Burnout, em particular, \u00e9 um s\u00e9rio desafio, caracterizada por exaust\u00e3o emocional e despersonaliza\u00e7\u00e3o, afetando tanto a sa\u00fade mental dos indiv\u00edduos quanto o desempenho das empresas. Para se ter uma ideia, o Brasil \u00e9 o segundo pa\u00eds com mais casos diagnosticados no mundo, ficando atr\u00e1s apenas do Jap\u00e3o. A OMS divulgou que de 2019 a 2023 o seu crescimento foi de 136%, com mais de 420 afastamentos por conta da s\u00edndrome. \u201cPromover a sa\u00fade mental no ambiente corporativo \u00e9 um processo cont\u00ednuo e essencial para conscientizar sobre o cuidado da mente, qualidade de vida e produtividade\u201d, destaca Andriani.<\/p>\n\n\n\n<p>Com o apoio de profissionais especializados, as empresas podem implementar a\u00e7\u00f5es que priorizem o bem-estar emocional, reduzindo riscos psicossociais e promovendo um ambiente acolhedor.<\/p>\n\n\n\n<p>J\u00e1 para os que est\u00e3o para se aposentar ou concretizaram essa etapa, Rosemary destaca a import\u00e2ncia da aposentadoria consciente e eficaz. Inclusive, a psic\u00f3loga aborda o tema em seu livro \u201cAposentadoria Consciente e Saud\u00e1vel \u2013 Destravando A\u00e7\u00f5es Eficientes Para um Planejamento Eficaz\u201d, lan\u00e7ado no ano passado. \u201cA aposentadoria pode ser um per\u00edodo desafiador e, muitas vezes, as pessoas n\u00e3o est\u00e3o preparadas para lidar com as mudan\u00e7as que ela traz. Com uma fam\u00edlia em que todos j\u00e1 passaram ou est\u00e3o passando por essa transi\u00e7\u00e3o, percebi a necessidade de criar um recurso acess\u00edvel e acolhedor para ajudar nesse processo\u201d, enfatiza.<\/p>\n\n\n\n<p>Por conta disso, a profissional tem apresentado palestras para empresas e adultos 50+ em todo o Brasil<\/p>\n\n\n\n<p>Janeiro Branco em 2025<\/p>\n\n\n\n<p>Desde sua cria\u00e7\u00e3o, o Janeiro Branco j\u00e1 mobilizou milh\u00f5es de pessoas em todos os estados brasileiros e ganhou visibilidade internacional. Neste ano, espera-se ampliar ainda mais esse alcance, envolvendo a sociedade em iniciativas que promovam o bem-estar psicol\u00f3gico e a constru\u00e7\u00e3o de uma cultura de sa\u00fade mental nas rela\u00e7\u00f5es humanas.<\/p>\n\n\n\n<p>\u201c\u00c9 um convite a todos para que cuidem de sua sa\u00fade mental de forma cont\u00ednua e n\u00e3o apenas neste m\u00eas\u201d, conclui Rosemary Andriani, ressaltando que o Janeiro Branco \u00e9 uma oportunidade para todos refletirem sobre a import\u00e2ncia do cuidado emocional.<\/p>\n\n\n\n<p>Assim, janeiro torna-se n\u00e3o apenas um m\u00eas de conscientiza\u00e7\u00e3o, mas um verdadeiro chamado \u00e0 a\u00e7\u00e3o.<\/p>\n\n\n\n<p>Instagram: @rosemaryandriani<\/p>\n","protected":false},"excerpt":{"rendered":"<p>No in\u00edcio de 2025, o Brasil se prepara para mais uma edi\u00e7\u00e3o da Campanha Janeiro&#8230;<\/p>\n","protected":false},"author":1,"featured_media":21823,"comment_status":"open","ping_status":"open","sticky":false,"template":"","format":"standard","meta":{"footnotes":""},"categories":[9,43],"tags":[],"featured_image_urls":{"full":["https:\/\/novosaopaulo.com.br\/n1\/wp-content\/uploads\/2025\/01\/5e7bb0c0-8d59-4aaf-8ddf-f491fc35863d.jpg",552,366,false],"thumbnail":["https:\/\/novosaopaulo.com.br\/n1\/wp-content\/uploads\/2025\/01\/5e7bb0c0-8d59-4aaf-8ddf-f491fc35863d-150x150.jpg",150,150,true],"medium":["https:\/\/novosaopaulo.com.br\/n1\/wp-content\/uploads\/2025\/01\/5e7bb0c0-8d59-4aaf-8ddf-f491fc35863d-300x199.jpg",300,199,true],"medium_large":["https:\/\/novosaopaulo.com.br\/n1\/wp-content\/uploads\/2025\/01\/5e7bb0c0-8d59-4aaf-8ddf-f491fc35863d.jpg",552,366,false],"large":["https:\/\/novosaopaulo.com.br\/n1\/wp-content\/uploads\/2025\/01\/5e7bb0c0-8d59-4aaf-8ddf-f491fc35863d.jpg",552,366,false],"1536x1536":["https:\/\/novosaopaulo.com.br\/n1\/wp-content\/uploads\/2025\/01\/5e7bb0c0-8d59-4aaf-8ddf-f491fc35863d.jpg",552,366,false],"2048x2048":["https:\/\/novosaopaulo.com.br\/n1\/wp-content\/uploads\/2025\/01\/5e7bb0c0-8d59-4aaf-8ddf-f491fc35863d.jpg",552,366,false],"newsever-slider-full":["https:\/\/novosaopaulo.com.br\/n1\/wp-content\/uploads\/2025\/01\/5e7bb0c0-8d59-4aaf-8ddf-f491fc35863d.jpg",552,366,false],"newsever-featured":["https:\/\/novosaopaulo.com.br\/n1\/wp-content\/uploads\/2025\/01\/5e7bb0c0-8d59-4aaf-8ddf-f491fc35863d.jpg",552,366,false],"newsever-medium":["https:\/\/novosaopaulo.com.br\/n1\/wp-content\/uploads\/2025\/01\/5e7bb0c0-8d59-4aaf-8ddf-f491fc35863d.jpg",552,366,false]},"author_info":{"display_name":"Reda\u00e7\u00e3o","author_link":"https:\/\/novosaopaulo.com.br\/n1\/author\/g5poa\/"},"category_info":"<a href=\"https:\/\/novosaopaulo.com.br\/n1\/category\/geral\/\" rel=\"category tag\">Geral<\/a> <a href=\"https:\/\/novosaopaulo.com.br\/n1\/category\/saude\/\" rel=\"category tag\">Sa\u00fade<\/a>","tag_info":"Sa\u00fade","comment_count":"0","_links":{"self":[{"href":"https:\/\/novosaopaulo.com.br\/n1\/wp-json\/wp\/v2\/posts\/21822"}],"collection":[{"href":"https:\/\/novosaopaulo.com.br\/n1\/wp-json\/wp\/v2\/posts"}],"about":[{"href":"https:\/\/novosaopaulo.com.br\/n1\/wp-json\/wp\/v2\/types\/post"}],"author":[{"embeddable":true,"href":"https:\/\/novosaopaulo.com.br\/n1\/wp-json\/wp\/v2\/users\/1"}],"replies":[{"embeddable":true,"href":"https:\/\/novosaopaulo.com.br\/n1\/wp-json\/wp\/v2\/comments?post=21822"}],"version-history":[{"count":1,"href":"https:\/\/novosaopaulo.com.br\/n1\/wp-json\/wp\/v2\/posts\/21822\/revisions"}],"predecessor-version":[{"id":21824,"href":"https:\/\/novosaopaulo.com.br\/n1\/wp-json\/wp\/v2\/posts\/21822\/revisions\/21824"}],"wp:featuredmedia":[{"embeddable":true,"href":"https:\/\/novosaopaulo.com.br\/n1\/wp-json\/wp\/v2\/media\/21823"}],"wp:attachment":[{"href":"https:\/\/novosaopaulo.com.br\/n1\/wp-json\/wp\/v2\/media?parent=21822"}],"wp:term":[{"taxonomy":"category","embeddable":true,"href":"https:\/\/novosaopaulo.com.br\/n1\/wp-json\/wp\/v2\/categories?post=21822"},{"taxonomy":"post_tag","embeddable":true,"href":"https:\/\/novosaopaulo.com.br\/n1\/wp-json\/wp\/v2\/tags?post=21822"}],"curies":[{"name":"wp","href":"https:\/\/api.w.org\/{rel}","templated":true}]}}