{"id":21725,"date":"2024-12-30T18:32:24","date_gmt":"2024-12-30T21:32:24","guid":{"rendered":"https:\/\/novosaopaulo.com.br\/n1\/?p=21725"},"modified":"2024-12-30T18:32:25","modified_gmt":"2024-12-30T21:32:25","slug":"corte-de-despesas-levam-o-dolar-as-nuvens","status":"publish","type":"post","link":"https:\/\/novosaopaulo.com.br\/n1\/corte-de-despesas-levam-o-dolar-as-nuvens\/","title":{"rendered":"Corte de despesas levam o d\u00f3lar \u00e0s n\u00favens"},"content":{"rendered":"\n<p>Ao mesmo tempo que a C\u00e2mara dos Deputados aprova o primeiro projeto de corte de gastos governamentais e se prepara para outras medidas de austeridade antes de entrar no recesso de final de ano (o que ocorrer\u00e1 na sexta-feira, dia 20), o d\u00f3lar chega a R$ 6,20, um novo recorde de valoriza\u00e7\u00e3o que nem a pronta interven\u00e7\u00e3o do Banco Central foi capaz de controlar. O banco oficial colocou US$ 12,7 milh\u00f5es no mercado para conter a alta mas, mesmo assim, a moeda ainda \u00e9 vendida a mais de R$ 6,00.<br>Depois de passar v\u00e1rias semanas tentando montar uma tabela de cortes eficiente, o governo chegou a n\u00fameros que o mercado considera insuficientes e essa \u00e9 a grande causa da explos\u00e3o do c\u00e2mbio, e afugenta o investidor aponta para a crise. As cr\u00edticas do presidente Lula ao Banco Central, aos juros e aos indicadores t\u00eam servido s\u00f3 para volatilizar a atividade financeira. A \u00fanica l\u00f3gica compreendida pelo investidor \u00e9 o que vai acontecer com o seu dinheiro investido e, assim, pouco ou nada vale o governante esbravejar ou fazer promessas que n\u00e3o venham acompanhadas de medidas concretas.<br>O governo Lula \u00e9 tido como gastador. Tanto que roupeu com n\u00edveis de economia estabelecidos durante os mandatos de Michel Temer e Jair Boolsonaro e hoje \u00e9 pressionado a economizar para manter a solv\u00eancia econ\u00f4mica. Mas o presidente da C\u00e2mara, deputado Artur Lyra, disse ontem que n\u00e3o h\u00e1 como garantir a aprova\u00e7\u00e3o dos outros projhetos em tramita\u00e7\u00e3o, que falam sobre impostos, aposentadorias e sal\u00e1rios do funcionalismo p\u00fablico. A incerteza for\u00e7a para cima a cota\u00e7\u00e3o do d\u00f3lar e, com o aumento, ficam potencializadas a infla\u00e7\u00e3o e a alta dos juros.<br>Os ministros da Fazenda e do Planejamento\u2013 Fernando Haddad e Simone Tebet, t\u00eam uma grande tarefa colocada sobre suas costas. A id\u00e9ia \u00e9 que gerem medidas que d\u00eaem equil\u00edbrio \u00e0 pol\u00edtica econ\u00f4mica do governo. Mas correm o risco de serem atropelados por medidas populistas que o Presidente, bem so seu estilo, possa adotar, especialmente de tiver concretizada a sua vontade de \u2013 em 2026 \u2013 concorrer a um quarto mandato \u00e0 frente do Pa\u00eds.<br>Outra coisa que n\u00e3o se pode ignorar \u00e9 o momento delicado porque dever\u00e1 passar a politica econ\u00f4mica internacional nos pr\u00f3ximos meses. O presidente Donald Trump toma posse nos Estados Unidos e dever\u00e1 mudar o panorama de relacionamento econ\u00f4mico com o mundo, rompendo com o estilo democrata de Joe Biden. Um dos principais reflexos dever\u00e1 envolver Estados Unidos e China, justamente os dois maiores parceiros econ\u00f4micos do Brasil no mercado internacional. Na medida em que as tens\u00f5es apertarem entre as duas pot\u00eancias, os efeitos colaterais dever\u00e3o ser sentidos por todos os seus parceiros ao redor do planeja. Ser\u00e1 a hora em que o Brasil precisar\u00e1 estar preparado para tirar proveiro do quadro pois, se n\u00e3o o fizer, poder\u00e1 acabar sofrendo preju\u00edzos. Tamb\u00e9m n\u00e3o deve ser ignorada a barricada pol\u00edtica que a Europa monta em torno do acordo Mercosul-Comunidade Europ\u00e9ia. A Fran\u00e7a, advers\u00e1ria declarada do entendimento assinado m\u00eas passado em Montevideo[Uruguai), j\u00e1 recebeu ontem o apoio da It\u00e1lia e caso dois ou tr\u00eas outros pa\u00edses da comunidade europ\u00e9ia entrem na quest\u00e3o e formem 35% do bloco, a tend\u00eancia \u00e9 o neg\u00f3cio ser desfeito ou jogado dentro das gavetas de discuss\u00e3o, onde j\u00e1 se encontra h\u00e1 25 anos sem qualquer solu\u00e7\u00e3o.<br>S\u00e3o muitas as batatas quentes colocadas nas m\u00e3os do presidente Lula e dos seus ministros da \u00e1rea econ\u00f4mica. Mas hoje o principal problema est\u00e1 no excesso de gastos e em press\u00f5es de altos funcion\u00e1rios governamentais \u2013 especialmente os do Poder Judici\u00e1rio que abominam a id\u00e9ia de voltarem a receber sal\u00e1rios dentro do teto constitucional de R$ 44 mil ,mensais (o valor dos proventos dos ministros do Supremo Tribunal Federal).<br>Lula, Hadad e Tebet t\u00eam a obriga\u00e7\u00e3o de perseguir a solv\u00eancia e o equilibrio da economia brasileira. Se n\u00e3o o conseguirem, v\u00e3o impor dificuldades ao Pa\u00eds e \u00e0 popula\u00e7\u00e3o e ter\u00e3o problemas, at\u00e9, para eventualmente se apresentarem como candidatos nas pr\u00f3ximas ou futuras elei\u00e7\u00f5es. Pensem nisso..<\/p>\n\n\n\n<p>. Tenente Dirceu Cardoso Gon\u00e7alves &#8211; dirigente da ASPOMIL (Associa\u00e7\u00e3o de Assist. Social dos Policiais Militares de S\u00e3o Paulo).<\/p>\n","protected":false},"excerpt":{"rendered":"<p>Ao mesmo tempo que a C\u00e2mara dos Deputados aprova o primeiro projeto de corte de&#8230;<\/p>\n","protected":false},"author":1,"featured_media":16147,"comment_status":"open","ping_status":"open","sticky":false,"template":"","format":"standard","meta":{"footnotes":""},"categories":[9],"tags":[],"featured_image_urls":{"full":["https:\/\/novosaopaulo.com.br\/n1\/wp-content\/uploads\/2023\/12\/dirceu.jpg",225,225,false],"thumbnail":["https:\/\/novosaopaulo.com.br\/n1\/wp-content\/uploads\/2023\/12\/dirceu-150x150.jpg",150,150,true],"medium":["https:\/\/novosaopaulo.com.br\/n1\/wp-content\/uploads\/2023\/12\/dirceu.jpg",225,225,false],"medium_large":["https:\/\/novosaopaulo.com.br\/n1\/wp-content\/uploads\/2023\/12\/dirceu.jpg",225,225,false],"large":["https:\/\/novosaopaulo.com.br\/n1\/wp-content\/uploads\/2023\/12\/dirceu.jpg",225,225,false],"1536x1536":["https:\/\/novosaopaulo.com.br\/n1\/wp-content\/uploads\/2023\/12\/dirceu.jpg",225,225,false],"2048x2048":["https:\/\/novosaopaulo.com.br\/n1\/wp-content\/uploads\/2023\/12\/dirceu.jpg",225,225,false],"newsever-slider-full":["https:\/\/novosaopaulo.com.br\/n1\/wp-content\/uploads\/2023\/12\/dirceu.jpg",225,225,false],"newsever-featured":["https:\/\/novosaopaulo.com.br\/n1\/wp-content\/uploads\/2023\/12\/dirceu.jpg",225,225,false],"newsever-medium":["https:\/\/novosaopaulo.com.br\/n1\/wp-content\/uploads\/2023\/12\/dirceu.jpg",225,225,false]},"author_info":{"display_name":"Reda\u00e7\u00e3o","author_link":"https:\/\/novosaopaulo.com.br\/n1\/author\/g5poa\/"},"category_info":"<a href=\"https:\/\/novosaopaulo.com.br\/n1\/category\/geral\/\" rel=\"category tag\">Geral<\/a>","tag_info":"Geral","comment_count":"0","_links":{"self":[{"href":"https:\/\/novosaopaulo.com.br\/n1\/wp-json\/wp\/v2\/posts\/21725"}],"collection":[{"href":"https:\/\/novosaopaulo.com.br\/n1\/wp-json\/wp\/v2\/posts"}],"about":[{"href":"https:\/\/novosaopaulo.com.br\/n1\/wp-json\/wp\/v2\/types\/post"}],"author":[{"embeddable":true,"href":"https:\/\/novosaopaulo.com.br\/n1\/wp-json\/wp\/v2\/users\/1"}],"replies":[{"embeddable":true,"href":"https:\/\/novosaopaulo.com.br\/n1\/wp-json\/wp\/v2\/comments?post=21725"}],"version-history":[{"count":1,"href":"https:\/\/novosaopaulo.com.br\/n1\/wp-json\/wp\/v2\/posts\/21725\/revisions"}],"predecessor-version":[{"id":21726,"href":"https:\/\/novosaopaulo.com.br\/n1\/wp-json\/wp\/v2\/posts\/21725\/revisions\/21726"}],"wp:featuredmedia":[{"embeddable":true,"href":"https:\/\/novosaopaulo.com.br\/n1\/wp-json\/wp\/v2\/media\/16147"}],"wp:attachment":[{"href":"https:\/\/novosaopaulo.com.br\/n1\/wp-json\/wp\/v2\/media?parent=21725"}],"wp:term":[{"taxonomy":"category","embeddable":true,"href":"https:\/\/novosaopaulo.com.br\/n1\/wp-json\/wp\/v2\/categories?post=21725"},{"taxonomy":"post_tag","embeddable":true,"href":"https:\/\/novosaopaulo.com.br\/n1\/wp-json\/wp\/v2\/tags?post=21725"}],"curies":[{"name":"wp","href":"https:\/\/api.w.org\/{rel}","templated":true}]}}