{"id":21710,"date":"2024-12-27T18:13:58","date_gmt":"2024-12-27T21:13:58","guid":{"rendered":"https:\/\/novosaopaulo.com.br\/n1\/?p=21710"},"modified":"2024-12-27T18:13:58","modified_gmt":"2024-12-27T21:13:58","slug":"saulo-souza-tomara-posse-como-prefeito-de-poa-em-cerimonia-na-praca-de-eventos","status":"publish","type":"post","link":"https:\/\/novosaopaulo.com.br\/n1\/saulo-souza-tomara-posse-como-prefeito-de-poa-em-cerimonia-na-praca-de-eventos\/","title":{"rendered":"Saulo Souza tomar\u00e1 posse como prefeito de Po\u00e1 em cerim\u00f4nia na Pra\u00e7a de Eventos"},"content":{"rendered":"\n<p>Sess\u00e3o tamb\u00e9m empossar\u00e1 o vice-prefeito Delegado Eliardo e os 13 vereadores eleitos<\/p>\n\n\n\n<p>O prefeito eleito de Po\u00e1, Saulo Souza (PP), tomar\u00e1 posse na pr\u00f3xima quarta-feira (01\/01), em solenidade organizada pela C\u00e2mara Municipal que acontecer\u00e1 na Pra\u00e7a de Eventos \u201cLuc\u00edlia Gomes Felippe\u201d, localizada na regi\u00e3o central. Al\u00e9m do progressista, tamb\u00e9m ser\u00e3o empossados o vice-prefeito Delegado Eliardo (PP) e os 13 vereadores eleitos que comp\u00f5em a 19\u00aa Legislatura.<br>A solenidade, que ser\u00e1 iniciada \u00e0s 9h30, \u00e9 aberta ao p\u00fablico e contar\u00e1 com familiares, apoiadores, presidentes de partidos e deputados da regi\u00e3o. \u201cVamos come\u00e7ar um novo ciclo, que \u00e9 o da gest\u00e3o, com novos desafios, com o cora\u00e7\u00e3o cheio de esperan\u00e7as em dias melhores para Po\u00e1 e prontos para, a partir da posse, trabalhar com toda dedica\u00e7\u00e3o para transformar a cidade e promover a mudan\u00e7a que nosso munic\u00edpio preciso e a popula\u00e7\u00e3o merece\u201d, detalhou Saulo Souza.<br>Dessa vez a solenidade de posse do prefeito, vice-prefeito e vereadores n\u00e3o ser\u00e1 realizada na C\u00e2mara. O local escolhido foi a Pra\u00e7a de Eventos, que est\u00e1 sendo especialmente preparada para receber a sess\u00e3o de instala\u00e7\u00e3o da pr\u00f3xima legislatura. Na ocasi\u00e3o tamb\u00e9m ser\u00e1 feito o juramento de todos os empossados. Est\u00e1 prevista ainda a apresenta\u00e7\u00e3o dos novos secret\u00e1rios municipais.<br>Ap\u00f3s a cerim\u00f4nia, o prefeito seguir\u00e1 para o Pa\u00e7o Municipal, onde ser\u00e1 realizada a transmiss\u00e3o cargo.<\/p>\n\n\n\n<p>AVISO DE PAUTA<br>Convite: Sess\u00e3o de posse prefeito, vice-prefeito e vereadores<br>O prefeito eleito de Po\u00e1, Saulo Souza (PP), convida os ve\u00edculos de comunica\u00e7\u00e3o para a sess\u00e3o de instala\u00e7\u00e3o da 19\u00aa Legislatura.<br>A cerim\u00f4nia acontecer\u00e1 na pr\u00f3xima quarta-feira (01\/01\/25), na Pra\u00e7a de Eventos, a partir das 9h30.<br>Na ocasi\u00e3o, Saulo Souza receber\u00e1 a Imprensa para uma entrevista coletiva.<br>Contamos com sua participa\u00e7\u00e3o para a cobertura deste importante momento para Po\u00e1.<\/p>\n\n\n\n<p>Servi\u00e7o<br>Evento: Posse prefeito, vice-prefeito e vereadores<br>Local: Pra\u00e7a de Eventos Luc\u00edlia Gomes Felippe \u2013 avenida Ant\u00f4nio Massa, 150 &#8211; centro de Po\u00e1<br>Hor\u00e1rio: 9h30<br>Por favor, confirmar presen\u00e7a at\u00e9 segunda-feira (30\/12).<\/p>\n","protected":false},"excerpt":{"rendered":"<p>Sess\u00e3o tamb\u00e9m empossar\u00e1 o vice-prefeito Delegado Eliardo e os 13 vereadores eleitos O prefeito eleito&#8230;<\/p>\n","protected":false},"author":1,"featured_media":21711,"comment_status":"open","ping_status":"open","sticky":false,"template":"","format":"standard","meta":{"footnotes":""},"categories":[8],"tags":[],"featured_image_urls":{"full":["https:\/\/novosaopaulo.com.br\/n1\/wp-content\/uploads\/2024\/12\/WhatsApp-Image-2024-12-27-at-17.30.41.jpeg",512,640,false],"thumbnail":["https:\/\/novosaopaulo.com.br\/n1\/wp-content\/uploads\/2024\/12\/WhatsApp-Image-2024-12-27-at-17.30.41-150x150.jpeg",150,150,true],"medium":["https:\/\/novosaopaulo.com.br\/n1\/wp-content\/uploads\/2024\/12\/WhatsApp-Image-2024-12-27-at-17.30.41-240x300.jpeg",240,300,true],"medium_large":["https:\/\/novosaopaulo.com.br\/n1\/wp-content\/uploads\/2024\/12\/WhatsApp-Image-2024-12-27-at-17.30.41.jpeg",512,640,false],"large":["https:\/\/novosaopaulo.com.br\/n1\/wp-content\/uploads\/2024\/12\/WhatsApp-Image-2024-12-27-at-17.30.41.jpeg",512,640,false],"1536x1536":["https:\/\/novosaopaulo.com.br\/n1\/wp-content\/uploads\/2024\/12\/WhatsApp-Image-2024-12-27-at-17.30.41.jpeg",512,640,false],"2048x2048":["https:\/\/novosaopaulo.com.br\/n1\/wp-content\/uploads\/2024\/12\/WhatsApp-Image-2024-12-27-at-17.30.41.jpeg",512,640,false],"newsever-slider-full":["https:\/\/novosaopaulo.com.br\/n1\/wp-content\/uploads\/2024\/12\/WhatsApp-Image-2024-12-27-at-17.30.41.jpeg",512,640,false],"newsever-featured":["https:\/\/novosaopaulo.com.br\/n1\/wp-content\/uploads\/2024\/12\/WhatsApp-Image-2024-12-27-at-17.30.41.jpeg",512,640,false],"newsever-medium":["https:\/\/novosaopaulo.com.br\/n1\/wp-content\/uploads\/2024\/12\/WhatsApp-Image-2024-12-27-at-17.30.41-512x475.jpeg",512,475,true]},"author_info":{"display_name":"Reda\u00e7\u00e3o","author_link":"https:\/\/novosaopaulo.com.br\/n1\/author\/g5poa\/"},"category_info":"<a href=\"https:\/\/novosaopaulo.com.br\/n1\/category\/poa\/\" rel=\"category tag\">Po\u00e1<\/a>","tag_info":"Po\u00e1","comment_count":"0","_links":{"self":[{"href":"https:\/\/novosaopaulo.com.br\/n1\/wp-json\/wp\/v2\/posts\/21710"}],"collection":[{"href":"https:\/\/novosaopaulo.com.br\/n1\/wp-json\/wp\/v2\/posts"}],"about":[{"href":"https:\/\/novosaopaulo.com.br\/n1\/wp-json\/wp\/v2\/types\/post"}],"author":[{"embeddable":true,"href":"https:\/\/novosaopaulo.com.br\/n1\/wp-json\/wp\/v2\/users\/1"}],"replies":[{"embeddable":true,"href":"https:\/\/novosaopaulo.com.br\/n1\/wp-json\/wp\/v2\/comments?post=21710"}],"version-history":[{"count":1,"href":"https:\/\/novosaopaulo.com.br\/n1\/wp-json\/wp\/v2\/posts\/21710\/revisions"}],"predecessor-version":[{"id":21712,"href":"https:\/\/novosaopaulo.com.br\/n1\/wp-json\/wp\/v2\/posts\/21710\/revisions\/21712"}],"wp:featuredmedia":[{"embeddable":true,"href":"https:\/\/novosaopaulo.com.br\/n1\/wp-json\/wp\/v2\/media\/21711"}],"wp:attachment":[{"href":"https:\/\/novosaopaulo.com.br\/n1\/wp-json\/wp\/v2\/media?parent=21710"}],"wp:term":[{"taxonomy":"category","embeddable":true,"href":"https:\/\/novosaopaulo.com.br\/n1\/wp-json\/wp\/v2\/categories?post=21710"},{"taxonomy":"post_tag","embeddable":true,"href":"https:\/\/novosaopaulo.com.br\/n1\/wp-json\/wp\/v2\/tags?post=21710"}],"curies":[{"name":"wp","href":"https:\/\/api.w.org\/{rel}","templated":true}]}}