{"id":21089,"date":"2024-11-18T19:39:02","date_gmt":"2024-11-18T22:39:02","guid":{"rendered":"https:\/\/novosaopaulo.com.br\/n1\/?p=21089"},"modified":"2024-11-18T19:39:59","modified_gmt":"2024-11-18T22:39:59","slug":"periodo-de-rematricula-escolar-alerta-para-regularizacao-da-inadimplencia-de-pais-ou-responsaveis","status":"publish","type":"post","link":"https:\/\/novosaopaulo.com.br\/n1\/periodo-de-rematricula-escolar-alerta-para-regularizacao-da-inadimplencia-de-pais-ou-responsaveis\/","title":{"rendered":"Per\u00edodo de rematr\u00edcula escolar alerta para regulariza\u00e7\u00e3o da Inadimpl\u00eancia de pais ou respons\u00e1veis"},"content":{"rendered":"\n<p>Segundo a advogada Thais Mesquita, legisla\u00e7\u00e3o brasileira autoriza que institui\u00e7\u00f5es n\u00e3o renove matr\u00edcula de alunos, por\u00e9m pro\u00edbe reten\u00e7\u00e3o de documenta\u00e7\u00e3o de estudantes<\/p>\n\n\n\n<p>A proximidade do encerramento do calend\u00e1rio escolar sinaliza tanto as institui\u00e7\u00f5es de ensino, quanto aos pais e respons\u00e1veis de alunos, para uma averigua\u00e7\u00e3o aos poss\u00edveis d\u00e9bitos de matr\u00edculas, com objetivo de evitar problemas no ato da rematr\u00edcula. De acordo com dados divulgados pela Linx Sponte, a taxa de inadimpl\u00eancia na educa\u00e7\u00e3o privada atingiu recorde em 2023, deixando os 17,57%, em 2019 para 22,63%, no ano passado.<\/p>\n\n\n\n<p>Para a advogada Thais Mesquita, a \u00e9poca de rematr\u00edcula escolar \u00e9 um per\u00edodo de grande desafio para institui\u00e7\u00f5es de ensino, bem como para os pais e respons\u00e1veis, sendo comum o surgimento de d\u00favidas. Ela destaca que um dos questionamentos mais comuns diz respeito a possibilidade ou n\u00e3o de a institui\u00e7\u00e3o de ensino negar-se a rematr\u00edcula aluno inadimplente.<\/p>\n\n\n\n<p>\u201cAnalisando a legisla\u00e7\u00e3o em vigor temos que a institui\u00e7\u00e3o de ensino n\u00e3o \u00e9 obrigada a renovar a rematr\u00edcula de um aluno inadimplente, no entanto, lhes \u00e9 vedada a reten\u00e7\u00e3o de documentos necess\u00e1rios ao ingresso deste em outra institui\u00e7\u00e3o de ensino\u201d, frisa a especialista. \u201cCaso isso ocorra, trata-se de ato ilegal, pass\u00edvel de acionamento judicial da institui\u00e7\u00e3o de ensino, com vistas a resguardar os direitos do estudante e reparo pelos danos sofridos\u201d, complementa a advogada.<\/p>\n\n\n\n<p>A legisla\u00e7\u00e3o estabelece que uma escola n\u00e3o pode impedir que um aluno, cuja situa\u00e7\u00e3o se encaixa como inadimplente, deixe de frequentar a sala de aula e os demais ambientes escolares durante o semestre ou ano letivo. Os atrasos no pagamento, n\u00e3o impedem que crian\u00e7as e adolescentes matriculados tenham direito a participar de todas as atividades pedag\u00f3gicas, incluindo as provas, e ainda t\u00eam acesso autorizado ao diploma de conclus\u00e3o dos estudos, se for um aluno concluinte.<\/p>\n\n\n\n<p>Segundo a advogada, outra d\u00favida corriqueira diz respeito a taxa de rematr\u00edcula, que pode ser cobrada desde que abatida posteriormente do valor da semestralidade ou anualidade, vez que a legisla\u00e7\u00e3o determina que o montante total a ser pago n\u00e3o pode ultrapassar o valor da anualidade ou da semestralidade, conforme o caso.<\/p>\n\n\n\n<p>\u201cTanto pais e respons\u00e1veis, quanto institui\u00e7\u00f5es devem estar atentos \u00e0s regras e obriga\u00e7\u00f5es legais, de modo a garantir um processo de matr\u00edcula tranquilo e dentro dos par\u00e2metros estabelecidos pela legisla\u00e7\u00e3o educacional\u201d, explica. \u201cEm caso de d\u00favidas ou viola\u00e7\u00f5es desses direitos, \u00e9 sempre recomend\u00e1vel buscar orienta\u00e7\u00e3o jur\u00eddica para assegurar o cumprimento das normas e a prote\u00e7\u00e3o dos direitos dos alunos\u201d, finaliza.<\/p>\n","protected":false},"excerpt":{"rendered":"<p>Segundo a advogada Thais Mesquita, legisla\u00e7\u00e3o brasileira autoriza que institui\u00e7\u00f5es n\u00e3o renove matr\u00edcula de alunos,&#8230;<\/p>\n","protected":false},"author":1,"featured_media":21090,"comment_status":"open","ping_status":"open","sticky":false,"template":"","format":"standard","meta":{"footnotes":""},"categories":[38],"tags":[],"featured_image_urls":{"full":["https:\/\/novosaopaulo.com.br\/n1\/wp-content\/uploads\/2024\/11\/WhatsApp-Image-2024-11-18-at-19.24.43.jpeg",1066,1600,false],"thumbnail":["https:\/\/novosaopaulo.com.br\/n1\/wp-content\/uploads\/2024\/11\/WhatsApp-Image-2024-11-18-at-19.24.43-150x150.jpeg",150,150,true],"medium":["https:\/\/novosaopaulo.com.br\/n1\/wp-content\/uploads\/2024\/11\/WhatsApp-Image-2024-11-18-at-19.24.43-200x300.jpeg",200,300,true],"medium_large":["https:\/\/novosaopaulo.com.br\/n1\/wp-content\/uploads\/2024\/11\/WhatsApp-Image-2024-11-18-at-19.24.43-768x1153.jpeg",640,961,true],"large":["https:\/\/novosaopaulo.com.br\/n1\/wp-content\/uploads\/2024\/11\/WhatsApp-Image-2024-11-18-at-19.24.43-682x1024.jpeg",640,961,true],"1536x1536":["https:\/\/novosaopaulo.com.br\/n1\/wp-content\/uploads\/2024\/11\/WhatsApp-Image-2024-11-18-at-19.24.43-1023x1536.jpeg",1023,1536,true],"2048x2048":["https:\/\/novosaopaulo.com.br\/n1\/wp-content\/uploads\/2024\/11\/WhatsApp-Image-2024-11-18-at-19.24.43.jpeg",1066,1600,false],"newsever-slider-full":["https:\/\/novosaopaulo.com.br\/n1\/wp-content\/uploads\/2024\/11\/WhatsApp-Image-2024-11-18-at-19.24.43-1066x845.jpeg",1066,845,true],"newsever-featured":["https:\/\/novosaopaulo.com.br\/n1\/wp-content\/uploads\/2024\/11\/WhatsApp-Image-2024-11-18-at-19.24.43-1024x1537.jpeg",1024,1537,true],"newsever-medium":["https:\/\/novosaopaulo.com.br\/n1\/wp-content\/uploads\/2024\/11\/WhatsApp-Image-2024-11-18-at-19.24.43-720x475.jpeg",720,475,true]},"author_info":{"display_name":"Reda\u00e7\u00e3o","author_link":"https:\/\/novosaopaulo.com.br\/n1\/author\/g5poa\/"},"category_info":"<a href=\"https:\/\/novosaopaulo.com.br\/n1\/category\/joao-costa\/\" rel=\"category tag\">Jo\u00e3o Costa<\/a>","tag_info":"Jo\u00e3o Costa","comment_count":"0","_links":{"self":[{"href":"https:\/\/novosaopaulo.com.br\/n1\/wp-json\/wp\/v2\/posts\/21089"}],"collection":[{"href":"https:\/\/novosaopaulo.com.br\/n1\/wp-json\/wp\/v2\/posts"}],"about":[{"href":"https:\/\/novosaopaulo.com.br\/n1\/wp-json\/wp\/v2\/types\/post"}],"author":[{"embeddable":true,"href":"https:\/\/novosaopaulo.com.br\/n1\/wp-json\/wp\/v2\/users\/1"}],"replies":[{"embeddable":true,"href":"https:\/\/novosaopaulo.com.br\/n1\/wp-json\/wp\/v2\/comments?post=21089"}],"version-history":[{"count":1,"href":"https:\/\/novosaopaulo.com.br\/n1\/wp-json\/wp\/v2\/posts\/21089\/revisions"}],"predecessor-version":[{"id":21091,"href":"https:\/\/novosaopaulo.com.br\/n1\/wp-json\/wp\/v2\/posts\/21089\/revisions\/21091"}],"wp:featuredmedia":[{"embeddable":true,"href":"https:\/\/novosaopaulo.com.br\/n1\/wp-json\/wp\/v2\/media\/21090"}],"wp:attachment":[{"href":"https:\/\/novosaopaulo.com.br\/n1\/wp-json\/wp\/v2\/media?parent=21089"}],"wp:term":[{"taxonomy":"category","embeddable":true,"href":"https:\/\/novosaopaulo.com.br\/n1\/wp-json\/wp\/v2\/categories?post=21089"},{"taxonomy":"post_tag","embeddable":true,"href":"https:\/\/novosaopaulo.com.br\/n1\/wp-json\/wp\/v2\/tags?post=21089"}],"curies":[{"name":"wp","href":"https:\/\/api.w.org\/{rel}","templated":true}]}}