{"id":21050,"date":"2024-11-13T16:29:39","date_gmt":"2024-11-13T19:29:39","guid":{"rendered":"https:\/\/novosaopaulo.com.br\/n1\/?p=21050"},"modified":"2024-11-13T16:29:40","modified_gmt":"2024-11-13T19:29:40","slug":"meio-ambiente-realiza-oficina-do-vaso-para-o-prato","status":"publish","type":"post","link":"https:\/\/novosaopaulo.com.br\/n1\/meio-ambiente-realiza-oficina-do-vaso-para-o-prato\/","title":{"rendered":"Meio Ambiente realiza Oficina \u201cDo Vaso para o Prato\u201d"},"content":{"rendered":"\n<p>Centro de Educa\u00e7\u00e3o Ambiental incentivou o cultivo de hortali\u00e7as e temperos naturais junto \u00e0 comunidade da Vila Ja\u00fa<\/p>\n\n\n\n<p>A Secretaria de Meio Ambiente, por meio do Centro de Educa\u00e7\u00e3o Ambiental, realizou nesta ter\u00e7a-feira (12), no Cras Vila Ja\u00fa, uma oficina de cultivo de hortali\u00e7as e temperos naturais junto \u00e0 comunidade. O objetivo da atividade \u201cDo Vaso para o Prato\u201d foi ensinar a popula\u00e7\u00e3o do bairro a plantar e consumir alimentos saud\u00e1veis, cultivados em casa.<\/p>\n\n\n\n<p>Na ocasi\u00e3o, os participantes receberam uma muda de tempero natural (manjeric\u00e3o, agri\u00e3o, alecrim, boldo-do-chile, capim-santo, erva-cidreira, erva-doce, hortel\u00e3, or\u00e9gano, pimenta dedo-de-mo\u00e7a e cebolinha) e plantaram nos vasos sustent\u00e1veis confeccionados com garrafa pet.<\/p>\n\n\n\n<p>\u201cA praticidade de ter verduras e temperos frescos a qualquer hora \u00e9 o que tem motivado as pessoas a ter hortas em casa. A falta de espa\u00e7o n\u00e3o \u00e9 mais problema para quem quer produzir suas pr\u00f3prias hortali\u00e7as\u201d, explicou o secret\u00e1rio de Meio Ambiente, Thiago Cavaletti.<\/p>\n\n\n\n<p>Segundo ele, o sol \u00e9 um fator determinante para o sucesso da horta. \u201cEm primeiro lugar, \u00e9 necess\u00e1rio ter, no m\u00ednimo, duas horas de sol pleno todos os dias. Caso as pessoas n\u00e3o tenham espa\u00e7o f\u00edsico (quintal), o plantio pode ser feito em jardineiras, vasinhos, garrafas pets ou cano de PVC, que s\u00e3o \u00f3timas op\u00e7\u00f5es para as mudas\u201d, completou.<\/p>\n\n\n\n<p>Dicas<\/p>\n\n\n\n<p>Algumas dicas importantes para ter sucesso nas hortas dom\u00e9sticas: colocar as mudas em local que tenha sol, regar uma vez por dia, preparar os vasos com pedras, areia, terra adubada (com esterco bovino ou compostagem) e, n\u00e3o menos importante, controlar as pragas, com o uso de inseticidas caseiros (calda de fumo, \u00f3leo de nim e calda de \u00f3leo vegetal).<\/p>\n\n\n\n<p>A proposta das oficinas \u00e9 capacitar as pessoas e incentiv\u00e1-las a ter uma alimenta\u00e7\u00e3o regrada e saud\u00e1vel e tamb\u00e9m ajudando-as a enfrentar as crises. \u201cPara isso, a Educa\u00e7\u00e3o Ambiental vem, em um processo de aprendizagem permanente, permitindo que a compreens\u00e3o coletiva da natureza contribua nas mudan\u00e7as necess\u00e1rias para enfrentar as crises que amea\u00e7am o futuro do Planeta\u201d.<\/p>\n\n\n\n<p>\u201cO Centro de Educa\u00e7\u00e3o Ambiental tem a fun\u00e7\u00e3o de realizar a\u00e7\u00f5es que visam \u00e0 constru\u00e7\u00e3o de uma sociedade ecologicamente respons\u00e1vel, economicamente vi\u00e1vel, culturalmente diversa, politicamente atual e socialmente justa\u201d, definiu o secret\u00e1rio.<\/p>\n\n\n\n<figure class=\"wp-block-gallery has-nested-images columns-default is-cropped wp-block-gallery-1 is-layout-flex wp-block-gallery-is-layout-flex\">\n<figure class=\"wp-block-image size-large\"><img fetchpriority=\"high\" decoding=\"async\" width=\"360\" height=\"480\" data-id=\"21053\" src=\"https:\/\/novosaopaulo.com.br\/n1\/wp-content\/uploads\/2024\/11\/WhatsApp-Image-2024-11-13-at-15.54.37-1.jpeg\" alt=\"\" class=\"wp-image-21053\" srcset=\"https:\/\/novosaopaulo.com.br\/n1\/wp-content\/uploads\/2024\/11\/WhatsApp-Image-2024-11-13-at-15.54.37-1.jpeg 360w, https:\/\/novosaopaulo.com.br\/n1\/wp-content\/uploads\/2024\/11\/WhatsApp-Image-2024-11-13-at-15.54.37-1-225x300.jpeg 225w\" sizes=\"(max-width: 360px) 100vw, 360px\" \/><\/figure>\n\n\n\n<figure class=\"wp-block-image size-large\"><img decoding=\"async\" width=\"214\" height=\"300\" data-id=\"21052\" src=\"https:\/\/novosaopaulo.com.br\/n1\/wp-content\/uploads\/2024\/11\/WhatsApp-Image-2024-11-13-at-15.54.38.jpeg\" alt=\"\" class=\"wp-image-21052\"\/><\/figure>\n<\/figure>\n","protected":false},"excerpt":{"rendered":"<p>Centro de Educa\u00e7\u00e3o Ambiental incentivou o cultivo de hortali\u00e7as e temperos naturais junto \u00e0 comunidade&#8230;<\/p>\n","protected":false},"author":1,"featured_media":21051,"comment_status":"open","ping_status":"open","sticky":false,"template":"","format":"standard","meta":{"footnotes":""},"categories":[2],"tags":[],"featured_image_urls":{"full":["https:\/\/novosaopaulo.com.br\/n1\/wp-content\/uploads\/2024\/11\/WhatsApp-Image-2024-11-13-at-15.54.37.jpeg",480,360,false],"thumbnail":["https:\/\/novosaopaulo.com.br\/n1\/wp-content\/uploads\/2024\/11\/WhatsApp-Image-2024-11-13-at-15.54.37-150x150.jpeg",150,150,true],"medium":["https:\/\/novosaopaulo.com.br\/n1\/wp-content\/uploads\/2024\/11\/WhatsApp-Image-2024-11-13-at-15.54.37-300x225.jpeg",300,225,true],"medium_large":["https:\/\/novosaopaulo.com.br\/n1\/wp-content\/uploads\/2024\/11\/WhatsApp-Image-2024-11-13-at-15.54.37.jpeg",480,360,false],"large":["https:\/\/novosaopaulo.com.br\/n1\/wp-content\/uploads\/2024\/11\/WhatsApp-Image-2024-11-13-at-15.54.37.jpeg",480,360,false],"1536x1536":["https:\/\/novosaopaulo.com.br\/n1\/wp-content\/uploads\/2024\/11\/WhatsApp-Image-2024-11-13-at-15.54.37.jpeg",480,360,false],"2048x2048":["https:\/\/novosaopaulo.com.br\/n1\/wp-content\/uploads\/2024\/11\/WhatsApp-Image-2024-11-13-at-15.54.37.jpeg",480,360,false],"newsever-slider-full":["https:\/\/novosaopaulo.com.br\/n1\/wp-content\/uploads\/2024\/11\/WhatsApp-Image-2024-11-13-at-15.54.37.jpeg",480,360,false],"newsever-featured":["https:\/\/novosaopaulo.com.br\/n1\/wp-content\/uploads\/2024\/11\/WhatsApp-Image-2024-11-13-at-15.54.37.jpeg",480,360,false],"newsever-medium":["https:\/\/novosaopaulo.com.br\/n1\/wp-content\/uploads\/2024\/11\/WhatsApp-Image-2024-11-13-at-15.54.37.jpeg",480,360,false]},"author_info":{"display_name":"Reda\u00e7\u00e3o","author_link":"https:\/\/novosaopaulo.com.br\/n1\/author\/g5poa\/"},"category_info":"<a href=\"https:\/\/novosaopaulo.com.br\/n1\/category\/cidades\/\" rel=\"category tag\">Cidades<\/a>","tag_info":"Cidades","comment_count":"0","_links":{"self":[{"href":"https:\/\/novosaopaulo.com.br\/n1\/wp-json\/wp\/v2\/posts\/21050"}],"collection":[{"href":"https:\/\/novosaopaulo.com.br\/n1\/wp-json\/wp\/v2\/posts"}],"about":[{"href":"https:\/\/novosaopaulo.com.br\/n1\/wp-json\/wp\/v2\/types\/post"}],"author":[{"embeddable":true,"href":"https:\/\/novosaopaulo.com.br\/n1\/wp-json\/wp\/v2\/users\/1"}],"replies":[{"embeddable":true,"href":"https:\/\/novosaopaulo.com.br\/n1\/wp-json\/wp\/v2\/comments?post=21050"}],"version-history":[{"count":1,"href":"https:\/\/novosaopaulo.com.br\/n1\/wp-json\/wp\/v2\/posts\/21050\/revisions"}],"predecessor-version":[{"id":21054,"href":"https:\/\/novosaopaulo.com.br\/n1\/wp-json\/wp\/v2\/posts\/21050\/revisions\/21054"}],"wp:featuredmedia":[{"embeddable":true,"href":"https:\/\/novosaopaulo.com.br\/n1\/wp-json\/wp\/v2\/media\/21051"}],"wp:attachment":[{"href":"https:\/\/novosaopaulo.com.br\/n1\/wp-json\/wp\/v2\/media?parent=21050"}],"wp:term":[{"taxonomy":"category","embeddable":true,"href":"https:\/\/novosaopaulo.com.br\/n1\/wp-json\/wp\/v2\/categories?post=21050"},{"taxonomy":"post_tag","embeddable":true,"href":"https:\/\/novosaopaulo.com.br\/n1\/wp-json\/wp\/v2\/tags?post=21050"}],"curies":[{"name":"wp","href":"https:\/\/api.w.org\/{rel}","templated":true}]}}